{"id":658961,"date":"2026-01-12T18:55:15","date_gmt":"2026-01-12T18:55:15","guid":{"rendered":"https:\/\/www.europesays.com\/fr\/658961\/"},"modified":"2026-01-12T18:55:15","modified_gmt":"2026-01-12T18:55:15","slug":"paris-horaires-parcours-tout-savoir-sur-la-premiere-course-de-10-kilometres-dans-les-rues-de-montmartre","status":"publish","type":"post","link":"https:\/\/www.europesays.com\/fr\/658961\/","title":{"rendered":"Paris. Horaires, parcours&#8230; Tout savoir sur la premi\u00e8re course de 10 kilom\u00e8tres dans les rues de Montmartre"},"content":{"rendered":"<p>                    Par<br \/>\n        <strong><br \/>\n            <a href=\"https:\/\/actu.fr\/auteur\/antoine-grotteria02\" title=\"Consulter tous les articles de Antoine Grotteria\" target=\"_blank\" rel=\"noopener\">Antoine Grotteria<\/a><br \/>\n                    <\/strong><\/p>\n<p>        Publi\u00e9 le<\/p>\n<p>            12 janv. 2026 \u00e0 17h42        <\/p>\n<p>Longtemps boud\u00e9 par les organisateurs de grands \u00e9v\u00e9nements, <a href=\"https:\/\/actu.fr\/tag\/montmartre\" target=\"_blank\" rel=\"noopener\">Montmartre<\/a> fait figure de <strong>nouvelle attraction du sport<\/strong>, notamment pour les amateurs de <a href=\"https:\/\/actu.fr\/ile-de-france\/paris_75056\/la-butte-montmartre-le-coeur-sacre-des-amoureux-du-trail-cerne-de-beton-a-paris_63052977.html\" target=\"_blank\" rel=\"noopener\">trail<\/a>. Les <a href=\"https:\/\/actu.fr\/tag\/jo-paris-2024\" target=\"_blank\" rel=\"noopener\">Jeux olympiques de Paris<\/a> en 2024, marqu\u00e9s par les images saisissantes de la foule r\u00e9unie au pied du Sacr\u00e9-C\u0153ur, ont imprim\u00e9 les r\u00e9tines. Un an plus tard, en juillet\u00a02025, le <a href=\"https:\/\/actu.fr\/ile-de-france\/paris_75056\/tour-de-france-2025-a-paris-les-folles-images-du-passage-des-cyclistes-rue-lepic-a-montmartre_62963160.html\" target=\"_blank\" rel=\"noopener\">Tour de France<\/a> a pos\u00e9 son empreinte <a href=\"https:\/\/actu.fr\/ile-de-france\/paris_75056\/tour-de-france-2025-un-cycliste-amateur-enflamme-montmartre-en-grimpant-la-rue-lepic-plus-de-50-fois_62962996.html\" target=\"_blank\" rel=\"noopener\">rue Lepic<\/a>, dans le 18e arrondissement. C\u2019est d\u00e9sormais autour de la course \u00e0 pied de s\u2019offrir une exp\u00e9rience in\u00e9dite. Ce dimanche 18\u00a0janvier 2026, plusieurs milliers de coureurs vont participer au premier trac\u00e9 du <strong>10 kilom\u00e8tres Montmartre AG2R La Mondiale<\/strong>.<\/p>\n<p>Des points de vue sublimes<\/p>\n<p class=\" wall-content\">Signe de l\u2019int\u00e9r\u00eat port\u00e9 \u00e0 cette course, la jauge a rapidement \u00e9t\u00e9 <strong>remplie<\/strong>. Chacun pourra affronter le relief escarp\u00e9 de Montmartre. Le d\u00e9part sera donn\u00e9 <strong>rue Ordener<\/strong>. Puis les athl\u00e8tes se dirigeront vers le <strong>boulevard Ornano<\/strong>, avant de revenir vers le boulevard <a href=\"https:\/\/actu.fr\/ile-de-france\/paris_75056\/paris-un-homme-entre-la-vie-et-la-mort-apres-avoir-ete-poignarde-lors-d-une-rixe-a-barbes_61851519.html\" target=\"_blank\" rel=\"noopener\">Barb\u00e8s<\/a>, \u00e0 mi-chemin. La mont\u00e9e vers le Sacr\u00e9-C\u0153ur vaudra le regard. Puis les coureurs descendront une partie de la rue Lepic et la rue Coulaincourt. La ligne d\u2019arriv\u00e9e sera fix\u00e9e \u00e0 c\u00f4t\u00e9 de la mairie du 18e arrondissement.<\/p>\n<p class=\" wall-content\"><a href=\"https:\/\/www.instagram.com\/p\/DTNoJYdAD33\/embed\" title=\"Ouvrir le lien sur Instagram\" target=\"_blank\" rel=\"noopener\">Visualiser le contenu sur Instagram<\/a><\/p>\n<p class=\" wall-content\"><a href=\"https:\/\/www.instagram.com\/p\/DSc9_KvgMnN\/embed\" title=\"Ouvrir le lien sur Instagram\" target=\"_blank\" rel=\"noopener\">Visualiser le contenu sur Instagram<\/a><\/p>\n<p class=\" wall-content\">La course est ouverte \u00e0 tous les coureurs, sans distinction de niveau.\u00a0Pour les plus rapides, le d\u00e9part sera donn\u00e9 \u00e0 8\u00a0heures. Les derniers partiront \u00e0 9h55. Ce 10 kilom\u00e8tres repr\u00e9sente l\u2019une des premi\u00e8res courses de la saison. Une occasion id\u00e9ale pour pr\u00e9parer les courses majeures du calendrier, comme le <strong>semi-marathon de Paris<\/strong>, pr\u00e9vue le dimanche 8\u00a0mars, ou le <strong>marathon de Paris<\/strong>, organis\u00e9e le dimanche 12\u00a0avril.<\/p>\n<p class=\" wall-content\">Personnalisez votre actualit\u00e9 en ajoutant vos villes et m\u00e9dias en favori avec <a href=\"https:\/\/moncompte.actu.fr\" title=\"D\u00e9couvez Mon Actu\" rel=\"nofollow noopener\" data-trk=\"{&quot;cta&quot;:{&quot;action&quot;:&quot;https:\\\/\\\/moncompte.actu.fr&quot;,&quot;category&quot;:&quot;mon compte&quot;,&quot;from&quot;:&quot;article footer&quot;,&quot;name&quot;:&quot;Mon actu&quot;,&quot;type&quot;:&quot;cta&quot;}}\" target=\"_blank\">Mon Actu<\/a>.<\/p>\n<p>                    <script async src=\"\/\/www.instagram.com\/embed.js\"><\/script><\/p>\n","protected":false},"excerpt":{"rendered":"Par Antoine Grotteria Publi\u00e9 le 12 janv. 2026 \u00e0 17h42 Longtemps boud\u00e9 par les organisateurs de grands \u00e9v\u00e9nements,&hellip;\n","protected":false},"author":2,"featured_media":658962,"comment_status":"","ping_status":"","sticky":false,"template":"","format":"standard","meta":{"footnotes":""},"categories":[1888],"tags":[11,4132,1777,674,1011,27,7941,7661,12,626,25,60],"class_list":{"0":"post-658961","1":"post","2":"type-post","3":"status-publish","4":"format-standard","5":"has-post-thumbnail","7":"category-paris","8":"tag-actualites","9":"tag-athletisme","10":"tag-eu","11":"tag-europe","12":"tag-fr","13":"tag-france","14":"tag-jo-paris-2024","15":"tag-montmartre","16":"tag-news","17":"tag-paris","18":"tag-republique-francaise","19":"tag-sports"},"share_on_mastodon":{"url":"https:\/\/pubeurope.com\/@fr\/115883653473723783","error":""},"_links":{"self":[{"href":"https:\/\/www.europesays.com\/fr\/wp-json\/wp\/v2\/posts\/658961","targetHints":{"allow":["GET"]}}],"collection":[{"href":"https:\/\/www.europesays.com\/fr\/wp-json\/wp\/v2\/posts"}],"about":[{"href":"https:\/\/www.europesays.com\/fr\/wp-json\/wp\/v2\/types\/post"}],"author":[{"embeddable":true,"href":"https:\/\/www.europesays.com\/fr\/wp-json\/wp\/v2\/users\/2"}],"replies":[{"embeddable":true,"href":"https:\/\/www.europesays.com\/fr\/wp-json\/wp\/v2\/comments?post=658961"}],"version-history":[{"count":0,"href":"https:\/\/www.europesays.com\/fr\/wp-json\/wp\/v2\/posts\/658961\/revisions"}],"wp:featuredmedia":[{"embeddable":true,"href":"https:\/\/www.europesays.com\/fr\/wp-json\/wp\/v2\/media\/658962"}],"wp:attachment":[{"href":"https:\/\/www.europesays.com\/fr\/wp-json\/wp\/v2\/media?parent=658961"}],"wp:term":[{"taxonomy":"category","embeddable":true,"href":"https:\/\/www.europesays.com\/fr\/wp-json\/wp\/v2\/categories?post=658961"},{"taxonomy":"post_tag","embeddable":true,"href":"https:\/\/www.europesays.com\/fr\/wp-json\/wp\/v2\/tags?post=658961"}],"curies":[{"name":"wp","href":"https:\/\/api.w.org\/{rel}","templated":true}]}}