{"id":659005,"date":"2026-01-12T19:24:12","date_gmt":"2026-01-12T19:24:12","guid":{"rendered":"https:\/\/www.europesays.com\/fr\/659005\/"},"modified":"2026-01-12T19:24:12","modified_gmt":"2026-01-12T19:24:12","slug":"le-rappeur-doums-place-en-garde-a-vue-pour-violences-conjugales","status":"publish","type":"post","link":"https:\/\/www.europesays.com\/fr\/659005\/","title":{"rendered":"Le rappeur Doums plac\u00e9 en garde \u00e0 vue pour violences conjugales"},"content":{"rendered":"<p>Le <a href=\"https:\/\/www.20minutes.fr\/dossier\/rappeur\" class=\"c-link c-link--is-underlined\" target=\"_blank\" rel=\"noopener\">rappeur <\/a>Doums a \u00e9t\u00e9 plac\u00e9 en garde \u00e0 vue dimanche pour<a href=\"https:\/\/www.20minutes.fr\/societe\/grenelle-violences-conjugales\/\" class=\"c-link c-link--is-underlined\" target=\"_blank\" rel=\"noopener\"> violences conjugales<\/a>, a appris l\u2019AFP lundi de sources concordantes. Selon une source polici\u00e8re, la compagne de l\u2019artiste s\u2019est pr\u00e9sent\u00e9e dimanche en d\u00e9but d\u2019apr\u00e8s-midi au commissariat de Vitry-sur-Seine (<a href=\"https:\/\/www.20minutes.fr\/societe\/val-de-marne\/\" class=\"c-link c-link--is-underlined\" target=\"_blank\" rel=\"noopener\">Val-de-Marne<\/a>) pour porter plainte pour des violences conjugales \u00e0 domicile en pr\u00e9sence de leurs deux enfants et d\u2019une cousine.<\/p>\n<\/p>\n<p>Le conjoint a \u00e9t\u00e9 interpell\u00e9 sans difficult\u00e9 peu apr\u00e8s et plac\u00e9 en garde \u00e0 vue, tandis que les enfants et la cousine ont \u00e9t\u00e9 emmen\u00e9s au <a href=\"https:\/\/www.20minutes.fr\/dossier\/commissariat\" class=\"c-link c-link--is-underlined\" target=\"_blank\" rel=\"noopener\">commissariat<\/a>. Plusieurs sources proches du dossier ont indiqu\u00e9 que le mis en cause \u00e9tait le rappeur Mamadou Coulibaly, plus connu sous le nom de Doums.<\/p>\n<p>Le parquet de Cr\u00e9teil a confirm\u00e9 \u00e0 l\u2019AFP le placement en garde \u00e0 vue du rappeur \u00ab\u00a0sans plus d\u2019informations sur les faits investigu\u00e9s\u00a0\u00bb. Proche du rappeur Nekfeu avec qui il a collabor\u00e9 \u00e0 plusieurs reprises, Doums a \u00e9t\u00e9 en couple avec l\u2019actrice Ad\u00e8le Exarchopoulos entre\u00a0<a href=\"https:\/\/www.20minutes.fr\/dossier\/2016\" class=\"c-link c-link--is-underlined\" target=\"_blank\" rel=\"noopener\">2016<\/a> et\u00a02017. Un fils est n\u00e9 de leur union.<\/p>\n","protected":false},"excerpt":{"rendered":"Le rappeur Doums a \u00e9t\u00e9 plac\u00e9 en garde \u00e0 vue dimanche pour violences conjugales, a appris l\u2019AFP lundi&hellip;\n","protected":false},"author":2,"featured_media":659006,"comment_status":"","ping_status":"","sticky":false,"template":"","format":"standard","meta":{"footnotes":""},"categories":[8],"tags":[47,34114,58,59,1011,27,662,303,39827,31011,6198,1125,798,12654],"class_list":{"0":"post-659005","1":"post","2":"type-post","3":"status-publish","4":"format-standard","5":"has-post-thumbnail","7":"category-divertissement","8":"tag-actualite","9":"tag-adele-exarchopoulos","10":"tag-divertissement","11":"tag-entertainment","12":"tag-fr","13":"tag-france","14":"tag-ile-de-france","15":"tag-justice","16":"tag-lactualite-en-videos","17":"tag-nekfeu","18":"tag-rappeur","19":"tag-val-de-marne","20":"tag-violences-conjugales","21":"tag-vitry-sur-seine"},"share_on_mastodon":{"url":"https:\/\/pubeurope.com\/@fr\/115883767622733830","error":""},"_links":{"self":[{"href":"https:\/\/www.europesays.com\/fr\/wp-json\/wp\/v2\/posts\/659005","targetHints":{"allow":["GET"]}}],"collection":[{"href":"https:\/\/www.europesays.com\/fr\/wp-json\/wp\/v2\/posts"}],"about":[{"href":"https:\/\/www.europesays.com\/fr\/wp-json\/wp\/v2\/types\/post"}],"author":[{"embeddable":true,"href":"https:\/\/www.europesays.com\/fr\/wp-json\/wp\/v2\/users\/2"}],"replies":[{"embeddable":true,"href":"https:\/\/www.europesays.com\/fr\/wp-json\/wp\/v2\/comments?post=659005"}],"version-history":[{"count":0,"href":"https:\/\/www.europesays.com\/fr\/wp-json\/wp\/v2\/posts\/659005\/revisions"}],"wp:featuredmedia":[{"embeddable":true,"href":"https:\/\/www.europesays.com\/fr\/wp-json\/wp\/v2\/media\/659006"}],"wp:attachment":[{"href":"https:\/\/www.europesays.com\/fr\/wp-json\/wp\/v2\/media?parent=659005"}],"wp:term":[{"taxonomy":"category","embeddable":true,"href":"https:\/\/www.europesays.com\/fr\/wp-json\/wp\/v2\/categories?post=659005"},{"taxonomy":"post_tag","embeddable":true,"href":"https:\/\/www.europesays.com\/fr\/wp-json\/wp\/v2\/tags?post=659005"}],"curies":[{"name":"wp","href":"https:\/\/api.w.org\/{rel}","templated":true}]}}