{"id":659009,"date":"2026-01-12T19:26:13","date_gmt":"2026-01-12T19:26:13","guid":{"rendered":"https:\/\/www.europesays.com\/fr\/659009\/"},"modified":"2026-01-12T19:26:13","modified_gmt":"2026-01-12T19:26:13","slug":"ia-contenus-pedopornographiques-et-scandale-international-x-menace-dinterdiction-au-royaume-uni","status":"publish","type":"post","link":"https:\/\/www.europesays.com\/fr\/659009\/","title":{"rendered":"IA, contenus p\u00e9dopornographiques et scandale international : X menac\u00e9 d\u2019interdiction au Royaume-Uni"},"content":{"rendered":"<p>La plateforme X (anciennement Twitter), <a href=\"https:\/\/www.lacremedugaming.fr\/jeux\/gta\/gta-6\/je-naime-pas-tuer-des-pnj-elon-musk-refuse-de-jouer-a-gta-6-et-voici-pourquoi-204999.html\" target=\"_blank\" rel=\"noopener\">propri\u00e9t\u00e9 d\u2019Elon Musk,<\/a> est une nouvelle fois sous pression. La semaine derni\u00e8re, le chatbot IA baptis\u00e9 <strong>Grok<\/strong> a \u00e9t\u00e9 utilis\u00e9 pour cr\u00e9er des images illicites de femmes d\u00e9nud\u00e9es sans leur consentement, et, plus grave encore, pour produire des repr\u00e9sentations sexuelles d\u2019enfants. L\u2019affaire, confirm\u00e9e par l\u2019Internet Watch Foundation (IWF), provoque un toll\u00e9 politique et judiciaire au Royaume-Uni et aux \u00c9tats-Unis.<\/p>\n<p>Le gouvernement britannique envisage d\u2019interdire purement et simplement l\u2019acc\u00e8s \u00e0 X. Liz Kendall, secr\u00e9taire d\u2019\u00c9tat aux Technologies, a d\u00e9clar\u00e9 que la plateforme devait prendre des mesures <strong>\u00ab urgentes \u00bb<\/strong>, tandis que l\u2019Ofcom a lanc\u00e9 <strong>\u00ab une \u00e9valuation acc\u00e9l\u00e9r\u00e9e \u00bb<\/strong>. Kendall a pr\u00e9venu que si une interdiction \u00e9tait d\u00e9cid\u00e9e, <strong>\u00ab elle b\u00e9n\u00e9ficierait du soutien total du gouvernement \u00bb<\/strong>.<\/p>\n<p> Tim Sweeney (Epic Games) s\u2019oppose aux appels \u00e0 la censure <\/p>\n<p>Dans ce climat tendu, <strong>Tim Sweeney<\/strong>, PDG d\u2019Epic Games, a r\u00e9agi. Bien qu\u2019il condamne les d\u00e9rives de l\u2019IA, il critique fermement les pressions politiques qui visent, selon lui, \u00e0 instrumentaliser ces scandales pour r\u00e9duire les libert\u00e9s num\u00e9riques. \u00ab Toutes les grandes IA ont connu des dysfonctionnements av\u00e9r\u00e9s ; toutes les grandes entreprises du secteur font de leur mieux pour y rem\u00e9dier ; aucune n\u2019est parfaite \u00bb, a-t-il d\u00e9clar\u00e9, d\u00e9non\u00e7ant ce qu\u2019il consid\u00e8re comme du <strong>\u00ab capitalisme de connivence \u00bb<\/strong>.<\/p>\n<p>Interpell\u00e9 sur les r\u00e9seaux sociaux, il a r\u00e9pondu \u00e0 un utilisateur qui l\u2019accusait de d\u00e9fendre l\u2019ind\u00e9fendable : \u00ab Je d\u00e9fends les plateformes ouvertes, la libert\u00e9 d\u2019expression et l\u2019application coh\u00e9rente de l\u2019\u00c9tat de droit. Je ne d\u00e9fends pas les actes r\u00e9pr\u00e9hensibles commis avec l\u2019IA, mais je m\u2019oppose fermement \u00e0 ce qu\u2019ils servent de pr\u00e9texte pour miner les libert\u00e9s de tous. \u00bb<\/p>\n<p> R\u00e9actions de X : paywall et suspension de comptes <\/p>\n<p>Face \u00e0 la crise, la plateforme X a rapidement restreint l\u2019acc\u00e8s \u00e0 la g\u00e9n\u00e9ration d\u2019images, d\u00e9sormais bloqu\u00e9e derri\u00e8re un syst\u00e8me payant. Une mesure que <strong>Daisy Dixon<\/strong>, ma\u00eetre de conf\u00e9rences en philosophie \u00e0 l\u2019universit\u00e9 de Cardiff, juge totalement insuffisante : \u00ab Grok doit \u00eatre enti\u00e8rement repens\u00e9 et int\u00e9grer des garde-fous \u00e9thiques. \u00bb<\/p>\n<p>X affirme vouloir coop\u00e9rer avec les forces de l\u2019ordre pour supprimer les contenus ill\u00e9gaux et suspendre d\u00e9finitivement les utilisateurs responsables. Mais pour beaucoup, le mal est d\u00e9j\u00e0 fait.<a href=\"https:\/\/www.lacremedugaming.fr\/consoles\/playstation\/playstation-sony-prepare-une-ia-capable-de-jouer-a-votre-place-en-cas-de-blocage-205351.html\" target=\"_blank\" rel=\"noopener\"> Le fait m\u00eame que des IA puissent g\u00e9n\u00e9rer ce type de contenus<\/a> remet en cause les fondements \u00e9thiques du secteur.<\/p>\n<p> Vers une r\u00e9gulation internationale de l\u2019intelligence artificielle ? <\/p>\n<p>Outre-Manche, la pr\u00e9sidente du Parti travailliste, <strong>Anna Turley<\/strong>, a confirm\u00e9 que <strong>\u00ab des discussions sont en cours \u00bb<\/strong> pour envisager une interdiction compl\u00e8te de X au Royaume-Uni. \u00ab X doit se ressaisir \u00bb, a-t-elle insist\u00e9, ajoutant que le Premier ministre partageait le m\u00eame point de vue : <strong>\u00ab C\u2019est absolument abject. \u00bb<\/strong><\/p>\n<p>Alors que les images g\u00e9n\u00e9r\u00e9es par Grok ont mis le feu aux poudres, la pol\u00e9mique d\u00e9passe largement la seule plateforme X. C\u2019est toute l\u2019industrie de l\u2019IA g\u00e9n\u00e9rative qui se retrouve aujourd\u2019hui dans la ligne de mire des r\u00e9gulateurs.<\/p>\n<p>Ce scandale devrait acc\u00e9l\u00e9rer les discussions sur un encadrement juridique strict, \u00e0 l\u2019\u00e9chelle nationale et internationale, de la cr\u00e9ation de contenus visuels par intelligence artificielle.<\/p>\n","protected":false},"excerpt":{"rendered":"La plateforme X (anciennement Twitter), propri\u00e9t\u00e9 d\u2019Elon Musk, est une nouvelle fois sous pression. La semaine derni\u00e8re, le&hellip;\n","protected":false},"author":2,"featured_media":659010,"comment_status":"","ping_status":"","sticky":false,"template":"","format":"standard","meta":{"footnotes":""},"categories":[6],"tags":[35,33,34,1011,27],"class_list":{"0":"post-659009","1":"post","2":"type-post","3":"status-publish","4":"format-standard","5":"has-post-thumbnail","7":"category-economie","8":"tag-business","9":"tag-economie","10":"tag-economy","11":"tag-fr","12":"tag-france"},"share_on_mastodon":{"url":"https:\/\/pubeurope.com\/@fr\/115883775388243508","error":""},"_links":{"self":[{"href":"https:\/\/www.europesays.com\/fr\/wp-json\/wp\/v2\/posts\/659009","targetHints":{"allow":["GET"]}}],"collection":[{"href":"https:\/\/www.europesays.com\/fr\/wp-json\/wp\/v2\/posts"}],"about":[{"href":"https:\/\/www.europesays.com\/fr\/wp-json\/wp\/v2\/types\/post"}],"author":[{"embeddable":true,"href":"https:\/\/www.europesays.com\/fr\/wp-json\/wp\/v2\/users\/2"}],"replies":[{"embeddable":true,"href":"https:\/\/www.europesays.com\/fr\/wp-json\/wp\/v2\/comments?post=659009"}],"version-history":[{"count":0,"href":"https:\/\/www.europesays.com\/fr\/wp-json\/wp\/v2\/posts\/659009\/revisions"}],"wp:featuredmedia":[{"embeddable":true,"href":"https:\/\/www.europesays.com\/fr\/wp-json\/wp\/v2\/media\/659010"}],"wp:attachment":[{"href":"https:\/\/www.europesays.com\/fr\/wp-json\/wp\/v2\/media?parent=659009"}],"wp:term":[{"taxonomy":"category","embeddable":true,"href":"https:\/\/www.europesays.com\/fr\/wp-json\/wp\/v2\/categories?post=659009"},{"taxonomy":"post_tag","embeddable":true,"href":"https:\/\/www.europesays.com\/fr\/wp-json\/wp\/v2\/tags?post=659009"}],"curies":[{"name":"wp","href":"https:\/\/api.w.org\/{rel}","templated":true}]}}