{"id":659013,"date":"2026-01-12T19:28:12","date_gmt":"2026-01-12T19:28:12","guid":{"rendered":"https:\/\/www.europesays.com\/fr\/659013\/"},"modified":"2026-01-12T19:28:12","modified_gmt":"2026-01-12T19:28:12","slug":"une-femme-agressee-violee-et-cambriolee-un-suspect-interpelle","status":"publish","type":"post","link":"https:\/\/www.europesays.com\/fr\/659013\/","title":{"rendered":"Une femme agress\u00e9e, viol\u00e9e et cambriol\u00e9e, un suspect interpell\u00e9"},"content":{"rendered":"<p>Une femme de 46 ans a \u00e9t\u00e9 agress\u00e9e, viol\u00e9e et cambriol\u00e9e \u00e0 son domicile de Villeneuve-d\u2019Ascq, dans le Nord, dans la nuit du 7 au 8\u00a0janvier,<a href=\"https:\/\/www.lefigaro.fr\/faits-divers\/nord-une-femme-de-46-ans-violee-a-son-domicile-et-victime-d-un-vol-estime-a-80-000-euros-20260110\" target=\"_blank\" class=\"c-link c-link--is-underlined\" rel=\"noopener\"> selon les informations du Figaro.<\/a> R\u00e9veill\u00e9e vers 4 heures du matin par des bris de vitre, la quadrag\u00e9naire est sortie de son pavillon dans l\u2019espoir d\u2019alerter ses voisins.<\/p>\n<p>Elle a alors \u00e9t\u00e9 rattrap\u00e9e par trois individus cagoul\u00e9s, qui l\u2019ont ramen\u00e9e de force \u00e0 l\u2019int\u00e9rieur en la tirant par les cheveux. L\u2019un des agresseurs l\u2019a viol\u00e9e \u00e0 plusieurs reprises, sous la menace d\u2019une arme de poing et d\u2019un taser, d\u2019apr\u00e8s<a href=\"https:\/\/www.leparisien.fr\/faits-divers\/agressee-violee-et-cambriolee-pour-un-montant-de-80-000-euros-leffroyable-nuit-dune-femme-de-46-ans-dans-le-nord-12-01-2026-DOTTEN2ACJDFFJWI6SH4FURDDM.php\" target=\"_blank\" class=\"c-link c-link--is-underlined\" rel=\"noopener\"> Le Parisien.<\/a><\/p>\n<p>L\u2019un des suspects interpell\u00e9<\/p>\n<p>Apr\u00e8s les violences, les suspects ont <a href=\"https:\/\/www.20minutes.fr\/dossier\/vol\" class=\"c-link c-link--is-underlined\" target=\"_blank\" rel=\"noopener\">d\u00e9rob\u00e9 des sacs et des bijoux appartenant \u00e0 la victime<\/a>, pour un montant estim\u00e9 \u00e0 environ 80.000 euros. Ils ont ensuite tent\u00e9 de voler le v\u00e9hicule de la quadrag\u00e9naire, sans y parvenir, avant de prendre la fuite. Des voisins, alert\u00e9s par des cris, ont pr\u00e9venu les forces de l\u2019ordre.<\/p>\n<p>Sur place, les policiers ont retrouv\u00e9 le v\u00e9hicule des agresseurs abandonn\u00e9, avec une arme \u00e0 feu et des affaires appartenant \u00e0 la victime \u00e0 l\u2019int\u00e9rieur. Un homme de 22 ans, bless\u00e9 et correspondant au signalement de l\u2019un des suspects, a \u00e9t\u00e9 interpell\u00e9 peu apr\u00e8s \u00e0 proximit\u00e9 du domicile. D\u00e9j\u00e0 connu des services de police et de justice, il a \u00e9t\u00e9 plac\u00e9 en garde \u00e0 vue. Les deux autres suspects sont activement recherch\u00e9s. Une enqu\u00eate a \u00e9t\u00e9 ouverte par le parquet de Lille pour \u00ab\u00a0vol en r\u00e9union\u00a0\u00bb et \u00ab\u00a0viol sous la menace d\u2019une arme\u00a0\u00bb.<\/p>\n","protected":false},"excerpt":{"rendered":"Une femme de 46 ans a \u00e9t\u00e9 agress\u00e9e, viol\u00e9e et cambriol\u00e9e \u00e0 son domicile de Villeneuve-d\u2019Ascq, dans le&hellip;\n","protected":false},"author":2,"featured_media":659014,"comment_status":"","ping_status":"","sticky":false,"template":"","format":"standard","meta":{"footnotes":""},"categories":[4],"tags":[47,11,118,1011,27,811,12,1308,1309,25,22238,1265,10912],"class_list":{"0":"post-659013","1":"post","2":"type-post","3":"status-publish","4":"format-standard","5":"has-post-thumbnail","7":"category-france","8":"tag-actualite","9":"tag-actualites","10":"tag-faits-divers","11":"tag-fr","12":"tag-france","13":"tag-hauts-de-france","14":"tag-news","15":"tag-nord","16":"tag-nord-pas-de-calais","17":"tag-republique-francaise","18":"tag-villeneuve-dascq","19":"tag-viol","20":"tag-voleur"},"share_on_mastodon":{"url":"https:\/\/pubeurope.com\/@fr\/115883783215039036","error":""},"_links":{"self":[{"href":"https:\/\/www.europesays.com\/fr\/wp-json\/wp\/v2\/posts\/659013","targetHints":{"allow":["GET"]}}],"collection":[{"href":"https:\/\/www.europesays.com\/fr\/wp-json\/wp\/v2\/posts"}],"about":[{"href":"https:\/\/www.europesays.com\/fr\/wp-json\/wp\/v2\/types\/post"}],"author":[{"embeddable":true,"href":"https:\/\/www.europesays.com\/fr\/wp-json\/wp\/v2\/users\/2"}],"replies":[{"embeddable":true,"href":"https:\/\/www.europesays.com\/fr\/wp-json\/wp\/v2\/comments?post=659013"}],"version-history":[{"count":0,"href":"https:\/\/www.europesays.com\/fr\/wp-json\/wp\/v2\/posts\/659013\/revisions"}],"wp:featuredmedia":[{"embeddable":true,"href":"https:\/\/www.europesays.com\/fr\/wp-json\/wp\/v2\/media\/659014"}],"wp:attachment":[{"href":"https:\/\/www.europesays.com\/fr\/wp-json\/wp\/v2\/media?parent=659013"}],"wp:term":[{"taxonomy":"category","embeddable":true,"href":"https:\/\/www.europesays.com\/fr\/wp-json\/wp\/v2\/categories?post=659013"},{"taxonomy":"post_tag","embeddable":true,"href":"https:\/\/www.europesays.com\/fr\/wp-json\/wp\/v2\/tags?post=659013"}],"curies":[{"name":"wp","href":"https:\/\/api.w.org\/{rel}","templated":true}]}}