{"id":659015,"date":"2026-01-12T19:29:15","date_gmt":"2026-01-12T19:29:15","guid":{"rendered":"https:\/\/www.europesays.com\/fr\/659015\/"},"modified":"2026-01-12T19:29:15","modified_gmt":"2026-01-12T19:29:15","slug":"la-morgue-de-kahrizak-au-sud-de-teheran-debordee-par-les-cadavres-apres-plusieurs-jours-de-manifestations","status":"publish","type":"post","link":"https:\/\/www.europesays.com\/fr\/659015\/","title":{"rendered":"la morgue de Kahrizak, au sud de T\u00e9h\u00e9ran, d\u00e9bord\u00e9e par les cadavres apr\u00e8s plusieurs jours de manifestations"},"content":{"rendered":"<p>                     <img loading=\"lazy\" decoding=\"async\" src=\"https:\/\/www.europesays.com\/fr\/wp-content\/uploads\/2026\/01\/61d98a1_ftp-1-2r5rzdxwkrws-2026-01-11t181629z-1210413862-rc20zia0wu6j-rtrmadp-3-iran-economy-protest.jpeg\" alt=\"Des personnes se rassemblent pr\u00e8s de corps plac\u00e9s dans des sacs mortuaires devant le Centre m\u00e9dico-l\u00e9gal Kahrizak \u00e0 T\u00e9h\u00e9ran. Cette capture d\u2019\u00e9cran provient d\u2019une vid\u00e9o diffus\u00e9e sur les r\u00e9seaux sociaux le 11\u00a0janvier 2026.\"   width=\"664\" height=\"443\"\/>    Des personnes se rassemblent pr\u00e8s de corps plac\u00e9s dans des sacs mortuaires devant le Centre m\u00e9dico-l\u00e9gal Kahrizak \u00e0 T\u00e9h\u00e9ran. Cette capture d\u2019\u00e9cran provient d\u2019une vid\u00e9o diffus\u00e9e sur les r\u00e9seaux sociaux le 11\u00a0janvier 2026.  R\u00c9SEAUX SOCIAUX VIA REUTERS                 <\/p>\n<p class=\"article__paragraph  \">Des dizaines de corps, peut-\u00eatre des centaines, gisent \u00e0 m\u00eame le sol \u00e0 l\u2019int\u00e9rieur d\u2019un hangar. Certains sont envelopp\u00e9s dans des sacs mortuaires, d\u2019autres \u00e9tendus sur des brancards. Des hommes et des femmes \u00e0 la recherche d\u2019un proche circulent entre les cadavres et en scrutent les visages. Une femme, pench\u00e9e sur un corps inanim\u00e9, sanglote. Diffus\u00e9e sur les r\u00e9seaux sociaux samedi 10\u00a0janvier, cette courte vid\u00e9o, film\u00e9e en plan serr\u00e9 \u00e0 la morgue du centre m\u00e9dico-l\u00e9gal de Kahrizak, au sud de T\u00e9h\u00e9ran, sugg\u00e8re que la r\u00e9pression en cours dans les rues de la capitale vire au bain de sang.<\/p>\n<p>                                   Lire aussi |  <a href=\"https:\/\/www.lemonde.fr\/international\/live\/2026\/01\/12\/en-direct-iran-l-ayatollah-ali-khamenei-compare-donald-trump-aux-tyrans-et-aux-arrogants-de-ce-monde-et-affirme-qu-il-sera-renverse_6661368_3210.html\" class=\"js-article-read-also catcher--favoris__link\" data-premium=\"\" id=\"article-title-3454106\" target=\"_blank\" rel=\"noopener\">EN DIRECT, Iran\u00a0: le r\u00e9gime revendique des manifestations massives de soutien \u00e0 T\u00e9h\u00e9ran et dans d\u2019autres grandes villes<\/a>    <\/p>\n<p>   Lire plus tard  <\/p>\n<p class=\"article__paragraph  \">Dimanche 11\u00a0janvier, une autre vid\u00e9o, longue de six minutes, est sortie sur les r\u00e9seaux sociaux, montrant cette fois-ci l\u2019ext\u00e9rieur de la morgue, avec des corps, envelopp\u00e9s dans des sacs et align\u00e9s sur le bitume, sur plusieurs centaines de m\u00e8tres. Sur un \u00e9cran du centre m\u00e9dico-l\u00e9gal, diffusant les visages de manifestants morts achemin\u00e9s sur les lieux, s\u2019affiche celui d\u2019un jeune homme. L\u2019inscription \u00ab\u00a0num\u00e9ro\u00a055\u00a0sur 250\u00a0\u00bb appara\u00eet \u00e0 l\u2019\u00e9cran, ce qui donne une autre indication, gla\u00e7ante, sur l\u2019\u00e9tendue de la r\u00e9pression. D\u2019ici et de l\u00e0, des sanglots et des cris. \u00ab\u00a0Assassins\u00a0!\u00a0\u00bb, hurle une femme v\u00eatue d\u2019un tchador noir. \u00ab\u00a0Qu\u2019ils soient maudits\u00a0\u00bb, sanglote un homme.<\/p>\n<p class=\"reading-mode-only \"><strong>Il vous reste 80.84% de cet article \u00e0 lire. La suite est r\u00e9serv\u00e9e aux abonn\u00e9s.<\/strong><\/p>\n","protected":false},"excerpt":{"rendered":"Des personnes se rassemblent pr\u00e8s de corps plac\u00e9s dans des sacs mortuaires devant le Centre m\u00e9dico-l\u00e9gal Kahrizak \u00e0&hellip;\n","protected":false},"author":2,"featured_media":659016,"comment_status":"","ping_status":"","sticky":false,"template":"","format":"standard","meta":{"footnotes":""},"categories":[2],"tags":[11,1011,27,12],"class_list":{"0":"post-659015","1":"post","2":"type-post","3":"status-publish","4":"format-standard","5":"has-post-thumbnail","7":"category-actualites","8":"tag-actualites","9":"tag-fr","10":"tag-france","11":"tag-news"},"share_on_mastodon":{"url":"https:\/\/pubeurope.com\/@fr\/115883787154719316","error":""},"_links":{"self":[{"href":"https:\/\/www.europesays.com\/fr\/wp-json\/wp\/v2\/posts\/659015","targetHints":{"allow":["GET"]}}],"collection":[{"href":"https:\/\/www.europesays.com\/fr\/wp-json\/wp\/v2\/posts"}],"about":[{"href":"https:\/\/www.europesays.com\/fr\/wp-json\/wp\/v2\/types\/post"}],"author":[{"embeddable":true,"href":"https:\/\/www.europesays.com\/fr\/wp-json\/wp\/v2\/users\/2"}],"replies":[{"embeddable":true,"href":"https:\/\/www.europesays.com\/fr\/wp-json\/wp\/v2\/comments?post=659015"}],"version-history":[{"count":0,"href":"https:\/\/www.europesays.com\/fr\/wp-json\/wp\/v2\/posts\/659015\/revisions"}],"wp:featuredmedia":[{"embeddable":true,"href":"https:\/\/www.europesays.com\/fr\/wp-json\/wp\/v2\/media\/659016"}],"wp:attachment":[{"href":"https:\/\/www.europesays.com\/fr\/wp-json\/wp\/v2\/media?parent=659015"}],"wp:term":[{"taxonomy":"category","embeddable":true,"href":"https:\/\/www.europesays.com\/fr\/wp-json\/wp\/v2\/categories?post=659015"},{"taxonomy":"post_tag","embeddable":true,"href":"https:\/\/www.europesays.com\/fr\/wp-json\/wp\/v2\/tags?post=659015"}],"curies":[{"name":"wp","href":"https:\/\/api.w.org\/{rel}","templated":true}]}}