{"id":659021,"date":"2026-01-12T19:32:44","date_gmt":"2026-01-12T19:32:44","guid":{"rendered":"https:\/\/www.europesays.com\/fr\/659021\/"},"modified":"2026-01-12T19:32:44","modified_gmt":"2026-01-12T19:32:44","slug":"gestion-des-arbres-a-nancy-la-ville-rappelle-sa-methode-apres-les-reactions-boulevard-daustrasie","status":"publish","type":"post","link":"https:\/\/www.europesays.com\/fr\/659021\/","title":{"rendered":"Gestion des arbres \u00e0 Nancy\u00a0: la Ville rappelle sa m\u00e9thode apr\u00e8s les r\u00e9actions boulevard d\u2019Austrasie"},"content":{"rendered":"<p>\u00c0 <a href=\"https:\/\/www.lasemaine.fr\/lieu\/nancy\/\" data-slug=\"nancy\" data-name=\"Nancy\" data-type=\"location\" data-id=\"5697\" target=\"_blank\" rel=\"noopener\">Nancy<\/a>, la Ville a tenu \u00e0 rappeler les principes qui guident la gestion de son patrimoine arbor\u00e9, en lien avec la M\u00e9tropole du Grand Nancy. Un rappel qui intervient quelques semaines apr\u00e8s l\u2019annonce de <a href=\"https:\/\/www.lasemaine.fr\/politique\/mobilite\/nancy-travaux-la-requalification-du-boulevard-daustrasie-debutera-en-2026\/\" data-type=\"post\" data-id=\"408725\" target=\"_blank\" rel=\"noopener\">travaux d\u2019am\u00e9nagement boulevard d\u2019Austrasie<\/a>, accompagn\u00e9s de coupes jug\u00e9es n\u00e9cessaires par les deux collectivit\u00e9s. Une op\u00e9ration ayant suscit\u00e9 de nombreuses r\u00e9actions.<\/p>\n<p>Dans un communiqu\u00e9 publi\u00e9 lundi\u00a012\u00a0janvier\u00a02026, la municipalit\u00e9 souligne que son patrimoine arbor\u00e9, partag\u00e9 avec la M\u00e9tropole, repr\u00e9sente plusieurs dizaines de milliers d\u2019arbres r\u00e9partis sur l\u2019espace public, ajoutant que ce patrimoine arbor\u00e9 \u00ab\u00a0constitue un atout essentiel pour le cadre de vie des habitants\u00a0\u00bb. Et d\u2019ajouter que ces arbres font l\u2019objet d\u2019un suivi sanitaire annuel. \u00ab\u00a0Les agents rep\u00e8rent syst\u00e9matiquement les arbres vou\u00e9s \u00e0 mourir, fragilis\u00e9s par une maladie ou pr\u00e9sentant un risque pour la s\u00e9curit\u00e9\u00a0\u00bb, d\u00e9veloppe la Ville de Nancy. Ainsi, lorsque cela s\u2019av\u00e8re n\u00e9cessaire, l\u2019entretien peut aller jusqu\u2019\u00e0 l\u2019abattage, pr\u00e9sent\u00e9 comme une solution de \u00ab\u00a0dernier recours\u00a0\u00bb, notamment pour pr\u00e9venir les risques pour les habitants et les biens.<\/p>\n<p>Des expertises avant d\u00e9cision<\/p>\n<p>Avant toute intervention lourde, des expertises compl\u00e9mentaires peuvent \u00eatre engag\u00e9es. La Ville indique que des sp\u00e9cialistes arboricoles sont sollicit\u00e9s pour r\u00e9aliser \u00ab\u00a0des tests approfondis\u00a0de traction, tomographie, identification de pathologies rares\u00a0\u00bb, afin d\u2019\u00e9clairer les d\u00e9cisions prises. L\u2019objectif affich\u00e9 est d\u2019intervenir en amont du printemps, p\u00e9riode de mont\u00e9e de s\u00e8ve, pour limiter la propagation des maladies et garantir la s\u00e9curit\u00e9 sur l\u2019espace public. \u00c0 l\u2019\u00e9chelle du territoire, la M\u00e9tropole du Grand Nancy compte pr\u00e8s de 56\u00a0000\u00a0arbres, tandis que la Ville de Nancy en recense plus de 30\u00a0000, g\u00e9r\u00e9s entre les services m\u00e9tropolitains et municipaux selon leur implantation.<\/p>\n<p>Ce qui se passe en Meurthe-et-Moselle<\/p>\n<p>C\u2019est dans ce cadre g\u00e9n\u00e9ral que s\u2019inscrit l\u2019abattage d\u2019arbres boulevard d\u2019Austrasie, annonc\u00e9 dans un pr\u00e9c\u00e9dent communiqu\u00e9 de presse diffus\u00e9 le 10\u00a0d\u00e9cembre\u00a02025. La Ville et la M\u00e9tropole y expliquaient en effet que \u00ab\u00a0la quasi-totalit\u00e9 des arbres du boulevard pr\u00e9sente une faiblesse g\u00e9n\u00e9rale li\u00e9e \u00e0 l\u2019\u00e9troitesse de leur fosse et \u00e0 leur infestation par un champignon lignivore\u00a0\u00bb, identifi\u00e9e comme Fomitiporia punctata. Ces fragilit\u00e9s, observ\u00e9es depuis plusieurs ann\u00e9es, ont conduit \u00e0 des coupes progressives, rendues indispensables \u00ab\u00a0pour des raisons de s\u00e9curit\u00e9 de l\u2019espace public\u00a0\u00bb, pr\u00e9cisait alors la Ville de Nancy dans son communiqu\u00e9 de presse. Certains arbres \u00e9taient \u00e9galement p\u00e9nalis\u00e9s par \u00ab\u00a0une implantation non optimale vis-\u00e0-vis des infrastructures et des usages urbains\u00a0\u00bb.<\/p>\n<p>Abattre, mais aussi replanter<\/p>\n<p>La collectivit\u00e9 insiste sur le fait que ces abattages s\u2019inscrivent dans une logique de \u00ab\u00a0renouvellement\u00a0\u00bb, pr\u00e9cisant que chaque hiver, entre d\u00e9cembre et mars, des campagnes de plantations sont men\u00e9es sur l\u2019ensemble du territoire m\u00e9tropolitain.<\/p>\n<p>Pour l\u2019ann\u00e9e\u00a02026, la Ville et la M\u00e9tropole annoncent 89\u00a0arbres abattus dans le cadre de l\u2019entretien courant, et plus de 190\u00a0plantations programm\u00e9es au printemps et \u00e0 l\u2019automne. \u00c0 titre de comparaison, en 2025, \u00ab\u00a0524\u00a0arbres ont \u00e9t\u00e9 plant\u00e9s par la M\u00e9tropole sur tout le territoire, dont 262 \u00e0 Nancy\u00a0\u00bb, notamment dans le cadre des am\u00e9nagements urbains, rappelle la Ville de Nancy dans son communiqu\u00e9 de presse. Un ensemble d\u2019\u00e9l\u00e9ments que la collectivit\u00e9 met aujourd\u2019hui en avant pour contextualiser les op\u00e9rations en cours et rappeler les \u00e9quilibres recherch\u00e9s entre s\u00e9curit\u00e9, adaptation urbaine et pr\u00e9sence de la nature en ville.<\/p>\n","protected":false},"excerpt":{"rendered":"\u00c0 Nancy, la Ville a tenu \u00e0 rappeler les principes qui guident la gestion de son patrimoine arbor\u00e9,&hellip;\n","protected":false},"author":2,"featured_media":659022,"comment_status":"","ping_status":"","sticky":false,"template":"","format":"standard","meta":{"footnotes":""},"categories":[9635],"tags":[1111,11,1777,674,1011,27,775,1702,12,25],"class_list":{"0":"post-659021","1":"post","2":"type-post","3":"status-publish","4":"format-standard","5":"has-post-thumbnail","7":"category-nancy","8":"tag-actu","9":"tag-actualites","10":"tag-eu","11":"tag-europe","12":"tag-fr","13":"tag-france","14":"tag-grand-est","15":"tag-nancy","16":"tag-news","17":"tag-republique-francaise"},"share_on_mastodon":{"url":"https:\/\/pubeurope.com\/@fr\/115883798989989979","error":""},"_links":{"self":[{"href":"https:\/\/www.europesays.com\/fr\/wp-json\/wp\/v2\/posts\/659021","targetHints":{"allow":["GET"]}}],"collection":[{"href":"https:\/\/www.europesays.com\/fr\/wp-json\/wp\/v2\/posts"}],"about":[{"href":"https:\/\/www.europesays.com\/fr\/wp-json\/wp\/v2\/types\/post"}],"author":[{"embeddable":true,"href":"https:\/\/www.europesays.com\/fr\/wp-json\/wp\/v2\/users\/2"}],"replies":[{"embeddable":true,"href":"https:\/\/www.europesays.com\/fr\/wp-json\/wp\/v2\/comments?post=659021"}],"version-history":[{"count":0,"href":"https:\/\/www.europesays.com\/fr\/wp-json\/wp\/v2\/posts\/659021\/revisions"}],"wp:featuredmedia":[{"embeddable":true,"href":"https:\/\/www.europesays.com\/fr\/wp-json\/wp\/v2\/media\/659022"}],"wp:attachment":[{"href":"https:\/\/www.europesays.com\/fr\/wp-json\/wp\/v2\/media?parent=659021"}],"wp:term":[{"taxonomy":"category","embeddable":true,"href":"https:\/\/www.europesays.com\/fr\/wp-json\/wp\/v2\/categories?post=659021"},{"taxonomy":"post_tag","embeddable":true,"href":"https:\/\/www.europesays.com\/fr\/wp-json\/wp\/v2\/tags?post=659021"}],"curies":[{"name":"wp","href":"https:\/\/api.w.org\/{rel}","templated":true}]}}