{"id":659023,"date":"2026-01-12T19:33:16","date_gmt":"2026-01-12T19:33:16","guid":{"rendered":"https:\/\/www.europesays.com\/fr\/659023\/"},"modified":"2026-01-12T19:33:16","modified_gmt":"2026-01-12T19:33:16","slug":"le-debrief-de-lelimination-en-coupe-de-france-de-las-nancy-lorraine-au-mans","status":"publish","type":"post","link":"https:\/\/www.europesays.com\/fr\/659023\/","title":{"rendered":"Le d\u00e9brief de l&rsquo;\u00e9limination en Coupe de France de l&rsquo;AS Nancy Lorraine au Mans"},"content":{"rendered":"<p>L&rsquo;AS Nancy Lorraine voit son parcours en Coupe de France s&rsquo;arr\u00eater en 16e de finale. Malgr\u00e9 une domination, l&rsquo;ASNL a c\u00e9d\u00e9 aux tirs au but face au Mans (4-1). Un sc\u00e9nario frustrant pour une \u00e9quipe qui avait largement les cl\u00e9s du match en main pour l&#8217;emporter. <\/p>\n<p>Le football est parfois d&rsquo;une injustice flagrante, et l&rsquo;AS Nancy-Lorraine en a fait l&rsquo;am\u00e8re exp\u00e9rience ce week-end. Arriv\u00e9s dans la Sarthe avec le plein de confiance apr\u00e8s trois succ\u00e8s cons\u00e9cutifs, les hommes de Pablo Correa ont longtemps survol\u00e9 les d\u00e9bats. Plus entreprenants, ils auraient d\u00fb plier l&rsquo;affaire bien avant le coup de sifflet final (0-0). Malheureusement, un manque de r\u00e9alisme chronique devant le but adverse a laiss\u00e9 Le Mans en vie.<\/p>\n<p>Les Sarthois ont su faire le dos rond avant de provoquer la d\u00e9cision lors de la s\u00e9ance fatidique des tirs au but. Dans cet exercice de nerfs, l&rsquo;ASNL a totalement sombr\u00e9, ne convertissant qu&rsquo;une seule tentative quand Le Mans r\u00e9alisait un sans-faute (4-1). Cette \u00e9limination laisse un go\u00fbt amer\u00a0: Nancy m\u00e9ritait les 8es de finale sur l\u2019ensemble du temps r\u00e9glementaire, mais quitte la comp\u00e9tition avec d&rsquo;immenses regrets. Le d\u00e9brief de ce match avec Laurent Pilloni et ses d\u00e9batteurs dans <strong>100% ASNL.<\/strong><\/p>\n<p>\u00c0 lire aussi   <img decoding=\"async\" src=\"https:\/\/www.europesays.com\/fr\/wp-content\/uploads\/2026\/01\/1768246396_172_400x400.jpeg\" alt=\"\" style=\"--_image-preview:url('data:image\/jpeg;base64,\/9j\/2wBDACgcHiMeGSgjISMtKygwPGRBPDc3PHtYXUlkkYCZlo+AjIqgtObDoKrarYqMyP\/L2u71\/\/\/\/m8H\/\/\/\/6\/+b9\/\/j\/2wBDASstLTw1PHZBQXb4pYyl+Pj4+Pj4+Pj4+Pj4+Pj4+Pj4+Pj4+Pj4+Pj4+Pj4+Pj4+Pj4+Pj4+Pj4+Pj4+Pj4+Pj\/wAARCAAqACoDASIAAhEBAxEB\/8QAGQAAAwEBAQAAAAAAAAAAAAAAAQIDBAAF\/8QAGBABAAMBAAAAAAAAAAAAAAAAAAECEhH\/xAAXAQEBAQEAAAAAAAAAAAAAAAABAAID\/8QAFhEBAQEAAAAAAAAAAAAAAAAAABES\/9oADAMBAAIRAxEAPwBBgvTRLrpiHhSsoxJ62ZpjTSVOs9LKaCed0dJadoFXRosho0WBaq2U0y1sbZDH13QkATdGLEGAlYsO0oEp\/9k=');\" loading=\"lazy\" fetchpriority=\"low\" aria-hidden=\"true\" class=\"svelte-1cksh76 rounded\" onload=\"this.__e=event\" onerror=\"this.__e=event\"\/><\/p>\n","protected":false},"excerpt":{"rendered":"L&rsquo;AS Nancy Lorraine voit son parcours en Coupe de France s&rsquo;arr\u00eater en 16e de finale. Malgr\u00e9 une domination,&hellip;\n","protected":false},"author":2,"featured_media":659024,"comment_status":"","ping_status":"","sticky":false,"template":"","format":"standard","meta":{"footnotes":""},"categories":[9635],"tags":[1111,11,1777,674,1011,27,775,1702,12,25],"class_list":{"0":"post-659023","1":"post","2":"type-post","3":"status-publish","4":"format-standard","5":"has-post-thumbnail","7":"category-nancy","8":"tag-actu","9":"tag-actualites","10":"tag-eu","11":"tag-europe","12":"tag-fr","13":"tag-france","14":"tag-grand-est","15":"tag-nancy","16":"tag-news","17":"tag-republique-francaise"},"share_on_mastodon":{"url":"https:\/\/pubeurope.com\/@fr\/115883802892801969","error":""},"_links":{"self":[{"href":"https:\/\/www.europesays.com\/fr\/wp-json\/wp\/v2\/posts\/659023","targetHints":{"allow":["GET"]}}],"collection":[{"href":"https:\/\/www.europesays.com\/fr\/wp-json\/wp\/v2\/posts"}],"about":[{"href":"https:\/\/www.europesays.com\/fr\/wp-json\/wp\/v2\/types\/post"}],"author":[{"embeddable":true,"href":"https:\/\/www.europesays.com\/fr\/wp-json\/wp\/v2\/users\/2"}],"replies":[{"embeddable":true,"href":"https:\/\/www.europesays.com\/fr\/wp-json\/wp\/v2\/comments?post=659023"}],"version-history":[{"count":0,"href":"https:\/\/www.europesays.com\/fr\/wp-json\/wp\/v2\/posts\/659023\/revisions"}],"wp:featuredmedia":[{"embeddable":true,"href":"https:\/\/www.europesays.com\/fr\/wp-json\/wp\/v2\/media\/659024"}],"wp:attachment":[{"href":"https:\/\/www.europesays.com\/fr\/wp-json\/wp\/v2\/media?parent=659023"}],"wp:term":[{"taxonomy":"category","embeddable":true,"href":"https:\/\/www.europesays.com\/fr\/wp-json\/wp\/v2\/categories?post=659023"},{"taxonomy":"post_tag","embeddable":true,"href":"https:\/\/www.europesays.com\/fr\/wp-json\/wp\/v2\/tags?post=659023"}],"curies":[{"name":"wp","href":"https:\/\/api.w.org\/{rel}","templated":true}]}}