{"id":659032,"date":"2026-01-12T19:38:09","date_gmt":"2026-01-12T19:38:09","guid":{"rendered":"https:\/\/www.europesays.com\/fr\/659032\/"},"modified":"2026-01-12T19:38:09","modified_gmt":"2026-01-12T19:38:09","slug":"a-rouen-et-au-havre-les-conducteurs-ont-force-sur-laccelerateur-et-la-bouteille","status":"publish","type":"post","link":"https:\/\/www.europesays.com\/fr\/659032\/","title":{"rendered":"\u00c0 Rouen et au Havre, les conducteurs ont forc\u00e9 sur l&rsquo;acc\u00e9l\u00e9rateur et la bouteille"},"content":{"rendered":"<p>                    Par<br \/>\n        <strong><br \/>\n            <a href=\"https:\/\/actu.fr\/auteur\/julien-bouteiller\" title=\"Consulter tous les articles de Julien Bouteiller\" target=\"_blank\" rel=\"noopener\">Julien Bouteiller<\/a><br \/>\n                    <\/strong><\/p>\n<p>        Publi\u00e9 le<\/p>\n<p>            12 janv. 2026 \u00e0 19h12        <\/p>\n<p><strong>Gros weekend pour les policiers<\/strong> de <a href=\"https:\/\/actu.fr\/normandie\/rouen_76540\" target=\"_blank\" rel=\"noopener\">Rouen<\/a> et du\u00a0<a href=\"https:\/\/actu.fr\/normandie\/le-havre_76351\" target=\"_blank\" rel=\"noopener\">Havre<\/a>. Du 9 au 11\u00a0janvier 2026, ils ont contr\u00f4l\u00e9 plusieurs conducteurs ivres et\/ou qui ont cumul\u00e9 les infractions. Floril\u00e8ge\u2026<\/p>\n<p>Ivre et \u00e0 toute vitesse<\/p>\n<p class=\" wall-content\">On commence le 9\u00a0janvier, juste avant minuit, au\u00a0Havre. Selon une source polici\u00e8re, des agents en contr\u00f4le <strong>sur le boulevard Leningrad<\/strong> constatent un automobiliste roulant<strong> \u00e0 100\u00a0km\/h<\/strong>, sur cet axe limit\u00e9 \u00e0 50.<\/p>\n<p class=\" wall-content\">Il finit par obtemp\u00e9rer au contr\u00f4le et se soumet \u00e0 un d\u00e9pistage d\u2019alcool. L\u2019homme de 40\u00a0ans affiche un taux <strong>d\u20191,4g d\u2019alcool dans le sang<\/strong>. R\u00e9sultat, son permis reste entre les mains des policiers.<\/p>\n<p>Ivre, drogu\u00e9 et accident\u00e9<\/p>\n<p class=\" wall-content\">Le lendemain, \u00e0 4\u2009h\u200910 du matin, c\u2019est \u00e0 <a href=\"https:\/\/actu.fr\/normandie\/bonsecours_76103\" target=\"_blank\" rel=\"noopener\">Bonsecours<\/a>, dans l\u2019agglo de Rouen, qu\u2019une voiture au pneu \u00e9clat\u00e9 apr\u00e8s un choc contre un trottoir est rep\u00e9r\u00e9e. \u00ab\u2009Le conducteur tente une marche arri\u00e8re en voyant les policiers\u2009\u00bb, explique notre source. En vain.<\/p>\n<p class=\" wall-content\">Le jeune de 24\u00a0ans est contr\u00f4l\u00e9 et <strong>reconna\u00eet avoir bu et fum\u00e9 de la drogue<\/strong>. Il remet d\u2019ailleurs un sachet de r\u00e9sine de cannabis aux policiers. \u00c0 l\u2019\u00e9thylom\u00e8tre, il est lui aussi quasiment \u00e0 1,4\u00a0g d\u2019alcool par litre de sang. Et l\u00e0 encore, il y laissera son permis.<\/p>\n<p>Vid\u00e9os : en ce moment sur ActuIvre, accident\u00e9 et injurieux<\/p>\n<p class=\" wall-content\">Dimanche 11\u00a0janvier, vers 4\u2009h\u200945, un autre automobiliste a un accident au volant, <a href=\"https:\/\/actu.fr\/normandie\/deville-les-rouen_76216\" target=\"_blank\" rel=\"noopener\">\u00e0 D\u00e9ville-l\u00e8s-Rouen<\/a>. <strong>Sur la route de Dieppe<\/strong>, il a percut\u00e9 un autre conducteur par l\u2019arri\u00e8re. Ce dernier lui retire les cl\u00e9s pour ne pas qu\u2019il prenne la poudre d\u2019escampette.<\/p>\n<p>Votre r\u00e9gion, votre actu !<\/p>\n<p>Recevez chaque jour les infos qui comptent pour vous.<\/p>\n<p>\t<a href=\"https:\/\/actu.fr\/newsletter\" class=\"ac-btn ac-btn--corner ac-btn--medium ac-btn--blue800\" target=\"_blank\" rel=\"noopener\">S&rsquo;incrire<\/a><\/p>\n<p class=\" wall-content\">Face aux policiers, l\u2019homme de 40\u00a0ans se montre<strong> \u00ab\u2009v\u00e9h\u00e9ment et injurieux\u2009\u00bb<\/strong>. Il est tellement ivre que l\u2019\u00e9thylom\u00e8tre ne peut \u00eatre r\u00e9alis\u00e9 dans l\u2019imm\u00e9diat. Plus tard, il affichera tout de m\u00eame un taux <strong>de plus d\u20191,7g d\u2019alcool dans le sang.<\/strong><\/p>\n<p>Pas ivre, mais \u00e0 toute vitesse et sans permis<\/p>\n<p class=\" wall-content\">Enfin, dans la soir\u00e9e suivante, vers 23\u2009h\u200945, c\u2019est <strong>sur les quais rive droite \u00e0 Rouen<\/strong> que la police rep\u00e8re un chauffard \u00ab\u2009\u00e0 tr\u00e8s vive allure. Ils estiment sa vitesse \u00e0 plus de 100\u00a0km\/h\u2009\u00bb.<\/p>\n<p class=\" wall-content\">Le conducteur obtemp\u00e8re sans mal au contr\u00f4le. \u00c2g\u00e9 de 22\u00a0ans, <strong>il n\u2019a pas de permis<\/strong> \u00e0 pr\u00e9senter puisqu\u2019il a \u00e9t\u00e9 annul\u00e9. Il ne l\u2019a d\u2019ailleurs jamais restitu\u00e9. Contrairement \u00e0 ses comparses du weekend, il a au moins le m\u00e9rite de n\u2019avoir ni bu, ni fum\u00e9.<\/p>\n<p>La mortalit\u00e9 routi\u00e8re baisse mais\u2026<\/p>\n<p class=\" wall-content\">La multiplicit\u00e9 de ses faits, surtout durant un weekend, n\u2019est pas rare. Elle est toutefois inqui\u00e9tante au regard <strong>des chiffres de la s\u00e9curit\u00e9 routi\u00e8re<\/strong> d\u00e9voil\u00e9s ce lundi 12\u00a0janvier par la pr\u00e9fecture de la Seine-Maritime.<\/p>\n<p class=\" wall-content\">Ils r\u00e9v\u00e8lent que sur les accidents ayant fait 46 morts lors de l\u2019ann\u00e9e \u00e9coul\u00e9e, <strong>15 r\u00e9sultent d\u2019une vitesse excessive<\/strong> ou inadapt\u00e9e, et <strong>14 impliquent des conducteurs ayant bu ou consomm\u00e9 de la drogue.<\/strong><\/p>\n<p class=\" wall-content\">Et si la mortalit\u00e9 routi\u00e8re est en baisse sur le d\u00e9partement entre\u00a02024 et\u00a02025, elle est malgr\u00e9 tout plus importante qu\u2019en 2019 (35 morts), 2021 (41) et 2023 (41).<\/p>\n<p>Suivez l\u2019actualit\u00e9 de Rouen <a href=\"https:\/\/www.whatsapp.com\/channel\/0029VaKfnf99hXF2ddApFB1D\" target=\"_blank\" rel=\"noopener\">sur notre cha\u00eene WhatsApp<\/a> et <a href=\"https:\/\/www.tiktok.com\/@76actu.fr?lang=fr\" target=\"_blank\" rel=\"noopener\">sur notre compte TikTok<\/a>Suivez l\u2019actualit\u00e9 du\u00a0Havre <a href=\"https:\/\/www.whatsapp.com\/channel\/0029VaFqJYE8aKvLBwVrEe0o\" target=\"_blank\" rel=\"noopener\">sur notre cha\u00eene WhatsApp<\/a> et <a href=\"https:\/\/www.tiktok.com\/@76actu.fr?lang=fr\" target=\"_blank\" rel=\"noopener\">sur notre compte TikTok<\/a><\/p>\n<p class=\" wall-content\">Personnalisez votre actualit\u00e9 en ajoutant vos villes et m\u00e9dias en favori avec <a href=\"https:\/\/moncompte.actu.fr\" title=\"D\u00e9couvez Mon Actu\" rel=\"nofollow noopener\" data-trk=\"{&quot;cta&quot;:{&quot;action&quot;:&quot;https:\\\/\\\/moncompte.actu.fr&quot;,&quot;category&quot;:&quot;mon compte&quot;,&quot;from&quot;:&quot;article footer&quot;,&quot;name&quot;:&quot;Mon actu&quot;,&quot;type&quot;:&quot;cta&quot;}}\" target=\"_blank\">Mon Actu<\/a>.<\/p>\n<p>                    <script async src=\"\/\/www.tiktok.com\/embed.js\"><\/script><\/p>\n","protected":false},"excerpt":{"rendered":"Par Julien Bouteiller Publi\u00e9 le 12 janv. 2026 \u00e0 19h12 Gros weekend pour les policiers de Rouen et&hellip;\n","protected":false},"author":2,"featured_media":659033,"comment_status":"","ping_status":"","sticky":false,"template":"","format":"standard","meta":{"footnotes":""},"categories":[9587],"tags":[119,1111,11,1777,674,118,1011,27,12,5161,1072,25,9590,5009],"class_list":{"0":"post-659032","1":"post","2":"type-post","3":"status-publish","4":"format-standard","5":"has-post-thumbnail","7":"category-rouen","8":"tag-accident","9":"tag-actu","10":"tag-actualites","11":"tag-eu","12":"tag-europe","13":"tag-faits-divers","14":"tag-fr","15":"tag-france","16":"tag-news","17":"tag-normandie","18":"tag-police","19":"tag-republique-francaise","20":"tag-rouen","21":"tag-securite-routiere"},"share_on_mastodon":{"url":"https:\/\/pubeurope.com\/@fr\/115883822517076846","error":""},"_links":{"self":[{"href":"https:\/\/www.europesays.com\/fr\/wp-json\/wp\/v2\/posts\/659032","targetHints":{"allow":["GET"]}}],"collection":[{"href":"https:\/\/www.europesays.com\/fr\/wp-json\/wp\/v2\/posts"}],"about":[{"href":"https:\/\/www.europesays.com\/fr\/wp-json\/wp\/v2\/types\/post"}],"author":[{"embeddable":true,"href":"https:\/\/www.europesays.com\/fr\/wp-json\/wp\/v2\/users\/2"}],"replies":[{"embeddable":true,"href":"https:\/\/www.europesays.com\/fr\/wp-json\/wp\/v2\/comments?post=659032"}],"version-history":[{"count":0,"href":"https:\/\/www.europesays.com\/fr\/wp-json\/wp\/v2\/posts\/659032\/revisions"}],"wp:featuredmedia":[{"embeddable":true,"href":"https:\/\/www.europesays.com\/fr\/wp-json\/wp\/v2\/media\/659033"}],"wp:attachment":[{"href":"https:\/\/www.europesays.com\/fr\/wp-json\/wp\/v2\/media?parent=659032"}],"wp:term":[{"taxonomy":"category","embeddable":true,"href":"https:\/\/www.europesays.com\/fr\/wp-json\/wp\/v2\/categories?post=659032"},{"taxonomy":"post_tag","embeddable":true,"href":"https:\/\/www.europesays.com\/fr\/wp-json\/wp\/v2\/tags?post=659032"}],"curies":[{"name":"wp","href":"https:\/\/api.w.org\/{rel}","templated":true}]}}