{"id":659034,"date":"2026-01-12T19:39:16","date_gmt":"2026-01-12T19:39:16","guid":{"rendered":"https:\/\/www.europesays.com\/fr\/659034\/"},"modified":"2026-01-12T19:39:16","modified_gmt":"2026-01-12T19:39:16","slug":"ikenna-ndugba-nouvel-arriere-en-renfort-au-rmb-rouen-metropole-basket","status":"publish","type":"post","link":"https:\/\/www.europesays.com\/fr\/659034\/","title":{"rendered":"Ikenna Ndugba, nouvel arri\u00e8re en renfort au RMB ! \u2013 Rouen M\u00e9tropole Basket"},"content":{"rendered":"<p style=\"text-align: justify;\" data-start=\"113\" data-end=\"241\"><strong>Le RMB vous annonce qu\u2019Ikenna Ndugba rejoint l\u2019effectif rouennais afin d\u2019apporter toute son explosivit\u00e9 sur les lignes arri\u00e8res.<\/strong><\/p>\n<p style=\"text-align: justify;\" data-start=\"68\" data-end=\"423\">Ikenna Ndugba, arri\u00e8re athl\u00e9tique et pr\u00e9sent des deux c\u00f4t\u00e9s du terrain, arrive en remplacement de Karim Man\u00e9. Un profil que le RMB avait d\u00e9j\u00e0 rep\u00e9r\u00e9 et convoit\u00e9 lors de l\u2019intersaison 2025. Nous sommes donc tr\u00e8s heureux de le voir rejoindre nos rangs en ce d\u00e9but d\u2019ann\u00e9e.<\/p>\n<p style=\"text-align: justify;\" data-start=\"425\" data-end=\"889\">International Nig\u00e9rian, Ikenna Ndugba a grandi aux \u00c9tats-Unis, o\u00f9 il a effectu\u00e9 sa formation dans l\u2019Est am\u00e9ricain. Apr\u00e8s quatre ann\u00e9es universitaires du c\u00f4t\u00e9 de Bryant University (pr\u00e8s de Boston), puis une saison \u00e0 Phoenix, le meneur a d\u00e9but\u00e9 sa carri\u00e8re professionnelle en G-League (l\u2019antichambre de la NBA). Il y passera deux saisons au sein des \u00e9quipes G-League des Charlotte Hornets et des Golden State Warriors, avant de s\u2019envoler pour l\u2019Europe pour poursuivre sa carri\u00e8re.<\/p>\n<p style=\"text-align: justify;\" data-start=\"891\" data-end=\"1256\">Une saison plus que r\u00e9ussie en premi\u00e8re division suisse, avec des moyennes de 19 points, 6 passes et 5 rebonds, lui ouvre les portes du championnat de France. Il rejoint alors Hy\u00e8res-Toulon en d\u00e9but de saison, avant de se blesser. \u00c9cart\u00e9 des terrains pendant plusieurs mois, il retrouve aujourd\u2019hui les parquets sous de nouvelles couleurs, celles du Rouen M\u00e9tropole Basket.<\/p>\n","protected":false},"excerpt":{"rendered":"Le RMB vous annonce qu\u2019Ikenna Ndugba rejoint l\u2019effectif rouennais afin d\u2019apporter toute son explosivit\u00e9 sur les lignes arri\u00e8res.&hellip;\n","protected":false},"author":2,"featured_media":659035,"comment_status":"","ping_status":"","sticky":false,"template":"","format":"standard","meta":{"footnotes":""},"categories":[9587],"tags":[1111,11,1777,674,1011,27,12,5161,25,9590],"class_list":{"0":"post-659034","1":"post","2":"type-post","3":"status-publish","4":"format-standard","5":"has-post-thumbnail","7":"category-rouen","8":"tag-actu","9":"tag-actualites","10":"tag-eu","11":"tag-europe","12":"tag-fr","13":"tag-france","14":"tag-news","15":"tag-normandie","16":"tag-republique-francaise","17":"tag-rouen"},"share_on_mastodon":{"url":"https:\/\/pubeurope.com\/@fr\/115883826505198377","error":""},"_links":{"self":[{"href":"https:\/\/www.europesays.com\/fr\/wp-json\/wp\/v2\/posts\/659034","targetHints":{"allow":["GET"]}}],"collection":[{"href":"https:\/\/www.europesays.com\/fr\/wp-json\/wp\/v2\/posts"}],"about":[{"href":"https:\/\/www.europesays.com\/fr\/wp-json\/wp\/v2\/types\/post"}],"author":[{"embeddable":true,"href":"https:\/\/www.europesays.com\/fr\/wp-json\/wp\/v2\/users\/2"}],"replies":[{"embeddable":true,"href":"https:\/\/www.europesays.com\/fr\/wp-json\/wp\/v2\/comments?post=659034"}],"version-history":[{"count":0,"href":"https:\/\/www.europesays.com\/fr\/wp-json\/wp\/v2\/posts\/659034\/revisions"}],"wp:featuredmedia":[{"embeddable":true,"href":"https:\/\/www.europesays.com\/fr\/wp-json\/wp\/v2\/media\/659035"}],"wp:attachment":[{"href":"https:\/\/www.europesays.com\/fr\/wp-json\/wp\/v2\/media?parent=659034"}],"wp:term":[{"taxonomy":"category","embeddable":true,"href":"https:\/\/www.europesays.com\/fr\/wp-json\/wp\/v2\/categories?post=659034"},{"taxonomy":"post_tag","embeddable":true,"href":"https:\/\/www.europesays.com\/fr\/wp-json\/wp\/v2\/tags?post=659034"}],"curies":[{"name":"wp","href":"https:\/\/api.w.org\/{rel}","templated":true}]}}