{"id":659044,"date":"2026-01-12T19:44:11","date_gmt":"2026-01-12T19:44:11","guid":{"rendered":"https:\/\/www.europesays.com\/fr\/659044\/"},"modified":"2026-01-12T19:44:11","modified_gmt":"2026-01-12T19:44:11","slug":"le-premier-morceau-du-parc-urbain-du-petit-rhin-livre-au-printemps","status":"publish","type":"post","link":"https:\/\/www.europesays.com\/fr\/659044\/","title":{"rendered":"le premier morceau du parc urbain du Petit Rhin livr\u00e9 au printemps"},"content":{"rendered":"<p>Il y a de quoi se r\u00e9jouir de l\u2019\u00e9mergence d\u2019un parc, d\u2019autant plus lorsqu\u2019il prend racine au c\u0153ur du territoire industriel du Port-du-Rhin, qui plus est au milieu d\u2019anciennes friches r\u00e9habilit\u00e9es et d\u2019habitations nouvellement sorties de terre. De l\u2019herbe \u00e0 perte de vue, des aires de jeux, de pique-nique, des espaces de d\u00e9tente, des \u00eelots ludiques, des sentiers pi\u00e9tons et cyclistes d\u00e9limit\u00e9s ou encore des zones prot\u00e9g\u00e9es et d\u00e9di\u00e9es \u00e0 la biodiversit\u00e9 et \u00e0 son d\u00e9veloppement\u00a0: c\u2019est en outre ce que nous r\u00e9serve le futur parc urbain du Petit Rhin, en cours d\u2019am\u00e9nagement dans le creux d\u2019un ancien bras du Rhin, de part et d\u2019autre de <a href=\"https:\/\/www.dna.fr\/transport\/2023\/03\/17\/starcoop-la-revanche-d-une-station-au-milieu-de-nulle-part\" target=\"_blank\" rel=\"noopener\">la&#8230;<\/a><\/p>\n","protected":false},"excerpt":{"rendered":"Il y a de quoi se r\u00e9jouir de l\u2019\u00e9mergence d\u2019un parc, d\u2019autant plus lorsqu\u2019il prend racine au c\u0153ur&hellip;\n","protected":false},"author":2,"featured_media":659045,"comment_status":"","ping_status":"","sticky":false,"template":"","format":"standard","meta":{"footnotes":""},"categories":[2820],"tags":[1111,11,4749,33,2880,436,1777,674,107,1011,27,775,12,25,640,2879],"class_list":{"0":"post-659044","1":"post","2":"type-post","3":"status-publish","4":"format-standard","5":"has-post-thumbnail","7":"category-strasbourg","8":"tag-actu","9":"tag-actualites","10":"tag-btp-et-chantiers","11":"tag-economie","12":"tag-edition-strasbourg","13":"tag-environnement","14":"tag-eu","15":"tag-europe","16":"tag-fil-info","17":"tag-fr","18":"tag-france","19":"tag-grand-est","20":"tag-news","21":"tag-republique-francaise","22":"tag-strasbourg","23":"tag-strasbourg-ville"},"share_on_mastodon":{"url":"https:\/\/pubeurope.com\/@fr\/115883846134538761","error":""},"_links":{"self":[{"href":"https:\/\/www.europesays.com\/fr\/wp-json\/wp\/v2\/posts\/659044","targetHints":{"allow":["GET"]}}],"collection":[{"href":"https:\/\/www.europesays.com\/fr\/wp-json\/wp\/v2\/posts"}],"about":[{"href":"https:\/\/www.europesays.com\/fr\/wp-json\/wp\/v2\/types\/post"}],"author":[{"embeddable":true,"href":"https:\/\/www.europesays.com\/fr\/wp-json\/wp\/v2\/users\/2"}],"replies":[{"embeddable":true,"href":"https:\/\/www.europesays.com\/fr\/wp-json\/wp\/v2\/comments?post=659044"}],"version-history":[{"count":0,"href":"https:\/\/www.europesays.com\/fr\/wp-json\/wp\/v2\/posts\/659044\/revisions"}],"wp:featuredmedia":[{"embeddable":true,"href":"https:\/\/www.europesays.com\/fr\/wp-json\/wp\/v2\/media\/659045"}],"wp:attachment":[{"href":"https:\/\/www.europesays.com\/fr\/wp-json\/wp\/v2\/media?parent=659044"}],"wp:term":[{"taxonomy":"category","embeddable":true,"href":"https:\/\/www.europesays.com\/fr\/wp-json\/wp\/v2\/categories?post=659044"},{"taxonomy":"post_tag","embeddable":true,"href":"https:\/\/www.europesays.com\/fr\/wp-json\/wp\/v2\/tags?post=659044"}],"curies":[{"name":"wp","href":"https:\/\/api.w.org\/{rel}","templated":true}]}}