{"id":659046,"date":"2026-01-12T19:45:11","date_gmt":"2026-01-12T19:45:11","guid":{"rendered":"https:\/\/www.europesays.com\/fr\/659046\/"},"modified":"2026-01-12T19:45:11","modified_gmt":"2026-01-12T19:45:11","slug":"a-strasbourg-la-societe-sappe-condamnee-apres-des-nuages-de-poussiere-noire-au-port-du-rhin","status":"publish","type":"post","link":"https:\/\/www.europesays.com\/fr\/659046\/","title":{"rendered":"\u00c0 Strasbourg, la soci\u00e9t\u00e9 Sappe condamn\u00e9e apr\u00e8s des nuages de poussi\u00e8re noire au Port du Rhin"},"content":{"rendered":"<p>La soci\u00e9t\u00e9 Sappe a \u00e9t\u00e9 condamn\u00e9e par le tribunal correctionnel de Strasbourg ce lundi \u00e0 une interdiction d&rsquo;exploiter l&rsquo;une de ses activit\u00e9s pendant un an suppl\u00e9mentaire, sur sa plateforme du Port du Rhin. Elle n&rsquo;avait pas les autorisations n\u00e9cessaires pour cette activit\u00e9 potentiellement polluante. <\/p>\n<p>\u00c0 Strasbourg, la soci\u00e9t\u00e9 Sappe, soci\u00e9t\u00e9 antipollution et protection de l&rsquo;environnement a \u00e9t\u00e9 condamn\u00e9e devant le tribunal correctionnel ce lundi \u00e0 <strong>120.000 euros d&rsquo;amende et \u00e0 l&rsquo;interdiction d&rsquo;exploiter son activit\u00e9 de transit de coke de p\u00e9trole<\/strong> pendant un an, sur sa plateforme du Port du Rhin \u00e0 Strasbourg. Car cette activit\u00e9, potentiellement polluante, n&rsquo;avait pas \u00e9t\u00e9 autoris\u00e9e.<\/p>\n<p><strong>Les entreprises voisines avaient \u00e9t\u00e9 alert\u00e9es par la pr\u00e9sence de nuages de poussi\u00e8re noire d\u00e8s la fin 2024<\/strong> et l&rsquo;activit\u00e9 avaient \u00e9t\u00e9 arr\u00eat\u00e9e en urgence pour un an apr\u00e8s une premi\u00e8re d\u00e9cision de justice. C&rsquo;est Fran\u00e7ois Zind, l&rsquo;avocat de Biobrasseur, install\u00e9 juste \u00e0 c\u00f4t\u00e9, qui avait lanc\u00e9 la proc\u00e9dure\u00a0: \u00ab\u00a0Ily\u00a0a eu plein de plaintes d&rsquo;entreprises autour et de salari\u00e9s, qui voulaient faire usage de leur droit de retrait parce qu&rsquo;ils en avaient marre de respirer ces poussi\u00e8res. Biobrasseur s&rsquo;inqui\u00e9tait pour ses salari\u00e9s mais aussi pour la pollution sur ses activit\u00e9s de production de kombutcha.\u00a0\u00bb<\/p>\n<p>L&rsquo;avocat ajoute\u00a0: \u00ab\u00a0Le coke de p\u00e9trole, c&rsquo;est comme du charbon tr\u00e8s volatile, qui arrive d&rsquo;Afrique du Sud et qui descend le Rhin en barge, et qui est d\u00e9charg\u00e9 par Sappe dans des camions et transport\u00e9 jusqu&rsquo;\u00e0 Lyon pour une entreprise qui l&rsquo;utilise comme mati\u00e8re premi\u00e8re dans un processus industriel\u00a0\u00bb. Un mat\u00e9riau qui, quand il est dans l&rsquo;air, provoque cette fameuse poussi\u00e8re noire.<\/p>\n<p>Cette interdiction pour les activit\u00e9s autour du coke de p\u00e9trole est donc prolong\u00e9e d&rsquo;un an par d\u00e9cision du tribunal correctionnel de Strasbourg, apr\u00e8s l&rsquo;ouverture d&rsquo;une enqu\u00eate par le pole environnement. Une demande de r\u00e9gularisation a \u00e9t\u00e9 d\u00e9pos\u00e9e par Sappe aupr\u00e8s de l&rsquo;administration comp\u00e9tente, il y aura une \u00e9tude d&rsquo;impact et une enqu\u00eate publique.<\/p>\n<p><strong>Le reste des activit\u00e9s comme le traitement de terres pollu\u00e9es est maintenu<\/strong>.<\/p>\n<p>\u00c0 lire aussi   <img decoding=\"async\" src=\"https:\/\/www.europesays.com\/fr\/wp-content\/uploads\/2026\/01\/1768247111_463_400x400.jpeg\" alt=\"\" style=\"--_image-preview:url('data:image\/jpeg;base64,\/9j\/2wBDACgcHiMeGSgjISMtKygwPGRBPDc3PHtYXUlkkYCZlo+AjIqgtObDoKrarYqMyP\/L2u71\/\/\/\/m8H\/\/\/\/6\/+b9\/\/j\/2wBDASstLTw1PHZBQXb4pYyl+Pj4+Pj4+Pj4+Pj4+Pj4+Pj4+Pj4+Pj4+Pj4+Pj4+Pj4+Pj4+Pj4+Pj4+Pj4+Pj4+Pj\/wAARCAAXACoDASIAAhEBAxEB\/8QAGAAAAwEBAAAAAAAAAAAAAAAAAAEEAgP\/xAAYEAEBAQEBAAAAAAAAAAAAAAAAAQISE\/\/EABYBAQEBAAAAAAAAAAAAAAAAAAABAv\/EABQRAQAAAAAAAAAAAAAAAAAAAAD\/2gAMAwEAAhEDEQA\/AKPQeibs5pUVTbU2lmm5oFM2fThNH0CI4AyrUbgANwwAf\/\/Z');\" loading=\"lazy\" fetchpriority=\"low\" aria-hidden=\"true\" class=\"svelte-1cksh76 rounded\" onload=\"this.__e=event\" onerror=\"this.__e=event\"\/><\/p>\n","protected":false},"excerpt":{"rendered":"La soci\u00e9t\u00e9 Sappe a \u00e9t\u00e9 condamn\u00e9e par le tribunal correctionnel de Strasbourg ce lundi \u00e0 une interdiction d&rsquo;exploiter&hellip;\n","protected":false},"author":2,"featured_media":659047,"comment_status":"","ping_status":"","sticky":false,"template":"","format":"standard","meta":{"footnotes":""},"categories":[2820],"tags":[1111,11,1777,674,1011,27,775,12,25,640],"class_list":{"0":"post-659046","1":"post","2":"type-post","3":"status-publish","4":"format-standard","5":"has-post-thumbnail","7":"category-strasbourg","8":"tag-actu","9":"tag-actualites","10":"tag-eu","11":"tag-europe","12":"tag-fr","13":"tag-france","14":"tag-grand-est","15":"tag-news","16":"tag-republique-francaise","17":"tag-strasbourg"},"share_on_mastodon":{"url":"https:\/\/pubeurope.com\/@fr\/115883850121401462","error":""},"_links":{"self":[{"href":"https:\/\/www.europesays.com\/fr\/wp-json\/wp\/v2\/posts\/659046","targetHints":{"allow":["GET"]}}],"collection":[{"href":"https:\/\/www.europesays.com\/fr\/wp-json\/wp\/v2\/posts"}],"about":[{"href":"https:\/\/www.europesays.com\/fr\/wp-json\/wp\/v2\/types\/post"}],"author":[{"embeddable":true,"href":"https:\/\/www.europesays.com\/fr\/wp-json\/wp\/v2\/users\/2"}],"replies":[{"embeddable":true,"href":"https:\/\/www.europesays.com\/fr\/wp-json\/wp\/v2\/comments?post=659046"}],"version-history":[{"count":0,"href":"https:\/\/www.europesays.com\/fr\/wp-json\/wp\/v2\/posts\/659046\/revisions"}],"wp:featuredmedia":[{"embeddable":true,"href":"https:\/\/www.europesays.com\/fr\/wp-json\/wp\/v2\/media\/659047"}],"wp:attachment":[{"href":"https:\/\/www.europesays.com\/fr\/wp-json\/wp\/v2\/media?parent=659046"}],"wp:term":[{"taxonomy":"category","embeddable":true,"href":"https:\/\/www.europesays.com\/fr\/wp-json\/wp\/v2\/categories?post=659046"},{"taxonomy":"post_tag","embeddable":true,"href":"https:\/\/www.europesays.com\/fr\/wp-json\/wp\/v2\/tags?post=659046"}],"curies":[{"name":"wp","href":"https:\/\/api.w.org\/{rel}","templated":true}]}}