{"id":659050,"date":"2026-01-12T19:47:15","date_gmt":"2026-01-12T19:47:15","guid":{"rendered":"https:\/\/www.europesays.com\/fr\/659050\/"},"modified":"2026-01-12T19:47:15","modified_gmt":"2026-01-12T19:47:15","slug":"nice-previsions-meteo-du-lundi-12-janvier-2026","status":"publish","type":"post","link":"https:\/\/www.europesays.com\/fr\/659050\/","title":{"rendered":"Nice : pr\u00e9visions m\u00e9t\u00e9o du lundi 12 janvier 2026"},"content":{"rendered":"<p>\u00c0 Nice, la journ\u00e9e de lundi 12 janvier 2026 sera marqu\u00e9e par un ciel tr\u00e8s nuageux le matin, \u00e9voluant vers des \u00e9claircies l\u2019apr\u00e8s-midi. Les temp\u00e9ratures resteront fra\u00eeches, comprises entre 6 et 11 degr\u00e9s, sans risque de pluie.<\/p>\n<p>    Alerte en cours : vigilance Jaune Avalanche<\/p>\n<p>Ce lundi 12 janvier 2026, le d\u00e9partement des Alpes-Maritimes demeure plac\u00e9 en vigilance <b>Jaune<\/b> Avalanche.<\/p>\n<p>Les secteurs alpins sont principalement concern\u00e9s, mais la prudence reste de mise pour toute randonn\u00e9e dans l\u2019arri\u00e8re-pays : le manteau neigeux demeure parfois instable.<\/p>\n<p>Consultez notre <a href=\"https:\/\/www.meteocity.com\/france\/alertes\" target=\"_blank\" rel=\"noopener\">page d\u00e9di\u00e9e aux alertes m\u00e9t\u00e9orologiques<\/a> pour suivre l\u2019\u00e9volution de la situation.<\/p>\n<p>Matin : lever de soleil \u00e0 08 h 02<\/p>\n<p>Sur la Promenade des Anglais, la journ\u00e9e d\u00e9bute sous un ciel tr\u00e8s nuageux. On rel\u00e8ve <b>7 \u00b0C<\/b>, avec un ressenti de <b>4 \u00b0C<\/b>.<\/p>\n<p>L\u2019humidit\u00e9 mod\u00e9r\u00e9e (53 %) et une brise de Nord \u00e0 10 km\/h apportent une atmosph\u00e8re fra\u00eeche mais s\u00e8che. La pression s\u2019\u00e9tablit \u00e0 1 023 hPa.<\/p>\n<ul>\n<li>Probabilit\u00e9 d\u2019averse : <b>0 %<\/b><\/li>\n<li>Visibilit\u00e9 : bonne, mer peu agit\u00e9e<\/li>\n<\/ul>\n<p>En d\u00e9pit d\u2019un mercure plut\u00f4t doux, l\u2019\u00e9cart de trois degr\u00e9s entre temp\u00e9rature r\u00e9elle et ressenti incite \u00e0 superposer les couches : tee-shirt thermique, pull et coupe-vent suffiront pour le trajet domicile-travail ou l\u2019attente du tramway.<\/p>\n<p>Le taux d\u2019humidit\u00e9 limit\u00e9 \u00e0 53 % garantit un air relativement sec pour la saison ; inutile de sortir les lunettes de soleil, la couverture nuageuse r\u00e9duit l\u2019\u00e9blouissement, m\u00eame en l\u2019absence de pluie.<\/p>\n<p>Apr\u00e8s-midi<\/p>\n<p>\u00c0 l\u2019heure du d\u00e9jeuner, le ciel devient variable. Le thermom\u00e8tre grimpe \u00e0 <b>11 \u00b0C<\/b>, pour un ressenti de <b>8 \u00b0C<\/b>.<\/p>\n<p>Le vent s\u2019oriente au Sud-Ouest \u00e0 8 km\/h, insuffisant pour rafra\u00eechir l\u2019atmosph\u00e8re. L\u2019humidit\u00e9 descend \u00e0 46 % et aucune pr\u00e9cipitation n\u2019est attendue.<\/p>\n<p>L\u2019absence totale de pluie (0 %) profitera aux chantiers du littoral : aucune interruption n\u2019est pr\u00e9vue, les grues poursuivront leurs rotations. Les commer\u00e7ants du march\u00e9 du Cours Saleya pourront \u00e9galement maintenir leurs \u00e9tals sans b\u00e2che protectrice.<\/p>\n<p>Entre 9 h et 15 h, le thermom\u00e8tre gagne quatre degr\u00e9s ; cette hausse mod\u00e9r\u00e9e limite les contrastes thermiques entre int\u00e9rieur et ext\u00e9rieur, mais un foulard restera bienvenu, notamment en raison du l\u00e9ger vent de Sud-Ouest.<\/p>\n<p>Soir : coucher de soleil \u00e0 17 h 15<\/p>\n<p>\u00c0 17 h 15, le soleil se couche sur la Baie des Anges, sous un ciel encore variable.<\/p>\n<p>\u00c0 21 h, la temp\u00e9rature redescend \u00e0 <b>7 \u00b0C<\/b>, le ressenti chute \u00e0 <b>3 \u00b0C<\/b> sous une petite brise de Nord \u00e0 9 km\/h.<\/p>\n<p>Sous un ciel changeant, le rayonnement nocturne accentuera la fra\u00eecheur, avec un ressenti quatre degr\u00e9s en dessous de la temp\u00e9rature affich\u00e9e. Pr\u00e9voir des gants pour les deux-roues, m\u00eame si la temp\u00e9rature reste positive.<\/p>\n<p>Les terrasses chauff\u00e9es seront recherch\u00e9es. Le temps sec et une humidit\u00e9 de 61 % limiteront la formation de bu\u00e9e sur les vitrines, encourageant les fl\u00e2neurs \u00e0 profiter des soldes d\u2019hiver apr\u00e8s le coucher du soleil.<\/p>\n<p>Tendance g\u00e9n\u00e9rale pour le lendemain<\/p>\n<p>Les mod\u00e8les annoncent la poursuite d\u2019un temps tr\u00e8s nuageux sans pr\u00e9cipitations.<\/p>\n<p>Demain, le mercure oscillera entre <b>7 \u00b0C<\/b> et <b>13 \u00b0C<\/b>, avec un ressenti compris entre 3 \u00b0C et 11 \u00b0C ; un vent mod\u00e9r\u00e9 de 10 km\/h soufflera, la probabilit\u00e9 d\u2019averse restant nulle.<\/p>\n<tr>Temp\u00e9ratureRessentiVent moyen<\/tr>\n<tr>\n<td><b>7 \u00b0C \/ 13 \u00b0C<\/b><\/td>\n<td>3 \u00b0C \/ 11 \u00b0C<\/td>\n<td>10 km\/h Nord-Nord-Ouest<\/td>\n<\/tr>\n<p>L\u2019humidit\u00e9 progressera vers 72 % et la pression baissera \u00e0 995 hPa, sans toutefois qu\u2019aucune intemp\u00e9rie majeure ne soit envisag\u00e9e.<\/p>\n<p>Pour organiser vos activit\u00e9s, consultez <a href=\"https:\/\/www.meteocity.com\/france\/nice-v2990440\" target=\"_blank\" rel=\"noopener\">nos pr\u00e9visions d\u00e9taill\u00e9es<\/a>.<\/p>\n<p>En montagne, la vigilance avalanche pourrait se prolonger ; il conviendra de surveiller l\u2019\u00e9volution du manteau neigeux avant toute sortie hors-piste.<\/p>\n","protected":false},"excerpt":{"rendered":"\u00c0 Nice, la journ\u00e9e de lundi 12 janvier 2026 sera marqu\u00e9e par un ciel tr\u00e8s nuageux le matin,&hellip;\n","protected":false},"author":2,"featured_media":659051,"comment_status":"","ping_status":"","sticky":false,"template":"","format":"standard","meta":{"footnotes":""},"categories":[2819],"tags":[1111,11,1777,674,1011,27,12,2401,882,25],"class_list":{"0":"post-659050","1":"post","2":"type-post","3":"status-publish","4":"format-standard","5":"has-post-thumbnail","7":"category-nice","8":"tag-actu","9":"tag-actualites","10":"tag-eu","11":"tag-europe","12":"tag-fr","13":"tag-france","14":"tag-news","15":"tag-nice","16":"tag-provence-alpes-cote-dazur","17":"tag-republique-francaise"},"share_on_mastodon":{"url":"https:\/\/pubeurope.com\/@fr\/115883857994584841","error":""},"_links":{"self":[{"href":"https:\/\/www.europesays.com\/fr\/wp-json\/wp\/v2\/posts\/659050","targetHints":{"allow":["GET"]}}],"collection":[{"href":"https:\/\/www.europesays.com\/fr\/wp-json\/wp\/v2\/posts"}],"about":[{"href":"https:\/\/www.europesays.com\/fr\/wp-json\/wp\/v2\/types\/post"}],"author":[{"embeddable":true,"href":"https:\/\/www.europesays.com\/fr\/wp-json\/wp\/v2\/users\/2"}],"replies":[{"embeddable":true,"href":"https:\/\/www.europesays.com\/fr\/wp-json\/wp\/v2\/comments?post=659050"}],"version-history":[{"count":0,"href":"https:\/\/www.europesays.com\/fr\/wp-json\/wp\/v2\/posts\/659050\/revisions"}],"wp:featuredmedia":[{"embeddable":true,"href":"https:\/\/www.europesays.com\/fr\/wp-json\/wp\/v2\/media\/659051"}],"wp:attachment":[{"href":"https:\/\/www.europesays.com\/fr\/wp-json\/wp\/v2\/media?parent=659050"}],"wp:term":[{"taxonomy":"category","embeddable":true,"href":"https:\/\/www.europesays.com\/fr\/wp-json\/wp\/v2\/categories?post=659050"},{"taxonomy":"post_tag","embeddable":true,"href":"https:\/\/www.europesays.com\/fr\/wp-json\/wp\/v2\/tags?post=659050"}],"curies":[{"name":"wp","href":"https:\/\/api.w.org\/{rel}","templated":true}]}}