{"id":659052,"date":"2026-01-12T19:48:17","date_gmt":"2026-01-12T19:48:17","guid":{"rendered":"https:\/\/www.europesays.com\/fr\/659052\/"},"modified":"2026-01-12T19:48:17","modified_gmt":"2026-01-12T19:48:17","slug":"a-saint-herblain-une-reflexion-dansee-sur-la-vie-et-la-mort","status":"publish","type":"post","link":"https:\/\/www.europesays.com\/fr\/659052\/","title":{"rendered":"\u00c0 Saint-Herblain, une r\u00e9flexion dans\u00e9e sur la vie et la mort"},"content":{"rendered":"<p>En r\u00e9sidence \u00e0 Onyx, Audrey Bodiguel, chor\u00e9graphe et performeuse, ouvrira le festival de danse Trajectoires avec \u00ab\u00a0Carne\u00a0\u00bb, une cr\u00e9ation sur la vie et la mort. \u00a0Avec ce spectacle, je questionne notre rapport \u00e0 la finitude, je cherche \u00e0 remettre l\u2019humain \u00e0 sa place, en acceptant d\u2019\u00eatre confront\u00e9 \u00e0 notre propre mort\u00a0\u00bb,explique Audrey Bodiguel.<\/p>\n<p>Sur la grande sc\u00e8ne du th\u00e9\u00e2tre Onyx, on s\u2019affaire pour les derni\u00e8res mises au point du spectacle, car ce solo, c\u2019est aussi six techniciens qui accompagnent l\u2019interpr\u00e8te de \u00ab\u00a0Carne\u00a0\u00bb et mettent en place les \u00e9l\u00e9ments du d\u00e9cor, les lumi\u00e8res et la musique. \u00a0Le solo repose sur une \u00e9criture vivante et mouvante, tr\u00e8s li\u00e9e \u00e0 la musique et aux lumi\u00e8res, comme une performance.\u00a0<\/p>\n<p>\u00a0Que va devenir mon corps\u00a0?\u00a0<\/p>\n<p>\u00ab\u00a0Carne\u00a0\u00bb montre un corps \u00e0 diff\u00e9rentes \u00e9tapes de sa vie\u00a0; c\u2019est un spectacle sur la mort, une pi\u00e8ce dans\u00e9e, parl\u00e9e, visuelle et sonore. \u00a0Dans cette proposition d\u00e9cal\u00e9e, pas du tout tragique, on parle de la mort et de la beaut\u00e9.\u00a0La chor\u00e9graphe aime r\u00e9p\u00e9ter ce qui fait sens \u00e0 son spectacle\u00a0: \u00a0Ce n\u2019est pas parce que je pars, que je m\u2019en vais\u00a0! En tant que danseuse et chor\u00e9graphe, je me pose la question\u00a0: que va devenir mon corps\u00a0?\u00a0 Avec \u00ab\u00a0Carne\u00a0\u00bb, Audrey Bodiguel accepte de perdre de sa superbe pour acc\u00e9der \u00e0 ce qu\u2019est r\u00e9ellement son corps\u00a0: un organisme vivant en perp\u00e9tuel mouvement.<\/p>\n<p>Festival de danses exploratrices, Trajectoires investit le th\u00e9\u00e2tre Onyx avec quatre nouvelles cr\u00e9ations. \u00ab\u00a0Carne\u00a0\u00bb, par la Cie la Veine, \u00ab\u00a0La visite\u00a0\u00bb, par la compagnie la 37e Chambre (dimanche 18\u00a0janvier, \u00e0 17\u00a0h)\u00a0; \u00ab\u00a0Soutenir\u00a0\u00bb, par DADR Cie (mercredi 21\u00a0janvier, \u00e0 21\u00a0h)\u00a0; \u00ab\u00a0Imminentes\u00a0\u00bb par la Cie BurnOut (samedi 24\u00a0janvier, \u00e0 21\u00a0h, et dimanche\u00a025, \u00e0 17\u00a0h).<\/p>\n<p><strong>Jeudi\u00a015 et vendredi 16\u00a0janvier, <\/strong>\u00ab\u00a0Carne\u00a0\u00bb, par la Cie la Veine, une cr\u00e9ation d\u2019Audrey Bodiguel, en ouverture du festival Trajectoires, au th\u00e9\u00e2tre Onyx. R\u00e9servation\u00a0: www.theatreonyx.fr<\/p>\n<p>\u00a0<\/p>\n","protected":false},"excerpt":{"rendered":"En r\u00e9sidence \u00e0 Onyx, Audrey Bodiguel, chor\u00e9graphe et performeuse, ouvrira le festival de danse Trajectoires avec \u00ab\u00a0Carne\u00a0\u00bb, une&hellip;\n","protected":false},"author":2,"featured_media":659053,"comment_status":"","ping_status":"","sticky":false,"template":"","format":"standard","meta":{"footnotes":""},"categories":[2818],"tags":[1111,11,76107,1777,674,1011,27,18,766,12,2636,18067,25,4286,4717],"class_list":{"0":"post-659052","1":"post","2":"type-post","3":"status-publish","4":"format-standard","5":"has-post-thumbnail","7":"category-nantes","8":"tag-actu","9":"tag-actualites","10":"tag-dansee","11":"tag-eu","12":"tag-europe","13":"tag-fr","14":"tag-france","15":"tag-mort","16":"tag-nantes","17":"tag-news","18":"tag-pays-de-la-loire","19":"tag-reflexion","20":"tag-republique-francaise","21":"tag-saint-herblain","22":"tag-vie"},"share_on_mastodon":{"url":"https:\/\/pubeurope.com\/@fr\/115883861904948957","error":""},"_links":{"self":[{"href":"https:\/\/www.europesays.com\/fr\/wp-json\/wp\/v2\/posts\/659052","targetHints":{"allow":["GET"]}}],"collection":[{"href":"https:\/\/www.europesays.com\/fr\/wp-json\/wp\/v2\/posts"}],"about":[{"href":"https:\/\/www.europesays.com\/fr\/wp-json\/wp\/v2\/types\/post"}],"author":[{"embeddable":true,"href":"https:\/\/www.europesays.com\/fr\/wp-json\/wp\/v2\/users\/2"}],"replies":[{"embeddable":true,"href":"https:\/\/www.europesays.com\/fr\/wp-json\/wp\/v2\/comments?post=659052"}],"version-history":[{"count":0,"href":"https:\/\/www.europesays.com\/fr\/wp-json\/wp\/v2\/posts\/659052\/revisions"}],"wp:featuredmedia":[{"embeddable":true,"href":"https:\/\/www.europesays.com\/fr\/wp-json\/wp\/v2\/media\/659053"}],"wp:attachment":[{"href":"https:\/\/www.europesays.com\/fr\/wp-json\/wp\/v2\/media?parent=659052"}],"wp:term":[{"taxonomy":"category","embeddable":true,"href":"https:\/\/www.europesays.com\/fr\/wp-json\/wp\/v2\/categories?post=659052"},{"taxonomy":"post_tag","embeddable":true,"href":"https:\/\/www.europesays.com\/fr\/wp-json\/wp\/v2\/tags?post=659052"}],"curies":[{"name":"wp","href":"https:\/\/api.w.org\/{rel}","templated":true}]}}