{"id":659054,"date":"2026-01-12T19:49:14","date_gmt":"2026-01-12T19:49:14","guid":{"rendered":"https:\/\/www.europesays.com\/fr\/659054\/"},"modified":"2026-01-12T19:49:14","modified_gmt":"2026-01-12T19:49:14","slug":"nantes-recrute-ibrahima-sissoko","status":"publish","type":"post","link":"https:\/\/www.europesays.com\/fr\/659054\/","title":{"rendered":"Nantes recrute Ibrahima Sissoko"},"content":{"rendered":"<p>Le FC <a href=\"https:\/\/www.footmercato.net\/club\/fc-nantes\/\" target=\"_blank\" rel=\"noopener\">Nantes<\/a> tient sa troisi\u00e8me recrue hivernale. Apr\u00e8s les arriv\u00e9es de Deiver Machado (Lens) et de R\u00e9my Cabella (Olympiakos), les Canaris accueillent le milieu malien <a href=\"https:\/\/www.footmercato.net\/joueur\/ibrahima-sissoko\/\" target=\"_blank\" rel=\"noopener\">Ibrahima Sissoko<\/a>. L\u2019ex-joueur de <a href=\"https:\/\/www.footmercato.net\/club\/vfl-bochum-1848\/\" target=\"_blank\" rel=\"noopener\">Bochum<\/a> (2. Bundesliga) a \u00e9t\u00e9 transf\u00e9r\u00e9 pour environ 2 M\u20ac.<\/p>\n<p>            La suite apr\u00e8s cette publicit\u00e9<\/p>\n<p>\u00ab Le milieu d\u00e9fensif malien rejoint les rangs Jaunes et Verts et devient officiellement Nantais. En provenance de Bochum, Ibrahima Sissoko s\u2019est engag\u00e9 avec le FC Nantes jusqu\u2019en 2028 \u00bb, peut-on lire sur le communiqu\u00e9 publi\u00e9 par le club des bords de l\u2019Erdre.<\/p>\n<p>\n    Pub. le 12\/01\/2026 19:18<br \/>\n            &#8211; MAJ le 12\/01\/2026 20:31\n    <\/p>\n","protected":false},"excerpt":{"rendered":"Le FC Nantes tient sa troisi\u00e8me recrue hivernale. Apr\u00e8s les arriv\u00e9es de Deiver Machado (Lens) et de R\u00e9my&hellip;\n","protected":false},"author":2,"featured_media":659055,"comment_status":"","ping_status":"","sticky":false,"template":"","format":"standard","meta":{"footnotes":""},"categories":[2818],"tags":[1111,11,1777,674,1011,27,766,12,2636,25],"class_list":{"0":"post-659054","1":"post","2":"type-post","3":"status-publish","4":"format-standard","5":"has-post-thumbnail","7":"category-nantes","8":"tag-actu","9":"tag-actualites","10":"tag-eu","11":"tag-europe","12":"tag-fr","13":"tag-france","14":"tag-nantes","15":"tag-news","16":"tag-pays-de-la-loire","17":"tag-republique-francaise"},"share_on_mastodon":{"url":"https:\/\/pubeurope.com\/@fr\/115883866008720420","error":""},"_links":{"self":[{"href":"https:\/\/www.europesays.com\/fr\/wp-json\/wp\/v2\/posts\/659054","targetHints":{"allow":["GET"]}}],"collection":[{"href":"https:\/\/www.europesays.com\/fr\/wp-json\/wp\/v2\/posts"}],"about":[{"href":"https:\/\/www.europesays.com\/fr\/wp-json\/wp\/v2\/types\/post"}],"author":[{"embeddable":true,"href":"https:\/\/www.europesays.com\/fr\/wp-json\/wp\/v2\/users\/2"}],"replies":[{"embeddable":true,"href":"https:\/\/www.europesays.com\/fr\/wp-json\/wp\/v2\/comments?post=659054"}],"version-history":[{"count":0,"href":"https:\/\/www.europesays.com\/fr\/wp-json\/wp\/v2\/posts\/659054\/revisions"}],"wp:featuredmedia":[{"embeddable":true,"href":"https:\/\/www.europesays.com\/fr\/wp-json\/wp\/v2\/media\/659055"}],"wp:attachment":[{"href":"https:\/\/www.europesays.com\/fr\/wp-json\/wp\/v2\/media?parent=659054"}],"wp:term":[{"taxonomy":"category","embeddable":true,"href":"https:\/\/www.europesays.com\/fr\/wp-json\/wp\/v2\/categories?post=659054"},{"taxonomy":"post_tag","embeddable":true,"href":"https:\/\/www.europesays.com\/fr\/wp-json\/wp\/v2\/tags?post=659054"}],"curies":[{"name":"wp","href":"https:\/\/api.w.org\/{rel}","templated":true}]}}