{"id":659056,"date":"2026-01-12T19:50:11","date_gmt":"2026-01-12T19:50:11","guid":{"rendered":"https:\/\/www.europesays.com\/fr\/659056\/"},"modified":"2026-01-12T19:50:11","modified_gmt":"2026-01-12T19:50:11","slug":"yves-simone-candidat-du-patrimoine-plutot-que-sois-guide-et-tais-toi","status":"publish","type":"post","link":"https:\/\/www.europesays.com\/fr\/659056\/","title":{"rendered":"Yves Simone, candidat du patrimoine, plut\u00f4t que \u00ab\u00a0sois guide et tais-toi\u00a0\u00bb"},"content":{"rendered":"<p>Car s\u2019il a toute de m\u00eame r\u00e9uni \u00e0 deux reprises la soixantaine de colistiers requise (1), obtenant 2,79\u00a0% en 2014 (2\u00a0128 voix, mieux que Poutou \u00e0 l\u2019\u00e9poque), puis 0,96 voix en 2020 (527 voix), \u00ab\u00a0j\u2019ai tr\u00e8s peu de chances de devenir maire\u00a0\u00bb, convient l\u2019int\u00e9ress\u00e9, en toute lucidit\u00e9. \u00ab\u00a0Mais c\u2019est l\u2019occasion de faire avancer des id\u00e9es.\u00a0\u00bb Et qui mieux qu\u2019un guide pour observer sa ville, ses travers, ses conflits d\u2019usage\u00a0? \u00ab\u00a0Tout est li\u00e9. Un policier municipal ou un \u00e9boueur pourrait dire la m\u00eame chose\u00a0: on a un \u0153il sur la propret\u00e9, la circulation, la mise en valeur des monuments et le bien-\u00eatre des gens en g\u00e9n\u00e9ral.\u00a0\u00bb<\/p>\n<p>Saltimbanque<\/p>\n<p>En quarante-cinq ans \u00e8s qualit\u00e9s \u00ab\u00a0guide officiel\u00a0\u00bb, Yves Simone n\u2019a cess\u00e9 de \u00ab\u00a0ramener sa fraise\u00a0\u00bb, dit-il, \u00e0 l\u2019office de tourisme, sugg\u00e9rant ici et l\u00e0 quelques id\u00e9es qu\u2019il consid\u00e9rait frapp\u00e9es du bon sens, et essuyant invariablement des fins de non-recevoir. \u00ab\u00a0Sois guide et tais-toi\u00a0\u00bb, tr\u00e8s peu pour lui. Yves Simone n\u2019allait donc pas la mettre en sourdine la retraite tout juste sonn\u00e9e, \u00ab\u00a0depuis trois mois\u00a0\u00bb \u2013 il assure encore des visites \u00e0 son compte. \u00c0\u00a067\u00a0ans, ce \u00ab\u00a0saltimbanque\u00a0\u00bb revendiqu\u00e9, plus original qu\u2019hurluberlu, a \u00ab\u00a0retravaill\u00e9\u00a0\u00bb la centaine de points qui figurait dans <a href=\"https:\/\/www.sudouest.fr\/economie\/tourisme\/municipales-a-bordeaux-une-liste-pour-le-patrimoine-2029538.php\" target=\"_blank\" rel=\"follow noopener\">ses pr\u00e9c\u00e9dents programmes<\/a>.<\/p>\n<blockquote><p>\u00ab\u00a0On dit que tout est politique. Mais, dans une ville, tout est patrimoine\u00a0\u00bb<\/p><\/blockquote>\n<p>En ces temps de v\u00e9g\u00e9talisation urbaine, lui met dans la balance les 26 hectares du <a href=\"https:\/\/www.sudouest.fr\/redaction\/insolite\/quatre-histoires-insolites-pour-quatre-tombes-au-cimetiere-de-la-chartreuse-a-bordeaux-17277952.php\" target=\"_blank\" rel=\"follow noopener\">cimeti\u00e8re de la Chartreuse<\/a>, \u00ab\u00a0une id\u00e9e toute b\u00eate\u00a0\u00bb. Sait-on que le plus vieux cimeti\u00e8re de Bordeaux \u00e9tait jadis tr\u00e8s arbor\u00e9\u00a0? Par n\u00e9cessit\u00e9, \u00ab\u00a01\u00a0800 arbres ont \u00e9t\u00e9 coup\u00e9s sous l\u2019Occupation\u00a0\u00bb. Yves Simone l\u2019assure, dans l\u2019entre-deux-tours 2020, il avait annonc\u00e9 son vote pour Pierre Hurmic apr\u00e8s une rencontre entre les deux hommes, moyennant la reprise d\u2019une poign\u00e9e de propositions, dont la v\u00e9g\u00e9talisation de la Chartreuse. L\u2019affaire en est rest\u00e9e l\u00e0.<\/p>\n<p>Tunnel \u00ab\u00a0pharaonique\u00a0\u00bb<\/p>\n<p>Yves Simone dit miser sur le civisme face \u00e0 la probl\u00e9matique de la propret\u00e9. Un \u00ab\u00a0d\u00e9fi civique\u00a0\u00bb, dit-il, qui permettrait de \u00ab\u00a0tirer les comportements vers le haut\u00a0\u00bb, de responsabiliser \u00ab\u00a0ceux qui d\u00e9gueulassent\u00a0\u00bb en mettant dans la balance des \u00e9v\u00e9nements culturels comme l\u2019ouverture de la biblioth\u00e8que municipale la nuit. V\u0153u pieux\u00a0? Citons aussi une ouverture au public digne de ce nom du Grand-Th\u00e9\u00e2tre, \u00e9difice qui plafonne \u00e0 5\u00a0000 visiteurs par an, le n\u00e9cessaire \u00e9lagage d\u2019arbres, sur les 300-400 m\u00e8tres de rive gauche, les places Saint-Projet ou Gambetta, pour red\u00e9couvrir les fa\u00e7ades qui les bordent\u00a0: \u00ab\u00a0Tout en faisant de l\u2019ombre, la v\u00e9g\u00e9talisation doit se mettre au service de l\u2019architecture.\u00a0\u00bb<\/p>\n<p>        <img decoding=\"async\" id=\"27392875\" src=\"https:\/\/www.europesays.com\/fr\/wp-content\/uploads\/2026\/01\/tunnelroutier.jpg\" alt=\"L\u2019illustration du \u00ab\u00a0tunnel routier\u00a0\u00bb imagin\u00e9 par Yves Simone entre la place de la Bourse et les Quinconces.\" itemprop=\"contentURL\"\/><\/p>\n<p>    L\u2019illustration du \u00ab\u00a0tunnel routier\u00a0\u00bb imagin\u00e9 par Yves Simone entre la place de la Bourse et les Quinconces.<\/p>\n<p>Visuel Kowen Gautier<\/p>\n<p>\u00ab\u00a0\u00c0 l\u2019international\u00a0\u00bb, Yves Simone plaide pour le financement d\u2019un \u00ab\u00a0lyc\u00e9e ou de dispensaires \u00e0 Ha\u00efti\u00a0\u00bb. \u00ab\u00a0Un vrai geste r\u00e9parateur\u00a0\u00bb eu \u00e9gard au pass\u00e9 n\u00e9grier du port, et qui vaut selon lui davantage que les \u00ab\u00a0six salles\u00a0\u00bb du mus\u00e9e d&rsquo;Aquitaine consacr\u00e9e \u00e0 l\u2019esclavage. Reste le morceau de bravoure\u00a0: <a href=\"https:\/\/www.sudouest.fr\/economie\/tourisme\/municipales-a-bordeaux-yves-simone-le-candidat-de-l-hyper-centre-propose-un-tunnel-place-de-la-bourse-4706100.php\" target=\"_blank\" rel=\"follow noopener\">un tunnel routier entre la place de la Bourse et les Quinconces<\/a> qui offrirait \u00e0 la ville une immense esplanade, agr\u00e9ment\u00e9e de jardins fran\u00e7ais et ouverte sur le fleuve, flamboyant visuel \u00e0 l\u2019appui (visible sur <a href=\"https:\/\/happyserveur.com\/simone2026\/\" target=\"_blank\" rel=\"nofollow noopener\">yvessimone2026.com<\/a>). Un \u00ab\u00a0projet pharaonique\u00a0\u00bb, Yves Simone l\u2019assume, mais il ne s\u2019est d\u2019ailleurs tout de m\u00eame pas risqu\u00e9 \u00e0 le chiffrer. Avis aux urbanistes de la fin du si\u00e8cle\u00a0: \u00ab\u00a0\u00c7a se fera dans cinquante ans\u00a0\u00bb, veut croire le guide, bravache.<\/p>\n<p>\u00ab\u00a0Du pas cher au tr\u00e8s cher\u00a0\u00bb, sourit donc celui qui fait du patrimoine, niche suppos\u00e9e, \u00ab\u00a0dans l\u2019angle mort des autres candidats\u00a0\u00bb, la base d\u2019un programme \u00e9lectoral. \u00ab\u00a0On dit que tout est politique. Mais, dans une ville, tout est patrimoine.\u00a0\u00bb Le porte-voix des vieilles pierres n\u2019a pas grand-chose \u00e0 y gagner, lui qui avait d\u00e9pens\u00e9, sur ses propres deniers, 8\u00a0000\u00a0euros pour la campagne 2020, sans compter un <a href=\"https:\/\/www.sudouest.fr\/justice\/bordeaux-yves-simone-plaide-l-inexperience-devant-le-conseil-d-etat-apres-le-refus-de-ses-comptes-de-campagne-6894611.php\" target=\"_blank\" rel=\"follow noopener\">passage devant le Conseil d\u2019\u00c9tat pour une irr\u00e9gularit\u00e9 li\u00e9e \u00e0 une d\u00e9pense d\u2019imprimerie<\/a> \u2013 le rapporteur public avait in fine reconnu \u00ab\u00a0une absence de malhonn\u00eatet\u00e9\u00a0\u00bb. \u00ab\u00a0D\u2019autres ach\u00e8tent une voiture, une belle maison, moi, ma berceuse, c\u2019est Bordeaux.\u00a0\u00bb<\/p>\n","protected":false},"excerpt":{"rendered":"Car s\u2019il a toute de m\u00eame r\u00e9uni \u00e0 deux reprises la soixantaine de colistiers requise (1), obtenant 2,79\u00a0%&hellip;\n","protected":false},"author":2,"featured_media":659057,"comment_status":"","ping_status":"","sticky":false,"template":"","format":"standard","meta":{"footnotes":""},"categories":[2817],"tags":[1111,11,1997,1777,674,1011,27,12,2219,25],"class_list":{"0":"post-659056","1":"post","2":"type-post","3":"status-publish","4":"format-standard","5":"has-post-thumbnail","7":"category-bordeaux","8":"tag-actu","9":"tag-actualites","10":"tag-bordeaux","11":"tag-eu","12":"tag-europe","13":"tag-fr","14":"tag-france","15":"tag-news","16":"tag-nouvelle-aquitaine","17":"tag-republique-francaise"},"share_on_mastodon":{"url":"https:\/\/pubeurope.com\/@fr\/115883869762599550","error":""},"_links":{"self":[{"href":"https:\/\/www.europesays.com\/fr\/wp-json\/wp\/v2\/posts\/659056","targetHints":{"allow":["GET"]}}],"collection":[{"href":"https:\/\/www.europesays.com\/fr\/wp-json\/wp\/v2\/posts"}],"about":[{"href":"https:\/\/www.europesays.com\/fr\/wp-json\/wp\/v2\/types\/post"}],"author":[{"embeddable":true,"href":"https:\/\/www.europesays.com\/fr\/wp-json\/wp\/v2\/users\/2"}],"replies":[{"embeddable":true,"href":"https:\/\/www.europesays.com\/fr\/wp-json\/wp\/v2\/comments?post=659056"}],"version-history":[{"count":0,"href":"https:\/\/www.europesays.com\/fr\/wp-json\/wp\/v2\/posts\/659056\/revisions"}],"wp:featuredmedia":[{"embeddable":true,"href":"https:\/\/www.europesays.com\/fr\/wp-json\/wp\/v2\/media\/659057"}],"wp:attachment":[{"href":"https:\/\/www.europesays.com\/fr\/wp-json\/wp\/v2\/media?parent=659056"}],"wp:term":[{"taxonomy":"category","embeddable":true,"href":"https:\/\/www.europesays.com\/fr\/wp-json\/wp\/v2\/categories?post=659056"},{"taxonomy":"post_tag","embeddable":true,"href":"https:\/\/www.europesays.com\/fr\/wp-json\/wp\/v2\/tags?post=659056"}],"curies":[{"name":"wp","href":"https:\/\/api.w.org\/{rel}","templated":true}]}}