{"id":659063,"date":"2026-01-12T19:54:18","date_gmt":"2026-01-12T19:54:18","guid":{"rendered":"https:\/\/www.europesays.com\/fr\/659063\/"},"modified":"2026-01-12T19:54:18","modified_gmt":"2026-01-12T19:54:18","slug":"gueules-damours-le-nouveau-festival-de-cinema-queer-qui-vous-attend-a-lille-fin-janvier-12-01-2026","status":"publish","type":"post","link":"https:\/\/www.europesays.com\/fr\/659063\/","title":{"rendered":"Gueules d&rsquo;amours, le nouveau festival de cin\u00e9ma queer qui vous attend \u00e0 Lille fin janvier &#8211; 12\/01\/2026"},"content":{"rendered":"<p>Pour sa premi\u00e8re \u00e9dition, le festival de cin\u00e9ma Gueules d&rsquo;amour\u00b7s met en avant des courts-m\u00e9trages queer abordant des th\u00e8mes vari\u00e9s comme l\u2019amour, le d\u00e9sir, la qu\u00eate identitaire et plus encore. On vous en dit plus sur ce nouveau festival LGBTQIA+.<\/p>\n<p>\u00ab\u00a0\u00c0 Lille, il manquait un festival de cin\u00e9ma queer. Plut\u00f4t que de le regretter, nous avons d\u00e9cid\u00e9 de le cr\u00e9er.\u00a0\u00bb\u00a0Voici comment est n\u00e9e l&rsquo;id\u00e9e de Gueules d&rsquo;amour\u00b7s, le premier festival de cin\u00e9ma queer au nord de Paris, con\u00e7u et organis\u00e9 par Camille Graule et Beno\u00eet Duvette. L&rsquo;un est vid\u00e9aste et charg\u00e9 de production, l&rsquo;autre est r\u00e9alisateur.<\/p>\n<p>Baignant dans le milieu, les deux professionnels ont lanc\u00e9 un appel \u00e0 court-m\u00e9trages de juillet \u00e0 d\u00e9but d\u00e9cembre. Apr\u00e8s avoir tout regard\u00e9 &#8211; ils ont re\u00e7u entre 250 et 270 candidatures &#8211; ils en ont s\u00e9lectionn\u00e9 une cinquantaine. Ces courts-m\u00e9trages, c&rsquo;est vous qui allez bient\u00f4t pouvoir les regarder. Les projections auront lieu au cin\u00e9ma l\u2019Univers \u00e0 Lille, du 23 au 25 janvier 2026.\u00a0<\/p>\n<p>Le programme de diffusion<\/p>\n<p>Chaque s\u00e9ance se compose de plusieurs courts-m\u00e9trages, regroup\u00e9s par th\u00e9matique (narrative ou esth\u00e9tique). Les s\u00e9ances durent entre 1h35 et 1h45.<\/p>\n<ul>&#13;<\/p>\n<li>&#13;<b>Gueules en question<\/b>\u00a0: cette s\u00e9lection met en avant les questionnements li\u00e9s \u00e0 la construction de soi<br \/>\ud83d\udcc5\u00a0vendredi 23 janvier \u00e0 19h<\/li>\n<p>&#13;<\/p>\n<li>&#13;<b>Amours ensoleill\u00e9es<\/b>\u00a0: les courts-m\u00e9trages m\u00ealent amour d\u2019\u00e9t\u00e9, libert\u00e9 et grandes vacances, avec des personnages vivant de nouvelles exp\u00e9riences<br \/>\ud83d\udcc5\u00a0vendredi 23 janvier \u00e0 21h30<\/li>\n<p>&#13;<\/p>\n<li>&#13;<b>Gueules d&rsquo;ici<\/b>\u00a0: cette s\u00e9ance a la particularit\u00e9 d&rsquo;\u00eatre enti\u00e8rement constitu\u00e9e de films d\u2019artistes des Hauts-de-France<br \/>\ud83d\udcc5\u00a0samedi 24 janvier \u00e0 19h<\/li>\n<p>&#13;<\/p>\n<li>&#13;<b>Gueules d&rsquo;amour<\/b>\u00a0:\u00a0ces courts-m\u00e9trages illustrent des occasions manqu\u00e9es, des chances et opportunit\u00e9s qu\u2019on laisse passer ainsi que la non r\u00e9ciprocit\u00e9 des sentiments<br \/>\ud83d\udcc5\u00a0samedi 24 janvier \u00e0 21h30<\/li>\n<p>&#13;<\/p>\n<li>&#13;<b>T&rsquo;as vu ma gueule ?<\/b>\u00a0: ici on est sur des r\u00e9alisations qui mettent en sc\u00e8ne des personnages qui se questionnent, qui cherchent \u00e0 trouver leur place<br \/>\ud83d\udcc5 dimanche 25 janvier \u00e0 14h<\/li>\n<p>&#13;<\/p>\n<li>&#13;<b>Ta gueule !\u00a0<\/b>:\u00a0une s\u00e9lection abordant des th\u00e9matiques telles que la queerphobie, la relation au pass\u00e9 ainsi que les rencontres inattendues (qu\u2019elles soient bonnes ou mauvaises)<br \/>\ud83d\udcc5 dimanche 25 janvier \u00e0 16h30<\/li>\n<p>&#13;<\/p>\n<li>&#13;<b>Gueules de r\u00eaves<\/b>\u00a0: cette s\u00e9ance m\u00e9lange une approche esth\u00e9tique et po\u00e9tique \u00e0 la limite du r\u00eave<br \/>\ud83d\udcc5 dimanche 25 janvier 19h<\/li>\n<p>&#13;<\/p>\n<li>&#13;<b>Tristes gueules<\/b>\u00a0:\u00a0\u00a0cette s\u00e9ance explore les th\u00e8mes du deuil et du d\u00e9c\u00e8s<br \/>\ud83d\udcc5 dimanche 25 janvier \u00e0 21h30<\/li>\n<p>&#13;<\/ul>\n<p>\u00ab\u00a0Un vote sera d\u00e9cern\u00e9 par le public pour \u00e9lire le prix du meilleur court-m\u00e9trage du festival\u00a0\u00bb, informe Camille. Et le cin\u00e9ma L&rsquo;Univers permettra d&rsquo;\u00e9changer avant ou apr\u00e8s les s\u00e9ances de mani\u00e8re informelle. \u00ab\u00a0Il y a un bar avec un espace o\u00f9 on peut se poser et discuter\u00a0\u00bb, confirme le cofondateur.<\/p>\n<p>Une s\u00e9ance hors-comp\u00e9tition fait aussi partie de la programmation avec la projection gratuite du documentaire J\u2019en Suis j\u2019y Reste sur le centre LGBT+ de Lille, en pr\u00e9sence de la r\u00e9alisatrice et de l\u2019\u00e9quipe du film, le 24 janvier \u00e0 14h.<\/p>\n<p>Au-del\u00e0 des projections, un temps de rencontres professionnelles, queer et r\u00e9gionales est \u00e9galement au planning. \u00ab\u00a0L&rsquo;objectif est de mettre en relation le tissu professionnel LGBT+ des Hauts-de-France.\u00a0\u00bb\u00a0<\/p>\n<p>Des s\u00e9ances ouvertes \u00e0 tous\u00b7tes<\/p>\n<p>Si vous \u00eates int\u00e9ress\u00e9\u00b7es pour d\u00e9couvrir les r\u00e9cits et cette premi\u00e8re \u00e9dition de Gueules d&rsquo;amour\u00b7s, vous pouvez d&rsquo;ores et d\u00e9j\u00e0 prendre vos places sur <a target=\"_blank\" href=\"https:\/\/www.helloasso.com\/associations\/collectif-des-routes\/evenements\/tout-le-festival\" rel=\"noopener\">le site du festival<\/a>. Comptez 5\u20ac la s\u00e9ance ou 3\u20ac en tarif r\u00e9duit pour les moins de 26 ans, demandeur\u00b7euse\u00b7s d\u2019emploi et b\u00e9n\u00e9ficiaires de minima sociaux. \u00ab\u00a0Notre objectif est que ce soit un \u00e9v\u00e9nement accessible \u00e0 tout le monde\u00a0\u00bb, assure Camille.<\/p>\n<p>Et si cet essai se confirme, il se pourrait que Gueules d&rsquo;amour\u00b7s grandisse rapidement. \u00ab\u00a0Pour cette premi\u00e8re \u00e9dition, on est sur un week-end \u00e0 \u00e9chelle humaine mais on veut vraiment que \u00e7a se d\u00e9veloppe de plus en plus\u00a0\u00bb, conclut le charg\u00e9 de prod&rsquo;.<\/p>\n","protected":false},"excerpt":{"rendered":"Pour sa premi\u00e8re \u00e9dition, le festival de cin\u00e9ma Gueules d&rsquo;amour\u00b7s met en avant des courts-m\u00e9trages queer abordant des&hellip;\n","protected":false},"author":2,"featured_media":659064,"comment_status":"","ping_status":"","sticky":false,"template":"","format":"standard","meta":{"footnotes":""},"categories":[2815],"tags":[1111,11,1777,674,1011,27,811,1307,12,25],"class_list":{"0":"post-659063","1":"post","2":"type-post","3":"status-publish","4":"format-standard","5":"has-post-thumbnail","7":"category-lille","8":"tag-actu","9":"tag-actualites","10":"tag-eu","11":"tag-europe","12":"tag-fr","13":"tag-france","14":"tag-hauts-de-france","15":"tag-lille","16":"tag-news","17":"tag-republique-francaise"},"share_on_mastodon":{"url":"https:\/\/pubeurope.com\/@fr\/115883885469048844","error":""},"_links":{"self":[{"href":"https:\/\/www.europesays.com\/fr\/wp-json\/wp\/v2\/posts\/659063","targetHints":{"allow":["GET"]}}],"collection":[{"href":"https:\/\/www.europesays.com\/fr\/wp-json\/wp\/v2\/posts"}],"about":[{"href":"https:\/\/www.europesays.com\/fr\/wp-json\/wp\/v2\/types\/post"}],"author":[{"embeddable":true,"href":"https:\/\/www.europesays.com\/fr\/wp-json\/wp\/v2\/users\/2"}],"replies":[{"embeddable":true,"href":"https:\/\/www.europesays.com\/fr\/wp-json\/wp\/v2\/comments?post=659063"}],"version-history":[{"count":0,"href":"https:\/\/www.europesays.com\/fr\/wp-json\/wp\/v2\/posts\/659063\/revisions"}],"wp:featuredmedia":[{"embeddable":true,"href":"https:\/\/www.europesays.com\/fr\/wp-json\/wp\/v2\/media\/659064"}],"wp:attachment":[{"href":"https:\/\/www.europesays.com\/fr\/wp-json\/wp\/v2\/media?parent=659063"}],"wp:term":[{"taxonomy":"category","embeddable":true,"href":"https:\/\/www.europesays.com\/fr\/wp-json\/wp\/v2\/categories?post=659063"},{"taxonomy":"post_tag","embeddable":true,"href":"https:\/\/www.europesays.com\/fr\/wp-json\/wp\/v2\/tags?post=659063"}],"curies":[{"name":"wp","href":"https:\/\/api.w.org\/{rel}","templated":true}]}}