{"id":659065,"date":"2026-01-12T19:55:24","date_gmt":"2026-01-12T19:55:24","guid":{"rendered":"https:\/\/www.europesays.com\/fr\/659065\/"},"modified":"2026-01-12T19:55:24","modified_gmt":"2026-01-12T19:55:24","slug":"municipales-a-lille-la-succession-de-martine-aubry-au-coeur-des-enjeux-electoraux","status":"publish","type":"post","link":"https:\/\/www.europesays.com\/fr\/659065\/","title":{"rendered":"Municipales \u00e0 Lille\u00a0: la succession de Martine Aubry au c\u0153ur des enjeux \u00e9lectoraux"},"content":{"rendered":"<p class=\"PopSlotParagraph qg-tx2 qg-xtra-lh svelte-1r0pyek\">Pour les \u00e9lections municipales en mars 2026, l&rsquo;\u00e9cologiste St\u00e9phane Baly est le principal adversaire \u00e0 gauche du maire sortant PS de Lille (Nord), ville de pr\u00e8s de 240 000 habitants. Dans ce bastion socialiste depuis 1995, les \u00e9cologistes avaient perdu \u00e0 227 voix pr\u00e8s aux derni\u00e8res \u00e9lections municipales, en 2020.<\/p>\n<p class=\"PopSlotParagraph qg-tx2 qg-xtra-lh svelte-1r0pyek\">Pour favoriser sa succession, la grande figure locale, Martine Aubry, a d\u00e9missionn\u00e9 en mars 2025, un an avant le scrutin. Elle s&rsquo;est mise ainsi en retrait pour faire \u00e9merger son poulain,\u00a0Arnaud Deslandes, actuel maire.<\/p>\n<p class=\"PopSlotParagraph qg-tx2 qg-xtra-lh svelte-1r0pyek\">Port\u00e9 par l&rsquo;ancien score des \u00e9cologistes, St\u00e9phane Baly esp\u00e8re cette fois ravir la victoire\u00a0: \u00ab\u00a0Ce que je propose, finalement, c&rsquo;est de retrouver l&rsquo;enthousiasme et la mobilisation, d&rsquo;apporter un nouveau souffle pour la ville. C&rsquo;est le constat, aujourd&rsquo;hui, d&rsquo;une ville qui est un peu \u00e0 l&rsquo;arr\u00eat. On a un candidat qui a accompagn\u00e9 Martine Aubry sur les quatre mandats. Finalement, c&rsquo;est son cinqui\u00e8me mandat.\u00a0\u00bb<\/p>\n<p> \u00ab\u00a0Sa t\u00eate ne me dit rien du tout\u00a0\u00bb<\/p>\n<p class=\"PopSlotParagraph qg-tx2 qg-xtra-lh svelte-1r0pyek\">Pour toucher un maximum d&rsquo;\u00e9lecteurs, le candidat \u00e9colo et ses militants multiplient les op\u00e9rations porte-\u00e0-porte. Sur le palier d&rsquo;un immeuble, des militants montrent leur programme \u00e0 Monique, une habitante\u00a0: \u00ab\u00a0Donc l\u00e0, ce sont nos premi\u00e8res mesures pour la solidarit\u00e9. C&rsquo;est St\u00e9phane Baly, je ne sais pas si vous l&rsquo;avez d\u00e9j\u00e0 identifi\u00e9. Il \u00e9tait candidat en 2020.\u00a0\u00bb Si Monique ne le reconna\u00eet pas &#8211; \u00ab\u00a0sa t\u00eate ne me dit rien du tout\u00a0\u00bb &#8211; elle ne conna\u00eet pas bien l&rsquo;actuel maire non plus\u00a0: \u00ab\u00a0\u00c7a se finit par -landes ou quelque chose comme \u00e7a. Arnaud Deslandes, oui voil\u00e0\u00a0!\u00a0\u00bb<\/p>\n<p class=\"PopSlotParagraph qg-tx2 qg-xtra-lh svelte-1r0pyek\">Comme cette r\u00e9sidente, beaucoup de Lillois ne connaissent pas le nom de celui qui a h\u00e9rit\u00e9 de la mairie, il y a dix mois. Apr\u00e8s avoir\u00a0d\u00e9but\u00e9 comme stagiaire de Martine Aubry, il a gravi les \u00e9chelons. \u00ab\u00a0J&rsquo;assume l&rsquo;h\u00e9ritage politique de Martine Aubry, d\u00e9clare-t-il. Je revendique ce qu&rsquo;elle a pu faire pour cette ville, notamment pour garder notre coh\u00e9sion dans notre ville, alors\u00a0: changement de style, mais pas changement de cap\u00a0!\u00a0\u00bb<\/p>\n<p class=\"PopSlotParagraph qg-tx2 qg-xtra-lh svelte-1r0pyek\">Ces jours-ci, le maire met les bouch\u00e9es doubles pour se faire un nom, \u00ab\u00a0par des mesures qui assurent la transformation de la ville, je pense notamment \u00e0 la pi\u00e9tonnisation de la Grand&rsquo;Place, dit-il, et puis en \u00e9tant l\u00e0, chaque jour, sur le terrain, aupr\u00e8s des Lillois, \u00e0 l&rsquo;\u00e9coute\u00a0\u00bb.\u00a0Mais ce maire se concentre uniquement sur le centre-ville, critique son adversaire insoumise, Lahouaria Addouche. \u00ab\u00a0Les socialistes ont rendu la ville invivable, surtout aux habitants des quartiers populaires, d\u00e9nonce-t-elle. Nous, ce que nous disons, c&rsquo;est qu&rsquo;il faut tourner la page des notables socialistes qui sont compl\u00e8tement d\u00e9connect\u00e9s des habitants\u00a0\u00bb.<\/p>\n<p> \u00c0 droite, haro sur l&rsquo;ins\u00e9curit\u00e9<\/p>\n<p class=\"PopSlotParagraph qg-tx2 qg-xtra-lh svelte-1r0pyek\">Face \u00e0 la division de la gauche, une autre ancienne collaboratrice de Martine Aubry esp\u00e8re tirer son \u00e9pingle du jeu\u00a0: Violette Spillebout, actuellement d\u00e9put\u00e9e du Nord et conseill\u00e8re municipale de Lille. Discr\u00e8te sur son appartenance au parti pr\u00e9sidentiel, Renaissance, elle d\u00e9nonce deux \u00e9checs de l&rsquo;\u00e9quipe sortante\u00a0: la pauvret\u00e9 et l&rsquo;ins\u00e9curit\u00e9. \u00ab\u00a0\u00c7a fait 25 ans que Martine Aubry, puis Arnaud Deslandes, sont aux manettes, \u00e9nonce-t-elle, et aujourd&rsquo;hui, on est dans la troisi\u00e8me ville la plus dangereuse de France. Je crois que la s\u00e9curit\u00e9 est prioritaire. \u00c7a passe n\u00e9cessairement par des moyens importants\u00a0\u00bb.<\/p>\n<p class=\"PopSlotParagraph qg-tx2 qg-xtra-lh svelte-1r0pyek\">Davantage de pr\u00e9sence polici\u00e8re et plus de cam\u00e9ras, c&rsquo;est aussi l&rsquo;une des priorit\u00e9s des deux autres candidats \u00e0 droite\u00a0: le tout jeune Louis Delemer, des R\u00e9publicains, et Matthieu Valet, du Rassemblement national. Ce dernier est d&rsquo;ailleurs un ancien commissaire qui d\u00e9veloppe ce slogan\u00a0: \u00ab\u00a0Qui mieux qu&rsquo;un policier pour r\u00e9tablir l&rsquo;ordre \u00e0 Lille\u00a0?\u00a0\u00bb<\/p>\n","protected":false},"excerpt":{"rendered":"Pour les \u00e9lections municipales en mars 2026, l&rsquo;\u00e9cologiste St\u00e9phane Baly est le principal adversaire \u00e0 gauche du maire&hellip;\n","protected":false},"author":2,"featured_media":659066,"comment_status":"","ping_status":"","sticky":false,"template":"","format":"standard","meta":{"footnotes":""},"categories":[2815],"tags":[1111,11,1777,674,1011,27,811,1307,12,25],"class_list":{"0":"post-659065","1":"post","2":"type-post","3":"status-publish","4":"format-standard","5":"has-post-thumbnail","7":"category-lille","8":"tag-actu","9":"tag-actualites","10":"tag-eu","11":"tag-europe","12":"tag-fr","13":"tag-france","14":"tag-hauts-de-france","15":"tag-lille","16":"tag-news","17":"tag-republique-francaise"},"share_on_mastodon":{"url":"https:\/\/pubeurope.com\/@fr\/115883889405151366","error":""},"_links":{"self":[{"href":"https:\/\/www.europesays.com\/fr\/wp-json\/wp\/v2\/posts\/659065","targetHints":{"allow":["GET"]}}],"collection":[{"href":"https:\/\/www.europesays.com\/fr\/wp-json\/wp\/v2\/posts"}],"about":[{"href":"https:\/\/www.europesays.com\/fr\/wp-json\/wp\/v2\/types\/post"}],"author":[{"embeddable":true,"href":"https:\/\/www.europesays.com\/fr\/wp-json\/wp\/v2\/users\/2"}],"replies":[{"embeddable":true,"href":"https:\/\/www.europesays.com\/fr\/wp-json\/wp\/v2\/comments?post=659065"}],"version-history":[{"count":0,"href":"https:\/\/www.europesays.com\/fr\/wp-json\/wp\/v2\/posts\/659065\/revisions"}],"wp:featuredmedia":[{"embeddable":true,"href":"https:\/\/www.europesays.com\/fr\/wp-json\/wp\/v2\/media\/659066"}],"wp:attachment":[{"href":"https:\/\/www.europesays.com\/fr\/wp-json\/wp\/v2\/media?parent=659065"}],"wp:term":[{"taxonomy":"category","embeddable":true,"href":"https:\/\/www.europesays.com\/fr\/wp-json\/wp\/v2\/categories?post=659065"},{"taxonomy":"post_tag","embeddable":true,"href":"https:\/\/www.europesays.com\/fr\/wp-json\/wp\/v2\/tags?post=659065"}],"curies":[{"name":"wp","href":"https:\/\/api.w.org\/{rel}","templated":true}]}}