{"id":659067,"date":"2026-01-12T19:56:10","date_gmt":"2026-01-12T19:56:10","guid":{"rendered":"https:\/\/www.europesays.com\/fr\/659067\/"},"modified":"2026-01-12T19:56:10","modified_gmt":"2026-01-12T19:56:10","slug":"a-marseille-anne-sophie-turion-parie-sur-un-spectacle-reellement-interactif","status":"publish","type":"post","link":"https:\/\/www.europesays.com\/fr\/659067\/","title":{"rendered":"\u00c0 Marseille, Anne-Sophie Turion parie sur un spectacle \u00ab\u00a0r\u00e9ellement interactif\u00a0\u00bb"},"content":{"rendered":"<p>La m\u00eame chose mais pas tout \u00e0 fait pareille, c\u2019est le nouveau pari d\u2019Anne-Sophie Turion. La metteuse en sc\u00e8ne promet un spectacle interactif diff\u00e9rent des autres, proche de ce qu\u2019elle appelle \u00ab\u00a0l\u2019exp\u00e9rience collective\u00a0\u00bb.<\/p>\n<p>Dans cette nouvelle pi\u00e8ce d\u20191h45, elle incite les spectateurs \u00e0 mener de \u00ab\u00a0minuscules actions\u00a0\u00bb qui \u00ab\u00a0l\u2019air de rien, influencent le cours des choses\u00a0\u00bb. Que les introvertis se rassurent, pas question pour le public de monter sur les planches pour assurer un long monologue. Dans ce spectacle, participer c\u2019est \u00ab\u00a0regarder en m\u00eame temps le plafond, \u00e9couter deux personnes qui chuchotent \u00e0 l\u2019autre bout de la salle, allumer la radio, cr\u00e9er ensemble une sc\u00e9nographie en pla\u00e7ant\u00a0des coussins dans la pi\u00e8ce\u2026\u00a0\u00bb<\/p>\n<p>Cette exp\u00e9rience se veut comme une mani\u00e8re de \u00ab\u00a0remobiliser les facult\u00e9s d\u2019attention du public \u00e0 ce qui l\u2019entoure\u00a0\u00bb. Deux s\u00e9ances \u00ab\u00a0test\u00a0\u00bb sont ouvertes au public gratuitement\u00a0: le jeudi 15\u00a0janvier au ZEF Studio \u00e0 14h et le mardi 27\u00a0janvier au ZEF Plateau \u00e0 19h. Les repr\u00e9sentations publiques auront lieu les 28, 29 et 30\u00a0janvier \u00e0 la sc\u00e8ne nationale du <a href=\"https:\/\/www.laprovence.com\/article\/culture-loisirs\/2502857125156415\/le-zef-scene-nationale-a-marseille-ouvrira-sa-saison-2025-2026-a-la-gare-franche-havre-de-verdure-en-pleine-ville\" target=\"_blank\" rel=\"noopener\">ZEF Marseille<\/a>. Une rencontre avec l\u2019\u00e9quipe artistique se tiendra \u00e0 l\u2019issue de la repr\u00e9sentation du 29\u00a0janvier.<\/p>\n<p>\u00ab\u00a0La m\u00eame chose mais pas tout \u00e0 fait pareille\u00a0\u00bb, au Zef (14e). R\u00e9servation au 04\u00a091\u00a011\u00a019\u00a020 ou sur lezef.org pour les \u00ab\u00a0tests\u00a0\u00bb. Entre 3 et 15\u00a0\u20ac pour les autres s\u00e9ances.<\/p>\n","protected":false},"excerpt":{"rendered":"La m\u00eame chose mais pas tout \u00e0 fait pareille, c\u2019est le nouveau pari d\u2019Anne-Sophie Turion. La metteuse en&hellip;\n","protected":false},"author":2,"featured_media":659068,"comment_status":"","ping_status":"","sticky":false,"template":"","format":"standard","meta":{"footnotes":""},"categories":[2814],"tags":[5734,1111,11,76108,2562,251,1777,674,1011,27,884,4361,12,882,25,7347,76109,34995],"class_list":{"0":"post-659067","1":"post","2":"type-post","3":"status-publish","4":"format-standard","5":"has-post-thumbnail","7":"category-marseille","8":"tag-5734","9":"tag-actu","10":"tag-actualites","11":"tag-anne-sophie","12":"tag-annonce","13":"tag-culture","14":"tag-eu","15":"tag-europe","16":"tag-fr","17":"tag-france","18":"tag-marseille","19":"tag-nationale","20":"tag-news","21":"tag-provence-alpes-cote-dazur","22":"tag-republique-francaise","23":"tag-scene","24":"tag-turion","25":"tag-zef"},"share_on_mastodon":{"url":"https:\/\/pubeurope.com\/@fr\/115883893312054664","error":""},"_links":{"self":[{"href":"https:\/\/www.europesays.com\/fr\/wp-json\/wp\/v2\/posts\/659067","targetHints":{"allow":["GET"]}}],"collection":[{"href":"https:\/\/www.europesays.com\/fr\/wp-json\/wp\/v2\/posts"}],"about":[{"href":"https:\/\/www.europesays.com\/fr\/wp-json\/wp\/v2\/types\/post"}],"author":[{"embeddable":true,"href":"https:\/\/www.europesays.com\/fr\/wp-json\/wp\/v2\/users\/2"}],"replies":[{"embeddable":true,"href":"https:\/\/www.europesays.com\/fr\/wp-json\/wp\/v2\/comments?post=659067"}],"version-history":[{"count":0,"href":"https:\/\/www.europesays.com\/fr\/wp-json\/wp\/v2\/posts\/659067\/revisions"}],"wp:featuredmedia":[{"embeddable":true,"href":"https:\/\/www.europesays.com\/fr\/wp-json\/wp\/v2\/media\/659068"}],"wp:attachment":[{"href":"https:\/\/www.europesays.com\/fr\/wp-json\/wp\/v2\/media?parent=659067"}],"wp:term":[{"taxonomy":"category","embeddable":true,"href":"https:\/\/www.europesays.com\/fr\/wp-json\/wp\/v2\/categories?post=659067"},{"taxonomy":"post_tag","embeddable":true,"href":"https:\/\/www.europesays.com\/fr\/wp-json\/wp\/v2\/tags?post=659067"}],"curies":[{"name":"wp","href":"https:\/\/api.w.org\/{rel}","templated":true}]}}