{"id":659071,"date":"2026-01-12T19:58:17","date_gmt":"2026-01-12T19:58:17","guid":{"rendered":"https:\/\/www.europesays.com\/fr\/659071\/"},"modified":"2026-01-12T19:58:17","modified_gmt":"2026-01-12T19:58:17","slug":"accrochage-sur-le-marche-entre-anais-belouassa-cherifi-et-christophe-cedat-proche-de-jean-michel-aulas","status":"publish","type":"post","link":"https:\/\/www.europesays.com\/fr\/659071\/","title":{"rendered":"accrochage sur le march\u00e9 entre Ana\u00efs Belouassa-Cherifi et Christophe C\u00e9dat, proche de Jean-Michel Aulas"},"content":{"rendered":"<p>La campagne n\u2019avait certainement pas besoin de cela. La sc\u00e8ne se d\u00e9roule ce dimanche 11\u00a0janvier sur le march\u00e9 de la Croix-Rousse, aux alentours de 12\u00a0h\u00a040. La candidate de la France insoumise (LFI) dans le 4e\u00a0 arrondissement, Pauline Fivel, tracte en compagnie de <a href=\"https:\/\/www.leprogres.fr\/p\/manuel-bompard\" target=\"_blank\" rel=\"noopener\">Manuel Bompard<\/a>, d\u00e9put\u00e9 et coordinateur national du parti insoumis, et d\u2019<a href=\"https:\/\/www.leprogres.fr\/p\/anais-belouassa-cherifi\" target=\"_blank\" rel=\"noopener\">Ana\u00efs Belouassa-Cherifi<\/a>, d\u00e9put\u00e9e LFI du Rh\u00f4ne.<\/p>\n<p>Ce contenu est bloqu\u00e9 car vous n&rsquo;avez pas accept\u00e9 les cookies et autres traceurs.<\/p>\n<p>En cliquant sur \u00ab J\u2019accepte \u00bb, les cookies et autres traceurs seront d\u00e9pos\u00e9s et vous pourrez visualiser les contenus  (<a href=\"\" class=\"consentModule_policy\" target=\"_blank\" title=\"Consulter la politique de protection des donn\u00e9es du fournisseur\">plus d&rsquo;informations<\/a>).<\/p>\n<p>En cliquant sur \u00ab J\u2019accepte tous les cookies \u00bb, vous autorisez des d\u00e9p\u00f4ts de cookies et autres traceurs pour le stockage de vos donn\u00e9es sur nos sites et applications \u00e0 des fins de personnalisation et de ciblage publicitaire.<\/p>\n<p class=\"consentModule_secondaryText\">Vous gardez la possibilit\u00e9 de retirer votre consentement \u00e0 tout moment en consultant notre <a href=\"https:\/\/www.leprogres.fr\/protection-des-donnees\" target=\"_blank\" title=\"Consulter notre politique de protection des donn\u00e9es\" rel=\"noopener\">politique de protection des donn\u00e9es<\/a>. <br \/>&#13;<br \/>\n            <a href=\"https:\/\/www.leprogres.fr\/elections\/2026\/01\/12\/javascript:Didomi.notice.show()\" class=\"consentModule_cmp\" target=\"_blank\" rel=\"noopener\">G\u00e9rer mes choix<\/a>&#13;\n        <\/p>\n<p>&#13;<br \/>\n                        J&rsquo;accepte&#13;<br \/>\n            J&rsquo;accepte tous les cookies&#13;\n        <\/p>\n<p>Tract d\u2019Ana\u00efs Belouassa-Cherifi \u00e0 la main, Christophe C\u00e9dat se fend alors d\u2019un commentaire sexiste en direction de la candidate\u00a0: \u00ab Je veux bien qu\u2019on n\u2019insiste pas sur le physique, mais par contre sur votre tract en premier, c\u2019est quand m\u00eame le physique qui appara\u00eet\u2026 Plus que les id\u00e9es, excusez-moi\u00a0!\u00a0\u00bb, l\u00e2che le soutien \u00e0 Jean-Michel Aulas. Circonspecte, la d\u00e9put\u00e9e haussant les sourcils ne bronche pas, et c\u2019est une militante que l\u2019on entend r\u00e9pondre sans la voir\u00a0: \u00ab Est-ce qu\u2019\u00e0 un homme on lui ferait cette r\u00e9flexion-l\u00e0\u00a0?\u00a0\u00bb. \u00ab\u00a0Mais si\u00a0! somme Christophe C\u00e9dat. Moi je suis masculiniste\u00a0!\u00a0\u00bb, l\u00e2che-t-il avec un grand sourire.<\/p>\n<p>  \u00ab\u00a0Il me sexualise parce que je suis une femme\u00a0\u00bb<\/p>\n<p>Ana\u00efs Belouassa-Cherifi estime que Christophe C\u00e9dat la \u00ab\u00a0sexualise parce que je suis une femme\u00a0\u00bb. \u00ab\u00a0Il parle de mon physique, alors que sur le tract en question, on ne voit que ma t\u00eate, comme on voit la t\u00eate d\u2019Aulas sur les tracts de Jean-Michel Aulas\u00a0\u00bb, indique la candidate \u00e0 la mairie.<\/p>\n<p>Elle d\u00e9nonce au Progr\u00e8s des \u00ab\u00a0propos inacceptables et indignes de personnes qui pr\u00e9tendent devenir d\u00e9positaire de l\u2019autorit\u00e9 publique\u00a0\u00bb.<\/p>\n<p>Contact\u00e9, l\u2019entourage de Jean-Michel Aulas fait savoir que ses propos \u00ab\u00a0n\u2019engagent que lui\u00a0\u00bb, intimant que la vid\u00e9o est tronqu\u00e9e sans donner plus de pr\u00e9cisions. Sur la vid\u00e9o, on voit l\u2019enregistrement s\u2019arr\u00eater quand la discussion semble se terminer. \u00c0 noter que le tract de la d\u00e9put\u00e9e insoumise contient 13 propositions.<\/p>\n<p>  \u00ab\u00a0M&rsquo;excuser de quoi, d&rsquo;\u00eatre sinc\u00e8re ?\u00a0\u00bb<\/p>\n<p class=\"xsm-p emxed-markup\">Joint par t\u00e9l\u00e9phone, Christophe C\u00e9dat d\u00e9plore une \u00ab\u00a0pol\u00e9mique des r\u00e9seaux sociaux\u00a0\u00bb et assure ne pas vouloir \u00ab\u00a0polluer la campagne de ma femme et de Jean-Michel Aulas\u00a0\u00bb, qu\u2019il trouve \u00ab\u00a0jusqu\u2019ici sympathique\u00a0\u00bb. \u00ab\u00a0Je ne trouve pas \u00e7a maladroit\u00a0\u00bb, r\u00e9pond-il quand on lui demande, arguant avoir dit \u00e0 sa femme \u00ab\u00a0qu\u2019elle \u00e9tait tr\u00e8s jolie sur son tract\u00a0\u00bb.<br class=\"xsm-br emxed-markup\"\/>Le g\u00e9rant tr\u00e8s m\u00e9diatique regrette-t-il ses propos\u00a0? Non r\u00e9pond le commer\u00e7ant, et se questionne\u00a0: \u00ab\u00a0M\u2019excuser de quoi\u00a0? M\u2019excuser d\u2019\u00eatre honn\u00eate, sinc\u00e8re, authentique\u00a0? C\u2019est \u00e0 eux de s\u2019excuser d\u2019\u00eatre manipulateurs, jamais de la vie je m\u2019excuserais aupr\u00e8s de ces gens-l\u00e0\u00a0\u00bb. Avant de finir\u00a0: \u00ab\u00a0qu\u2019ils aillent se faire f*utre s\u2019ils ont un probl\u00e8me avec l\u2019humour\u00a0\u00bb.<\/p>\n","protected":false},"excerpt":{"rendered":"La campagne n\u2019avait certainement pas besoin de cela. La sc\u00e8ne se d\u00e9roule ce dimanche 11\u00a0janvier sur le march\u00e9&hellip;\n","protected":false},"author":2,"featured_media":659072,"comment_status":"","ping_status":"","sticky":false,"template":"","format":"standard","meta":{"footnotes":""},"categories":[1889],"tags":[1111,11,2430,2757,4188,1777,674,107,1011,27,2428,2756,12,316,25,2429],"class_list":{"0":"post-659071","1":"post","2":"type-post","3":"status-publish","4":"format-standard","5":"has-post-thumbnail","7":"category-lyon","8":"tag-actu","9":"tag-actualites","10":"tag-auvergne-rhone-alpes","11":"tag-edition-lyon-villeurbanne","12":"tag-elections-municipales","13":"tag-eu","14":"tag-europe","15":"tag-fil-info","16":"tag-fr","17":"tag-france","18":"tag-lyon","19":"tag-lyon-bassin","20":"tag-news","21":"tag-politique","22":"tag-republique-francaise","23":"tag-rhone"},"share_on_mastodon":{"url":"https:\/\/pubeurope.com\/@fr\/115883901226866362","error":""},"_links":{"self":[{"href":"https:\/\/www.europesays.com\/fr\/wp-json\/wp\/v2\/posts\/659071","targetHints":{"allow":["GET"]}}],"collection":[{"href":"https:\/\/www.europesays.com\/fr\/wp-json\/wp\/v2\/posts"}],"about":[{"href":"https:\/\/www.europesays.com\/fr\/wp-json\/wp\/v2\/types\/post"}],"author":[{"embeddable":true,"href":"https:\/\/www.europesays.com\/fr\/wp-json\/wp\/v2\/users\/2"}],"replies":[{"embeddable":true,"href":"https:\/\/www.europesays.com\/fr\/wp-json\/wp\/v2\/comments?post=659071"}],"version-history":[{"count":0,"href":"https:\/\/www.europesays.com\/fr\/wp-json\/wp\/v2\/posts\/659071\/revisions"}],"wp:featuredmedia":[{"embeddable":true,"href":"https:\/\/www.europesays.com\/fr\/wp-json\/wp\/v2\/media\/659072"}],"wp:attachment":[{"href":"https:\/\/www.europesays.com\/fr\/wp-json\/wp\/v2\/media?parent=659071"}],"wp:term":[{"taxonomy":"category","embeddable":true,"href":"https:\/\/www.europesays.com\/fr\/wp-json\/wp\/v2\/categories?post=659071"},{"taxonomy":"post_tag","embeddable":true,"href":"https:\/\/www.europesays.com\/fr\/wp-json\/wp\/v2\/tags?post=659071"}],"curies":[{"name":"wp","href":"https:\/\/api.w.org\/{rel}","templated":true}]}}