{"id":659075,"date":"2026-01-12T20:01:10","date_gmt":"2026-01-12T20:01:10","guid":{"rendered":"https:\/\/www.europesays.com\/fr\/659075\/"},"modified":"2026-01-12T20:01:10","modified_gmt":"2026-01-12T20:01:10","slug":"quelles-perturbations-attendre-dans-les-transports-ce-mardi-13-janvier","status":"publish","type":"post","link":"https:\/\/www.europesays.com\/fr\/659075\/","title":{"rendered":"quelles perturbations attendre dans les transports ce mardi 13 janvier\u00a0?"},"content":{"rendered":"<p>                    Par<br \/>\n        <strong><br \/>\n            <a href=\"https:\/\/actu.fr\/auteur\/m-pomme\" title=\"Consulter tous les articles de Marie Pomme\" target=\"_blank\" rel=\"noopener\">Marie Pomme<\/a><br \/>\n                    <\/strong><\/p>\n<p>        Publi\u00e9 le<\/p>\n<p>            12 janv. 2026 \u00e0 19h29        <\/p>\n<p>Ce mardi 13\u00a0janvier 2026, la <a href=\"https:\/\/actu.fr\/tag\/sncf\" target=\"_blank\" rel=\"noopener\">SNCF<\/a> pr\u00e9voit une <a href=\"https:\/\/actu.fr\/societe\/une-greve-a-la-sncf-ce-mardi-perturbe-les-trains-voici-a-quoi-s-attendre_63683870.html\" target=\"_blank\" rel=\"noopener\">gr\u00e8ve dans les tr<\/a><a href=\"https:\/\/actu.fr\/societe\/une-greve-a-la-sncf-ce-mardi-perturbe-les-trains-voici-a-quoi-s-attendre_63683870.html\" target=\"_blank\" rel=\"noopener\">ansports<\/a>, des d\u00e9sagr\u00e9ments sont \u00e0 pr\u00e9voir. Les perturbations des trains et RER en <a href=\"https:\/\/actu.fr\/ile-de-france\/\" target=\"_blank\" rel=\"noopener\">\u00cele-de-France<\/a> seront limit\u00e9es \u00e0 trois des quatorze lignes op\u00e9r\u00e9es par <a href=\"https:\/\/actu.fr\/tag\/transilien\" target=\"_blank\" rel=\"noopener\">Transilien<\/a> SNCF Voyageurs pour le compte d\u2019<a href=\"https:\/\/actu.fr\/tag\/ile-de-france-mobilites\" target=\"_blank\" rel=\"noopener\">\u00cele-de-France Mobilit\u00e9s<\/a>. Voici les lignes qui seront affect\u00e9es \u00e0 Paris et en \u00cele-de-France.<\/p>\n<p>Certains RER perturb\u00e9s<\/p>\n<p class=\" wall-content\">\u2013<strong>RER D<\/strong>\u2009: pr\u00e9voir un train sur deux entre Corbeil-Essonnes et Creil et entre Melun et Goussainville. Il n\u2019y aura qu\u2019un train sur quatre entre Juvisy et Malesherbes via Ris Orangis. Attention, il n\u2019y aura pas de bus de remplacement entre Corbeil-Essonnes et Melun, en cons\u00e9quence de la temp\u00eate Goretti.<\/p>\n<p class=\" wall-content\">\u2013<strong>RER E<\/strong>\u2009: deux trains sur trois circuleront.<\/p>\n<p class=\" wall-content\">\u2013<strong>Ligne R du Transilien<\/strong>\u2009: pr\u00e9voir deux trains sur trois.<\/p>\n<p class=\" wall-content\">Le trafic est normal sur l\u2019ensemble des RER A, B et C et des Transiliens H, J, K, L, N, P, U et V. Transilien SNCF Voyageurs assure \u00eatre \u00ab\u2009conscient de la g\u00eane occasionn\u00e9e\u2009\u00bb et \u00eatre \u00ab\u2009pleinement mobilis\u00e9 pour accompagner, informer et assister les voyageurs\u2009\u00bb. Les passagers qui le peuvent et qui sont concern\u00e9s par ces lignes sont invit\u00e9s \u00e0 limiter leurs d\u00e9placements pour cette journ\u00e9e.<\/p>\n<p class=\" wall-content\">Personnalisez votre actualit\u00e9 en ajoutant vos villes et m\u00e9dias en favori avec <a href=\"https:\/\/moncompte.actu.fr\" title=\"D\u00e9couvez Mon Actu\" rel=\"nofollow noopener\" data-trk=\"{&quot;cta&quot;:{&quot;action&quot;:&quot;https:\\\/\\\/moncompte.actu.fr&quot;,&quot;category&quot;:&quot;mon compte&quot;,&quot;from&quot;:&quot;article footer&quot;,&quot;name&quot;:&quot;Mon actu&quot;,&quot;type&quot;:&quot;cta&quot;}}\" target=\"_blank\">Mon Actu<\/a>.<\/p>\n","protected":false},"excerpt":{"rendered":"Par Marie Pomme Publi\u00e9 le 12 janv. 2026 \u00e0 19h29 Ce mardi 13\u00a0janvier 2026, la SNCF pr\u00e9voit une&hellip;\n","protected":false},"author":2,"featured_media":659076,"comment_status":"","ping_status":"","sticky":false,"template":"","format":"standard","meta":{"footnotes":""},"categories":[1592],"tags":[1111,11,1777,674,1011,27,662,12,626,25,7759,2215,104,2803],"class_list":{"0":"post-659075","1":"post","2":"type-post","3":"status-publish","4":"format-standard","5":"has-post-thumbnail","7":"category-ile-de-france","8":"tag-actu","9":"tag-actualites","10":"tag-eu","11":"tag-europe","12":"tag-fr","13":"tag-france","14":"tag-ile-de-france","15":"tag-news","16":"tag-paris","17":"tag-republique-francaise","18":"tag-rer-d","19":"tag-sncf","20":"tag-societe","21":"tag-transport"},"share_on_mastodon":{"url":"https:\/\/pubeurope.com\/@fr\/115883912980563836","error":""},"_links":{"self":[{"href":"https:\/\/www.europesays.com\/fr\/wp-json\/wp\/v2\/posts\/659075","targetHints":{"allow":["GET"]}}],"collection":[{"href":"https:\/\/www.europesays.com\/fr\/wp-json\/wp\/v2\/posts"}],"about":[{"href":"https:\/\/www.europesays.com\/fr\/wp-json\/wp\/v2\/types\/post"}],"author":[{"embeddable":true,"href":"https:\/\/www.europesays.com\/fr\/wp-json\/wp\/v2\/users\/2"}],"replies":[{"embeddable":true,"href":"https:\/\/www.europesays.com\/fr\/wp-json\/wp\/v2\/comments?post=659075"}],"version-history":[{"count":0,"href":"https:\/\/www.europesays.com\/fr\/wp-json\/wp\/v2\/posts\/659075\/revisions"}],"wp:featuredmedia":[{"embeddable":true,"href":"https:\/\/www.europesays.com\/fr\/wp-json\/wp\/v2\/media\/659076"}],"wp:attachment":[{"href":"https:\/\/www.europesays.com\/fr\/wp-json\/wp\/v2\/media?parent=659075"}],"wp:term":[{"taxonomy":"category","embeddable":true,"href":"https:\/\/www.europesays.com\/fr\/wp-json\/wp\/v2\/categories?post=659075"},{"taxonomy":"post_tag","embeddable":true,"href":"https:\/\/www.europesays.com\/fr\/wp-json\/wp\/v2\/tags?post=659075"}],"curies":[{"name":"wp","href":"https:\/\/api.w.org\/{rel}","templated":true}]}}