{"id":659077,"date":"2026-01-12T20:02:15","date_gmt":"2026-01-12T20:02:15","guid":{"rendered":"https:\/\/www.europesays.com\/fr\/659077\/"},"modified":"2026-01-12T20:02:15","modified_gmt":"2026-01-12T20:02:15","slug":"environ-250-tracteurs-de-la-fnsea-attendus-a-paris-ce-mardi","status":"publish","type":"post","link":"https:\/\/www.europesays.com\/fr\/659077\/","title":{"rendered":"\u00ab\u00a0environ 250 tracteurs\u00a0\u00bb de la FNSEA attendus \u00e0 Paris ce mardi"},"content":{"rendered":"<p class=\"article-p mdl\">La col\u00e8re agricole persiste dans l&rsquo;Hexagone. Cette fois, ce sont les agriculteurs de la FNSEA qui ont pr\u00e9vu de monter dans la capitale pour faire entendre leurs revendications, apr\u00e8s l&rsquo;op\u00e9ration de la Coordination rurale jeudi dernier.<\/p>\n<p class=\"article-p mdl\">La FRSEA Grand bassin parisien, une entit\u00e9 de la FNSEA englobant l&rsquo;Ile-de-France mais aussi des d\u00e9partements d&rsquo;autres r\u00e9gions voisines de la capitale, est \u00e0 la man\u0153uvre de cette manifestation visant \u00e0 exiger<a class=\"link\" href=\"https:\/\/www.rtl.fr\/actu\/politique\/colere-agricole-annie-genevard-annonce-le-doublement-du-fonds-d-indemnisation-pour-les-eleveurs-touches-par-la-dermatose-bovine-7900587090\" target=\"_blank\" rel=\"noopener\"> des \u00ab\u00a0actes concrets et imm\u00e9diats\u00a0\u00bb<\/a>\u00a0pour d\u00e9fendre une souverainet\u00e9 alimentaire \u00ab\u00a0en danger\u00a0\u00bb, selon un communiqu\u00e9.<\/p>\n<p class=\"article-p mdl\">Les manifestants comptent se retrouver place de la Concorde \u00ab\u00a0vers 6-7 heures\u00a0\u00bb du matin, ce mardi 13 janvier, et \u00ab\u00a0environ 250 tracteurs\u00a0\u00bb devraient venir des Hauts-de-France, a d\u00e9clar\u00e9 \u00e0 l&rsquo;AFP Beno\u00eet Raux, secr\u00e9taire g\u00e9n\u00e9ral de la FDSEA du Nord.<\/p>\n<p class=\"article-p mdl\">\u00c0 l&rsquo;approche de la signature de\u00a0<a class=\"link\" href=\"https:\/\/www.rtl.fr\/actu\/debats-societe\/en-direct-colere-agricole-des-tracteurs-d-agriculteurs-de-la-coordination-rurale-sont-entres-au-coeur-de-paris-7900586275\" target=\"_blank\" rel=\"noopener\">l&rsquo;accord UE-Mercosur<\/a>, ce samedi, au Paraguay, les actions d&rsquo;agriculteurs qui y sont oppos\u00e9s perdurent ainsi en France.<\/p>\n<p>            Les agriculteurs r\u00e9clament \u00ab\u00a0que l&rsquo;importation respecte nos standards de production\u00a0\u00bb<\/p>\n<p class=\"article-p mdl\">Au Havre, premier port fran\u00e7ais pour le trafic de conteneurs, des filtrages ont \u00e9t\u00e9 mis en place avec des pneus en flamme, des troncs d&rsquo;arbres et quelques tracteurs, sans bloquer l&rsquo;activit\u00e9 : depuis ce week-end, des agriculteurs \u00ab\u00a0contr\u00f4lent\u00a0\u00bb les camions frigorifiques et v\u00e9rifient la provenance des produits.<\/p>\n<p class=\"article-p mdl\">Ces actions, pr\u00e9vues au moins jusqu&rsquo;\u00e0 lundi soir, ont permis de d\u00e9couvrir \u00ab\u00a0de la farine \u00e9trang\u00e8re, des soupes avec des l\u00e9gumes tha\u00eflandais,<a class=\"link\" href=\"https:\/\/www.rtl.fr\/actu\/economie-consommation\/mangues-avocats-soja-la-france-suspend-les-importations-de-produits-agricoles-traites-avec-5-substances-interdites-dans-l-union-europeenne-7900585774\" target=\"_blank\" rel=\"noopener\"> des produits qui n&rsquo;ont pas les m\u00eames normes de production<\/a>\u00a0\u00bb que les n\u00f4tres, a d\u00e9plor\u00e9 aupr\u00e8s Justin Lema\u00eetre, secr\u00e9taire g\u00e9n\u00e9ral des Jeunes Agriculteurs en Seine-Maritime, aupr\u00e8s de l&rsquo;AFP, r\u00e9clamant \u00ab\u00a0que l&rsquo;importation respecte nos standards de production\u00a0\u00bb.<\/p>\n<p>            Des actions \u00e0 La Rochelle,  Metz, Pau, P\u00e9rigueux&#8230;<\/p>\n<p class=\"article-p mdl\">Lundi matin au port de Bayonne, une centaine d&rsquo;agriculteurs de la Conf\u00e9d\u00e9ration paysanne, du Modef et du syndicat basque ELB ont ainsi bloqu\u00e9 un site c\u00e9r\u00e9alier d&rsquo;exportation de l&rsquo;entreprise Ma\u00efsica, vu comme un \u00ab\u00a0symbole fort\u00a0\u00bb des accords de libre-\u00e9change qu&rsquo;ils d\u00e9noncent. \u00c0 La Rochelle, une soixantaine de manifestants ont, eux, \u00e9tabli un barrage de ballots de paille devant des installations p\u00e9troli\u00e8res sur le port industriel, \u00e0 l&rsquo;appel de\u00a0<a class=\"link\" href=\"https:\/\/www.rtl.fr\/actu\/debats-societe\/colere-agricole-des-tracteurs-de-la-coordination-rurale-sont-entres-dans-paris-pres-de-l-arc-de-triomphe-7900586253\" target=\"_blank\" rel=\"noopener\">la Coordination rurale (CR)<\/a>.<\/p>\n<p class=\"article-p mdl\">Des manifestations, r\u00e9unissant entre plusieurs dizaines et plusieurs centaines de participants selon les d\u00e9comptes de journalistes de l&rsquo;AFP ou de la presse locale, ont \u00e9galement eu lieu devant les pr\u00e9fectures ou sur les routes \u00e0 Metz, Pau, P\u00e9rigueux, Poitiers, Dax et Limoges, \u00e0 l&rsquo;appel de diff\u00e9rents syndicats.<\/p>\n<p class=\"article-p mdl\">Cette nouvelle mobilisation agricole, qui avait d\u00e9but\u00e9 en d\u00e9cembre dans le Doubs puis en Ari\u00e8ge en opposition \u00e0 la gestion gouvernementale de la\u00a0<a class=\"link\" href=\"https:\/\/www.rtl.fr\/actu\/debats-societe\/origine-symptomes-vaccin-5-questions-pour-mieux-comprendre-la-dermatose-nodulaire-contagieuse-7900577519\" target=\"_blank\" rel=\"noopener\">dermatose nodulaire contagieuse<\/a>\u00a0(DNC) bovine, s&rsquo;\u00e9tait muscl\u00e9e la semaine derni\u00e8re avec l&rsquo;entr\u00e9e de tracteurs dans Paris.<\/p>\n<p>    La r\u00e9daction vous recommande<\/p>\n<p class=\"s-newsletter__title\">\n                L\u2019actualit\u00e9 par la r\u00e9daction de RTL dans votre bo\u00eete mail.\n            <\/p>\n<p class=\"s-newsletter__subtitle\">\n                Gr\u00e2ce \u00e0 votre compte RTL abonnez-vous \u00e0 la newsletter RTL info pour suivre toute l&rsquo;actualit\u00e9 au quotidien\n            <\/p>\n<p>\n                                    Lire la suite\n                                <\/p>\n","protected":false},"excerpt":{"rendered":"La col\u00e8re agricole persiste dans l&rsquo;Hexagone. Cette fois, ce sont les agriculteurs de la FNSEA qui ont pr\u00e9vu&hellip;\n","protected":false},"author":2,"featured_media":648973,"comment_status":"","ping_status":"","sticky":false,"template":"","format":"standard","meta":{"footnotes":""},"categories":[1888],"tags":[1111,1928,11,1927,327,1777,674,24728,1011,27,1272,12,1926,626,1925,25],"class_list":{"0":"post-659077","1":"post","2":"type-post","3":"status-publish","4":"format-standard","5":"has-post-thumbnail","7":"category-paris","8":"tag-actu","9":"tag-actu-paris","10":"tag-actualites","11":"tag-actualites-paris","12":"tag-agriculture","13":"tag-eu","14":"tag-europe","15":"tag-fnsea","16":"tag-fr","17":"tag-france","18":"tag-manifestations","19":"tag-news","20":"tag-news-paris","21":"tag-paris","22":"tag-paris-news","23":"tag-republique-francaise"},"share_on_mastodon":{"url":"https:\/\/pubeurope.com\/@fr\/115883916921107414","error":""},"_links":{"self":[{"href":"https:\/\/www.europesays.com\/fr\/wp-json\/wp\/v2\/posts\/659077","targetHints":{"allow":["GET"]}}],"collection":[{"href":"https:\/\/www.europesays.com\/fr\/wp-json\/wp\/v2\/posts"}],"about":[{"href":"https:\/\/www.europesays.com\/fr\/wp-json\/wp\/v2\/types\/post"}],"author":[{"embeddable":true,"href":"https:\/\/www.europesays.com\/fr\/wp-json\/wp\/v2\/users\/2"}],"replies":[{"embeddable":true,"href":"https:\/\/www.europesays.com\/fr\/wp-json\/wp\/v2\/comments?post=659077"}],"version-history":[{"count":0,"href":"https:\/\/www.europesays.com\/fr\/wp-json\/wp\/v2\/posts\/659077\/revisions"}],"wp:featuredmedia":[{"embeddable":true,"href":"https:\/\/www.europesays.com\/fr\/wp-json\/wp\/v2\/media\/648973"}],"wp:attachment":[{"href":"https:\/\/www.europesays.com\/fr\/wp-json\/wp\/v2\/media?parent=659077"}],"wp:term":[{"taxonomy":"category","embeddable":true,"href":"https:\/\/www.europesays.com\/fr\/wp-json\/wp\/v2\/categories?post=659077"},{"taxonomy":"post_tag","embeddable":true,"href":"https:\/\/www.europesays.com\/fr\/wp-json\/wp\/v2\/tags?post=659077"}],"curies":[{"name":"wp","href":"https:\/\/api.w.org\/{rel}","templated":true}]}}