{"id":659078,"date":"2026-01-12T20:03:13","date_gmt":"2026-01-12T20:03:13","guid":{"rendered":"https:\/\/www.europesays.com\/fr\/659078\/"},"modified":"2026-01-12T20:03:13","modified_gmt":"2026-01-12T20:03:13","slug":"colere-des-agriculteurs-plusieurs-centaines-de-tracteurs-attendues-a-paris-mardi-matin","status":"publish","type":"post","link":"https:\/\/www.europesays.com\/fr\/659078\/","title":{"rendered":"Col\u00e8re des agriculteurs : Plusieurs centaines de tracteurs attendues \u00e0 Paris mardi matin"},"content":{"rendered":"<p class=\"mb-4 text-lg md:leading-8 break-words\"><strong>mobilisation &#8211; Des agriculteurs pr\u00e9voient de manifester mardi matin \u00e0 Paris avec plusieurs centaines de tracteurs, apr\u00e8s des op\u00e9rations ayant cibl\u00e9 lundi les ports fran\u00e7ais, symbole du libre-\u00e9change international, ainsi que des autoroutes<\/strong><\/p>\n<p class=\"mb-4 text-lg md:leading-8 break-words\">La col\u00e8re est toujours l\u00e0. Des agriculteurs pr\u00e9voient de manifester mardi matin \u00e0 Paris avec plusieurs centaines de tracteurs, apr\u00e8s des op\u00e9rations ayant cibl\u00e9 lundi les ports fran\u00e7ais, symbole du libre-\u00e9change international, ainsi que des autoroutes. La FRSEA Grand bassin parisien, une entit\u00e9 englobant l\u2019Ile-de-France, mais aussi des d\u00e9partements d\u2019autres r\u00e9gions voisines de la capitale, est \u00e0 la man\u0153uvre de cette manifestation visant \u00e0 exiger des \u00ab actes concrets et imm\u00e9diats \u00bb pour d\u00e9fendre une souverainet\u00e9 alimentaire \u00ab en danger \u00bb, selon un communiqu\u00e9.<\/p>\n<p class=\"mb-4 text-lg md:leading-8 break-words\">Les manifestants comptent se retrouver place de la Concorde \u00ab vers 6-7 heures \u00bb du matin et \u00ab environ 250 tracteurs \u00bb devraient venir des Hauts-de-France, a d\u00e9clar\u00e9 lundi \u00e0 l\u2019AFP Beno\u00eet Raux, secr\u00e9taire g\u00e9n\u00e9ral de la FDSEA du Nord.<\/p>\n<p>Mercosur dans le viseur<\/p>\n<p class=\"mb-4 text-lg md:leading-8 break-words\">\u00c0 l\u2019approche de la signature de l\u2019accord UE-<a href=\"https:\/\/www.20minutes.fr\/economie\/mercosur\/?at_medium=RSS%20feed&amp;at_campaign=ynews&amp;utm_source=yahoo&amp;utm_medium=rss&amp;utm_campaign=news_feed&amp;utm_content=in_article_link\" rel=\"nofollow noopener\" target=\"_blank\" data-ylk=\"slk:Mercosur;elm:context_link;itc:0;sec:content-canvas\" class=\"link \">Mercosur <\/a>samedi au Paraguay, les actions d\u2019agriculteurs qui y sont oppos\u00e9s perdurent ainsi en France. Au Havre, premier port fran\u00e7ais pour le trafic de conteneurs, des filtrages ont \u00e9t\u00e9 mis en place avec des pneus en flamme, des troncs d\u2019arbres et quelques tracteurs, sans bloquer l\u2019activit\u00e9 : depuis ce week-end, des agriculteurs \u00ab contr\u00f4lent \u00bb les camions frigorifiques et v\u00e9rifient la provenance des produits.<\/p>\n<p class=\"mb-4 text-lg md:leading-8 break-words\">Ces actions, pr\u00e9vues au moins jusqu\u2019\u00e0 lundi soir, ont permis de d\u00e9couvrir \u00ab de la farine \u00e9trang\u00e8re, des soupes avec des l\u00e9gumes tha\u00eflandais, des produits qui n\u2019ont pas les m\u00eames normes de production \u00bb que les n\u00f4tres, a d\u00e9pl(&#8230;)<\/p>\n<p class=\"mb-4 text-lg md:leading-8 break-words\"><a href=\"https:\/\/www.20minutes.fr\/societe\/4195711-20260112-colere-agriculteurs-plusieurs-centaines-tracteurs-attendues-paris-mardi-matin?at_medium=RSS%20feed&amp;at_campaign=ynews&amp;utm_source=yahoo&amp;utm_medium=rss&amp;utm_campaign=news_feed&amp;utm_content=read_more_link&quot;\" rel=\"nofollow noopener\" target=\"_blank\" data-ylk=\"slk:Lire la suite sur 20minutes;elm:context_link;itc:0;sec:content-canvas\" class=\"link \">Lire la suite sur 20minutes<\/a><\/p>\n<p>\u00c0 lire aussi :<br \/><a href=\"https:\/\/www.20minutes.fr\/societe\/4194551-20260106-strasbourg-agriculteurs-colere-100-tracteurs-attendus-mercredi?at_medium=RSS%20feed&amp;at_campaign=ynews&amp;utm_source=yahoo&amp;utm_medium=rss&amp;utm_campaign=news_feed&amp;utm_content=related_content_link\" rel=\"nofollow noopener\" target=\"_blank\" data-ylk=\"slk:Strasbourg : Les agriculteurs en col\u00e8re, 100 tracteurs attendus mercredi;elm:context_link;itc:0;sec:content-canvas\" class=\"link \">Strasbourg : Les agriculteurs en col\u00e8re, 100 tracteurs attendus mercredi<\/a><br \/><a href=\"https:\/\/www.20minutes.fr\/societe\/4194653-20260106-colere-agricole-tracteurs-dirigent-vers-paris-barrages-plusieurs-routes?at_medium=RSS%20feed&amp;at_campaign=ynews&amp;utm_source=yahoo&amp;utm_medium=rss&amp;utm_campaign=news_feed&amp;utm_content=related_content_link\" rel=\"nofollow noopener\" target=\"_blank\" data-ylk=\"slk:Col\u00e8re agricole : Des tracteurs se dirigent vers Paris, des barrages sur plusieurs routes;elm:context_link;itc:0;sec:content-canvas\" class=\"link \">Col\u00e8re agricole : Des tracteurs se dirigent vers Paris, des barrages sur plusieurs routes<\/a><\/p>\n","protected":false},"excerpt":{"rendered":"mobilisation &#8211; Des agriculteurs pr\u00e9voient de manifester mardi matin \u00e0 Paris avec plusieurs centaines de tracteurs, apr\u00e8s des&hellip;\n","protected":false},"author":2,"featured_media":659079,"comment_status":"","ping_status":"","sticky":false,"template":"","format":"standard","meta":{"footnotes":""},"categories":[1888],"tags":[1111,1928,11,1927,2572,1777,674,1011,27,9778,4659,12,1926,626,1925,76110,25,26110],"class_list":{"0":"post-659078","1":"post","2":"type-post","3":"status-publish","4":"format-standard","5":"has-post-thumbnail","7":"category-paris","8":"tag-actu","9":"tag-actu-paris","10":"tag-actualites","11":"tag-actualites-paris","12":"tag-agriculteurs","13":"tag-eu","14":"tag-europe","15":"tag-fr","16":"tag-france","17":"tag-mardi","18":"tag-matin","19":"tag-news","20":"tag-news-paris","21":"tag-paris","22":"tag-paris-news","23":"tag-ports-francais","24":"tag-republique-francaise","25":"tag-tracteurs"},"share_on_mastodon":{"url":"https:\/\/pubeurope.com\/@fr\/115883920878537705","error":""},"_links":{"self":[{"href":"https:\/\/www.europesays.com\/fr\/wp-json\/wp\/v2\/posts\/659078","targetHints":{"allow":["GET"]}}],"collection":[{"href":"https:\/\/www.europesays.com\/fr\/wp-json\/wp\/v2\/posts"}],"about":[{"href":"https:\/\/www.europesays.com\/fr\/wp-json\/wp\/v2\/types\/post"}],"author":[{"embeddable":true,"href":"https:\/\/www.europesays.com\/fr\/wp-json\/wp\/v2\/users\/2"}],"replies":[{"embeddable":true,"href":"https:\/\/www.europesays.com\/fr\/wp-json\/wp\/v2\/comments?post=659078"}],"version-history":[{"count":0,"href":"https:\/\/www.europesays.com\/fr\/wp-json\/wp\/v2\/posts\/659078\/revisions"}],"wp:featuredmedia":[{"embeddable":true,"href":"https:\/\/www.europesays.com\/fr\/wp-json\/wp\/v2\/media\/659079"}],"wp:attachment":[{"href":"https:\/\/www.europesays.com\/fr\/wp-json\/wp\/v2\/media?parent=659078"}],"wp:term":[{"taxonomy":"category","embeddable":true,"href":"https:\/\/www.europesays.com\/fr\/wp-json\/wp\/v2\/categories?post=659078"},{"taxonomy":"post_tag","embeddable":true,"href":"https:\/\/www.europesays.com\/fr\/wp-json\/wp\/v2\/tags?post=659078"}],"curies":[{"name":"wp","href":"https:\/\/api.w.org\/{rel}","templated":true}]}}