{"id":659080,"date":"2026-01-12T20:04:18","date_gmt":"2026-01-12T20:04:18","guid":{"rendered":"https:\/\/www.europesays.com\/fr\/659080\/"},"modified":"2026-01-12T20:04:18","modified_gmt":"2026-01-12T20:04:18","slug":"le-rendez-vous-incontournable-des-passionnes-de-voitures-de-collection","status":"publish","type":"post","link":"https:\/\/www.europesays.com\/fr\/659080\/","title":{"rendered":"le rendez-vous incontournable des passionn\u00e9s de voitures de collection"},"content":{"rendered":"<p><strong>Chaque ann\u00e9e, R\u00e9tromobile transforme Paris en capitale mondiale de l\u2019automobile de collection. V\u00e9ritable institution, le salon s\u2019impose comme l\u2019un des \u00e9v\u00e9nements les plus prestigieux du calendrier automobile international. \u00c0 Paris Expo Porte de Versailles, passionn\u00e9s, collectionneurs, professionnels et simples curieux se retrouvent du 28 JANV. au 1 F\u00c9V. 2026pour c\u00e9l\u00e9brer l\u2019histoire de l\u2019automobile, ses ic\u00f4nes, ses innovations et ses l\u00e9gendes. R\u00e9tromobile, ce n\u2019est pas seulement un salon : c\u2019est une immersion totale dans l\u2019\u00e9l\u00e9gance m\u00e9canique, la culture automobile et l\u2019\u00e9motion patrimoniale.<\/strong><\/p>\n<p>Un voyage \u00e0 travers l\u2019histoire et les l\u00e9gendes de l\u2019automobile<\/p>\n<p><img loading=\"lazy\" decoding=\"async\" width=\"1664\" height=\"936\" src=\"data:image\/svg+xml,%3Csvg%20xmlns=\" http:=\"\" alt=\"\" class=\"wp-image-205214\" data-lazy- data-lazy- data-lazy-src=\"https:\/\/www.europesays.com\/fr\/wp-content\/uploads\/2026\/01\/Capture-decran-2026-01-12-a-17.22.43-edited.png\"\/><\/p>\n<p>Depuis sa cr\u00e9ation, R\u00e9tromobile s\u2019est donn\u00e9 pour mission de raconter l\u2019histoire de l\u2019automobile sous toutes ses formes. Des voitures de collection les plus rares aux mod\u00e8les embl\u00e9matiques ayant marqu\u00e9 le XX\u1d49 si\u00e8cle, chaque \u00e9dition offre un panorama exceptionnel du patrimoine automobile mondial. Les visiteurs peuvent admirer des v\u00e9hicules restaur\u00e9s avec une pr\u00e9cision remarquable, des prototypes historiques, ainsi que des mod\u00e8les de comp\u00e9tition ayant \u00e9crit certaines des plus belles pages du sport automobile.<\/p>\n<p><img loading=\"lazy\" decoding=\"async\" width=\"1642\" height=\"923\" src=\"data:image\/svg+xml,%3Csvg%20xmlns=\" http:=\"\" alt=\"\" class=\"wp-image-205212\" data-lazy- data-lazy- data-lazy-src=\"https:\/\/www.europesays.com\/fr\/wp-content\/uploads\/2026\/01\/Capture-decran-2026-01-12-a-17.22.28-edited.png\"\/><\/p>\n<p>Chaque all\u00e9e devient un mus\u00e9e vivant, o\u00f9 les carrosseries racontent autant l\u2019\u00e9volution du design que celle des performances techniques. R\u00e9tromobile s\u00e9duit par sa capacit\u00e9 \u00e0 faire dialoguer pass\u00e9 et pr\u00e9sent, en r\u00e9unissant des marques mythiques, des clubs de passionn\u00e9s et des collectionneurs venus du monde entier.<\/p>\n<p>Expositions, animations et savoir-faire d\u2019exception<\/p>\n<p><img loading=\"lazy\" decoding=\"async\" width=\"2000\" height=\"1124\" src=\"data:image\/svg+xml,%3Csvg%20xmlns=\" http:=\"\" alt=\"\" class=\"wp-image-205218\" data-lazy- data-lazy- data-lazy-src=\"https:\/\/www.europesays.com\/fr\/wp-content\/uploads\/2026\/01\/RETROMOBILE-2025-7-edited.jpg\"\/><\/p>\n<p>Au-del\u00e0 des v\u00e9hicules expos\u00e9s, R\u00e9tromobile propose chaque ann\u00e9e une programmation riche, pens\u00e9e pour transmettre la culture automobile. Expositions th\u00e9matiques, hommages \u00e0 des figures embl\u00e9matiques, d\u00e9monstrations de restauration et pr\u00e9sentations de m\u00e9tiers d\u2019art permettent de comprendre l\u2019automobile comme un objet culturel \u00e0 part enti\u00e8re.<\/p>\n<p>Le salon met \u00e9galement en lumi\u00e8re les savoir-faire li\u00e9s \u00e0 la restauration, \u00e0 la m\u00e9canique ancienne et \u00e0 la pr\u00e9servation du patrimoine. Carrossiers, selliers, motoristes et experts partagent leur passion et leur expertise, offrant aux visiteurs un regard rare sur les coulisses de cet univers exigeant. R\u00e9tromobile devient ainsi un lieu de transmission, o\u00f9 l\u2019on apprend autant que l\u2019on contemple.<\/p>\n<p>Un \u00e9v\u00e9nement unique entre passion, art et march\u00e9 de collection<\/p>\n<p><img decoding=\"async\" src=\"data:image\/svg+xml,%3Csvg%20xmlns=\" http:=\"\" alt=\"https:\/\/www.europesays.com\/fr\/wp-content\/uploads\/2026\/01\/1-17.jpg\" data-lazy-src=\"https:\/\/www.europesays.com\/fr\/wp-content\/uploads\/2026\/01\/1-17.jpg\"\/><\/p>\n<p>R\u00e9tromobile est aussi un lieu de rencontres et d\u2019\u00e9changes, o\u00f9 se croisent amateurs \u00e9clair\u00e9s et acteurs majeurs du march\u00e9 automobile de collection. Le salon accueille des ventes aux ench\u00e8res prestigieuses, des marchands sp\u00e9cialis\u00e9s et des stands d\u00e9di\u00e9s aux objets, miniatures et memorabilia li\u00e9s \u00e0 l\u2019automobile.<\/p>\n<p>Cette dimension commerciale, loin d\u2019\u00eatre secondaire, participe \u00e0 l\u2019aura du salon. Elle confirme le r\u00f4le central de R\u00e9tromobile dans l\u2019\u00e9cosyst\u00e8me international de la voiture de collection. Que l\u2019on vienne pour investir, r\u00eaver ou simplement admirer, l\u2019exp\u00e9rience reste unique et profond\u00e9ment immersive.<\/p>\n<p>Informations pratiques<\/p>\n<p><strong>\u00c9v\u00e9nement :<\/strong> <a href=\"https:\/\/www.retromobile.com\/fr\" target=\"_blank\" rel=\"noreferrer noopener\">R\u00e9tromobile Paris<\/a> du 28 JANV. au 1 F\u00c9V. 2026<br \/><strong>Lieu :<\/strong> Paris Expo Porte de Versailles, Paris 15\u1d49<br \/><strong>Acc\u00e8s :<\/strong> M\u00e9tro, tramway et bus Porte de Versailles<br \/><strong>Public :<\/strong> Passionn\u00e9s, collectionneurs, professionnels et grand public<br \/><strong>Site officiel :<\/strong> retromobile.com<\/p>\n<p>R\u00e9tromobile s\u2019impose comme une c\u00e9l\u00e9bration vivante de l\u2019automobile, entre h\u00e9ritage, passion et excellence. Un rendez-vous immanquable pour tous les amoureux de belles m\u00e9caniques et d\u2019histoire roulante.<\/p>\n<p>Voir toutes les infos sur la <a href=\"https:\/\/www.parisselectbook.com\/2026\/01\/12\/gooding-christies-devoile-un-catalogue-de-voiture-de-collection-dexception-pour-sa-vente-inaugurale-a-retromobile-paris\/\" target=\"_blank\" rel=\"noreferrer noopener\">vente Christies d\u00e9di\u00e9e aux voitures de collections<\/a> <\/p>\n","protected":false},"excerpt":{"rendered":"Chaque ann\u00e9e, R\u00e9tromobile transforme Paris en capitale mondiale de l\u2019automobile de collection. V\u00e9ritable institution, le salon s\u2019impose comme&hellip;\n","protected":false},"author":2,"featured_media":659081,"comment_status":"","ping_status":"","sticky":false,"template":"","format":"standard","meta":{"footnotes":""},"categories":[1888],"tags":[11,1777,674,1011,27,12,626,25],"class_list":{"0":"post-659080","1":"post","2":"type-post","3":"status-publish","4":"format-standard","5":"has-post-thumbnail","7":"category-paris","8":"tag-actualites","9":"tag-eu","10":"tag-europe","11":"tag-fr","12":"tag-france","13":"tag-news","14":"tag-paris","15":"tag-republique-francaise"},"share_on_mastodon":{"url":"https:\/\/pubeurope.com\/@fr\/115883924804988380","error":""},"_links":{"self":[{"href":"https:\/\/www.europesays.com\/fr\/wp-json\/wp\/v2\/posts\/659080","targetHints":{"allow":["GET"]}}],"collection":[{"href":"https:\/\/www.europesays.com\/fr\/wp-json\/wp\/v2\/posts"}],"about":[{"href":"https:\/\/www.europesays.com\/fr\/wp-json\/wp\/v2\/types\/post"}],"author":[{"embeddable":true,"href":"https:\/\/www.europesays.com\/fr\/wp-json\/wp\/v2\/users\/2"}],"replies":[{"embeddable":true,"href":"https:\/\/www.europesays.com\/fr\/wp-json\/wp\/v2\/comments?post=659080"}],"version-history":[{"count":0,"href":"https:\/\/www.europesays.com\/fr\/wp-json\/wp\/v2\/posts\/659080\/revisions"}],"wp:featuredmedia":[{"embeddable":true,"href":"https:\/\/www.europesays.com\/fr\/wp-json\/wp\/v2\/media\/659081"}],"wp:attachment":[{"href":"https:\/\/www.europesays.com\/fr\/wp-json\/wp\/v2\/media?parent=659080"}],"wp:term":[{"taxonomy":"category","embeddable":true,"href":"https:\/\/www.europesays.com\/fr\/wp-json\/wp\/v2\/categories?post=659080"},{"taxonomy":"post_tag","embeddable":true,"href":"https:\/\/www.europesays.com\/fr\/wp-json\/wp\/v2\/tags?post=659080"}],"curies":[{"name":"wp","href":"https:\/\/api.w.org\/{rel}","templated":true}]}}