{"id":659082,"date":"2026-01-12T20:05:12","date_gmt":"2026-01-12T20:05:12","guid":{"rendered":"https:\/\/www.europesays.com\/fr\/659082\/"},"modified":"2026-01-12T20:05:12","modified_gmt":"2026-01-12T20:05:12","slug":"video-aussi-grande-que-paris-decouvrez-lathus-saint-remy-ce-joyau-de-la-vienne-et-ses-activites-insolites","status":"publish","type":"post","link":"https:\/\/www.europesays.com\/fr\/659082\/","title":{"rendered":"VID\u00c9O &#8211; \u00ab\u00a0Aussi grande que Paris\u00a0\u00bb, d\u00e9couvrez Lathus-Saint-R\u00e9my, ce joyau de la Vienne et ses activit\u00e9s insolites"},"content":{"rendered":"<p>Lathus-Saint-R\u00e9my, un village de la Vienne aussi vaste que Paris, vous ouvre ses portes. Explorez la vall\u00e9e de la Gartempe, adonnez-vous au cano\u00eb-kayak et plongez au c\u0153ur d&rsquo;une ferme p\u00e9dagogique unique.<\/p>\n<p>Lathus-Saint-R\u00e9my, un nom qui ne vous dit peut-\u00eatre rien, mais qui cache un v\u00e9ritable tr\u00e9sor au c\u0153ur de la Vienne. Pr\u00e9parez-vous \u00e0 \u00eatre surpris par cette commune aux multiples facettes, o\u00f9 nature, sport et traditions se rencontrent pour offrir une exp\u00e9rience inoubliable.<\/p>\n<p>Plus qu&rsquo;un village, un territoire d&rsquo;aventures<\/p>\n<p>Lathus-Saint-R\u00e9my, situ\u00e9e \u00e0 quelques encablures du Limousin, pr\u00e8s de Montmorillon, est une commune surprenante \u00e0 plus d&rsquo;un titre. Antoine Selosse, maire de la commune, nous d\u00e9voile une de ses particularit\u00e9s les plus \u00e9tonnantes\u00a0: \u00ab\u00a0Lathus-Saint-R\u00e9my est en fait une commune qui est aussi grande que la ville de Paris. Paris fait 105 km\u00b2 et\u00a0Lathus\u00a0fait 98 km\u00b2 pour 1200 habitants.\u00a0\u00bb\u00a0Imaginez un village aussi \u00e9tendu que la capitale, o\u00f9 la nature r\u00e8gne en ma\u00eetre\u00a0!<\/p>\n<p><a href=\"https:\/\/www.youtube.com\/watch?v=GYr98X5wZpQ\" target=\"_blank\" rel=\"noopener noreferrer\" class=\"Youtube svelte-isxgy6\" style=\"background-image: url(https:\/\/i.ytimg.com\/vi\/GYr98X5wZpQ\/sddefault.jpg);\"><\/p>\n<p>Itin\u00e9raire bis \u00e0 Lathus-Saint-R\u00e9my dans la Vienne<\/p>\n<p> <\/a> <\/p>\n<p>La vall\u00e9e de la Gartempe est un autre atout majeur de\u00a0Lathus-Saint-R\u00e9my. Ce site, surnomm\u00e9 le Roc d&rsquo;enfer, attire de nombreux visiteurs gr\u00e2ce \u00e0 ses paysages spectaculaires. Les eaux tumultueuses de la Gartempe sculptent les rochers de granit, cr\u00e9ant un environnement id\u00e9al pour les activit\u00e9s de plein air.<\/p>\n<p>Un centre de plein air au c\u0153ur de l&rsquo;action<\/p>\n<p>Le\u00a0<a target=\"_blank\" rel=\"nofollow noopener noreferrer\" class=\"IciLink ici-link IciArticleLink g-ici-body-regular-1 underline brand svelte-1chfe2s\" href=\"https:\/\/www.cpa-lathus.asso.fr\/\">Centre de Plein Air<\/a>\u00a0(C.P.A.) de\u00a0Lathus-Saint-R\u00e9my est un v\u00e9ritable paradis pour les amateurs de sensations fortes et de d\u00e9couvertes. Dominique Josso, directeur du C.P.A., t\u00e9moigne de la diversit\u00e9 des activit\u00e9s propos\u00e9es\u00a0: \u00a0\u00bb\u00a0Ici, c\u2019est un lieu o\u00f9 il se passe mille activit\u00e9s. \u00a0\u00bb\u00a0Du cano\u00eb-kayak sur la Gartempe aux activit\u00e9s de la ferme p\u00e9dagogique, en passant par le cirque, il y en a pour tous les go\u00fbts.<\/p>\n<p>Les passionn\u00e9s de cano\u00eb-kayak viennent de toute la France pour s&rsquo;entra\u00eener sur la Gartempe, profitant d&rsquo;un site exceptionnel qui accueille r\u00e9guli\u00e8rement des comp\u00e9titions nationales. Le C.P.A. forme \u00e9galement de futurs moniteurs, assurant ainsi la p\u00e9rennit\u00e9 de cette activit\u00e9 embl\u00e9matique.<\/p>\n<p> <img decoding=\"async\" src=\"https:\/\/www.europesays.com\/fr\/wp-content\/uploads\/2026\/01\/1768248312_17_1280.jpeg\" alt=\"illustration agrandir l'image\" style=\"--_image-preview:url('data:image\/jpeg;base64,\/9j\/2wBDACgcHiMeGSgjISMtKygwPGRBPDc3PHtYXUlkkYCZlo+AjIqgtObDoKrarYqMyP\/L2u71\/\/\/\/m8H\/\/\/\/6\/+b9\/\/j\/2wBDASstLTw1PHZBQXb4pYyl+Pj4+Pj4+Pj4+Pj4+Pj4+Pj4+Pj4+Pj4+Pj4+Pj4+Pj4+Pj4+Pj4+Pj4+Pj4+Pj4+Pj\/wAARCAAXACoDASIAAhEBAxEB\/8QAGAAAAwEBAAAAAAAAAAAAAAAAAAIDAQT\/xAAXEAEBAQEAAAAAAAAAAAAAAAAAAhEB\/8QAFwEAAwEAAAAAAAAAAAAAAAAAAAECA\/\/EABURAQEAAAAAAAAAAAAAAAAAAAAR\/9oADAMBAAIRAxEAPwCMrQnPFo4mGeTsnh8TBSsPgwodcsytEgNEqzw2AADBgBB\/\/9k=');\" loading=\"lazy\" fetchpriority=\"low\" class=\"svelte-1cksh76 rounded\" onload=\"this.__e=event\" onerror=\"this.__e=event\"\/> Les kayakistes profitent d&rsquo;un site exceptionnel sur la Gartempe \u00a9 France T\u00e9l\u00e9visions  La Ferme du Bouchage\u00a0: quand tradition rime avec innovation<\/p>\n<p>L&rsquo;agriculture est une autre facette importante de\u00a0Lathus-Saint-R\u00e9my. \u00c0 la ferme du Bouchage, Th\u00e9ophile Baudouin perp\u00e9tue la tradition familiale tout en apportant une touche de modernit\u00e9. Avec son p\u00e8re et son fr\u00e8re, il \u00e9l\u00e8ve des bovins, des ovins et des poules pondeuses.<\/p>\n<p>Th\u00e9ophile explique sa d\u00e9marche\u00a0: \u00a0\u00bb\u00a0Mon envie \u00e9tait de rejoindre mon fr\u00e8re et mon p\u00e8re [\u2026] C&rsquo;est pour \u00e7a qu&rsquo;on a fait le choix d&rsquo;y int\u00e9grer de l&rsquo;ovin et des poules pondeuses, ce qui s&rsquo;est plut\u00f4t bien int\u00e9gr\u00e9 au reste, et l\u00e0 o\u00f9 on a pu trouver des d\u00e9bouch\u00e9s pour la vente directe qui nous tenaient \u00e0 c\u0153ur. \u00a0\u00bb\u00a0Cette diversification permet \u00e0 la ferme de s&rsquo;adapter aux enjeux actuels et de proposer des produits de qualit\u00e9 en vente directe.<\/p>\n","protected":false},"excerpt":{"rendered":"Lathus-Saint-R\u00e9my, un village de la Vienne aussi vaste que Paris, vous ouvre ses portes. Explorez la vall\u00e9e de&hellip;\n","protected":false},"author":2,"featured_media":659083,"comment_status":"","ping_status":"","sticky":false,"template":"","format":"standard","meta":{"footnotes":""},"categories":[1888],"tags":[11,1777,674,1011,27,12,626,25],"class_list":{"0":"post-659082","1":"post","2":"type-post","3":"status-publish","4":"format-standard","5":"has-post-thumbnail","7":"category-paris","8":"tag-actualites","9":"tag-eu","10":"tag-europe","11":"tag-fr","12":"tag-france","13":"tag-news","14":"tag-paris","15":"tag-republique-francaise"},"share_on_mastodon":{"url":"https:\/\/pubeurope.com\/@fr\/115883928836569485","error":""},"_links":{"self":[{"href":"https:\/\/www.europesays.com\/fr\/wp-json\/wp\/v2\/posts\/659082","targetHints":{"allow":["GET"]}}],"collection":[{"href":"https:\/\/www.europesays.com\/fr\/wp-json\/wp\/v2\/posts"}],"about":[{"href":"https:\/\/www.europesays.com\/fr\/wp-json\/wp\/v2\/types\/post"}],"author":[{"embeddable":true,"href":"https:\/\/www.europesays.com\/fr\/wp-json\/wp\/v2\/users\/2"}],"replies":[{"embeddable":true,"href":"https:\/\/www.europesays.com\/fr\/wp-json\/wp\/v2\/comments?post=659082"}],"version-history":[{"count":0,"href":"https:\/\/www.europesays.com\/fr\/wp-json\/wp\/v2\/posts\/659082\/revisions"}],"wp:featuredmedia":[{"embeddable":true,"href":"https:\/\/www.europesays.com\/fr\/wp-json\/wp\/v2\/media\/659083"}],"wp:attachment":[{"href":"https:\/\/www.europesays.com\/fr\/wp-json\/wp\/v2\/media?parent=659082"}],"wp:term":[{"taxonomy":"category","embeddable":true,"href":"https:\/\/www.europesays.com\/fr\/wp-json\/wp\/v2\/categories?post=659082"},{"taxonomy":"post_tag","embeddable":true,"href":"https:\/\/www.europesays.com\/fr\/wp-json\/wp\/v2\/tags?post=659082"}],"curies":[{"name":"wp","href":"https:\/\/api.w.org\/{rel}","templated":true}]}}