{"id":659084,"date":"2026-01-12T20:06:11","date_gmt":"2026-01-12T20:06:11","guid":{"rendered":"https:\/\/www.europesays.com\/fr\/659084\/"},"modified":"2026-01-12T20:06:11","modified_gmt":"2026-01-12T20:06:11","slug":"dollars-russes-et-agents-du-kremlin-trump-sous-influence","status":"publish","type":"post","link":"https:\/\/www.europesays.com\/fr\/659084\/","title":{"rendered":"Dollars russes et agents du Kremlin : Trump sous influence ?"},"content":{"rendered":"<p>REVUE DE PRESSE. Des millions de dollars russes dans les caisses de Trump, des agents du Kremlin dans son cabinet : l\u2019influence de Moscou sur le pr\u00e9sident am\u00e9ricain inqui\u00e8te notamment la presse am\u00e9ricaine.<\/p>\n<p class=\"c-paragraph paywall\">\u00abMake Russia Great Again \u00bb. C\u2019est le titre du dossier que publie le suppl\u00e9ment du week-end du quotidien polonais Gazeta Wyborcza, r\u00e9capitulant les multiples preuves de collusions connues entre Donald Trump et la Russie de Poutine. Pour n\u2019en citer que quelques-unes : d\u00e8s 1987, de retour d\u2019une invitation \u00e0 Moscou pour y discuter de la construction d\u2019une Trump Tower de cent \u00e9tages, l\u2019actuel locataire de la Maison-Blanche avait surpris le milieu politique en se payant une page de publicit\u00e9 politique \u00e0 94 800 dollars dans les trois principaux quotidiens nationaux des \u00c9tats-Unis. Le promoteur immobilier y disait tout le mal qu\u2019il pensait de l\u2019Otan. Aujourd\u2019hui devenu pr\u00e9sident des \u00c9tats-Unis, il semble sur le point de s\u2019en prendre militairement \u00e0 l\u2019un de ses plus fid\u00e8les alli\u00e9s, <a href=\"https:\/\/www.lepoint.fr\/monde\/groenland-cest-la-plus-grande-crise-diplomatique-pour-le-danemark-depuis-la-seconde-guerre-mondiale-J36UAXPYWNFTJBXT7GJD332QYQ\/\" target=\"_blank\" rel=\"noreferrer noopener\" title=\"https:\/\/www.lepoint.fr\/monde\/groenland-cest-la-plus-grande-crise-diplomatique-pour-le-danemark-depuis-la-seconde-guerre-mondiale-J36UAXPYWNFTJBXT7GJD332QYQ\/\">le Danemark<\/a>, bien conscient que cela signifierait la fin de l\u2019Alliance atlantique.<\/p>\n<p class=\"c-paragraph\">Dans les ann\u00e9es 1990, en faillite, alors que ses diverses entreprises avaient accumul\u00e9 plus de 4 milliards de dollars de dettes aupr\u00e8s de 72 banques am\u00e9ricaines, Trump a \u00e9t\u00e9 miraculeusement renflou\u00e9 par Bayrock Group, dirig\u00e9 par deux Russes, Felix Sater et Tevfik Arif. Ce sont eux qui ont financ\u00e9 la construction \u00e0 New York de l\u2019h\u00f4tel Trump SoHo, haut de 46 \u00e9tages. C\u2019est un autre Russe, l\u2019oligarque Dmitri Rybolovlev, qui a \u00ab d\u00e9pann\u00e9 \u00bb Trump en lui rachetant pour 95 millions de dollars sa maison de Palm Beach qu\u2019il venait d\u2019acqu\u00e9rir pour 41 millions.<\/p>\n<p class=\"c-paragraph\">Les fils de Donald Trump ne s\u2019en cachaient pas. En septembre 2008, Donald Jr., l\u2019a\u00een\u00e9 du pr\u00e9sident, d\u00e9clarait lors d\u2019un congr\u00e8s de promoteurs, \u00e0 New York : \u00ab Une part importante des investisseurs et des clients de la Trump Organization sont russes. Nous recevons d\u2019importants flux financiers en provenance de la Russie. \u00bb Et, en 2014, le cadet, Eric, interrog\u00e9 sur le financement des terrains de golf, plant\u00e9s un peu partout par l\u2019affaire familiale, expliquait : \u00ab Les fonds ne viennent certainement pas des banques am\u00e9ricaines. Nous obtenons tout ce dont nous avons besoin de Russie. \u00bb<\/p>\n<p class=\"c-paragraph\">Les invitations en Russie se sont succ\u00e9d\u00e9. En novembre 2013, Trump a accept\u00e9 de d\u00e9localiser, pour 20 millions de dollars, le concours Miss Univers \u00e0 Moscou \u00e0 la demande du milliardaire russo-azerba\u00efdjanais Aras Agalarov. Log\u00e9 dans la suite pr\u00e9sidentielle du Ritz-Carlton de Moscou, Trump a b\u00e9n\u00e9fici\u00e9 de l\u2019accueil des \u00ab h\u00f4tesses \u00bb, tandis qu\u2019un agent du renseignement surveillait des centaines de cam\u00e9ras, y compris dans les chambres.<\/p>\n<p>La Maison-Blanche, une annexe du Kremlin ?<\/p>\n<p class=\"c-paragraph\">\u00c0 partir de la campagne \u00e9lectorale de 2016, les \u00e9quipes trumpistes ont \u00e9t\u00e9 truff\u00e9es de personnages manifestement corrompus par la Russie : Paul Manafort, qui deviendra directeur de campagne de Trump, avait pr\u00e9alablement travaill\u00e9 pour le milliardaire Oleg Deripaska, \u00ab roi de l\u2019aluminium \u00bb. Michael Caputo, avant d\u2019\u00eatre charg\u00e9 de la campagne pr\u00e9sidentielle de Trump \u00e0 New York, avait \u00e9t\u00e9 recrut\u00e9 par la soci\u00e9t\u00e9 russe Gazprom afin \u00ab d\u2019am\u00e9liorer l\u2019image de Vladimir Poutine aux \u00c9tats-Unis \u00bb. Michael Flynn, qui a \u00e9t\u00e9 conseiller \u00e0 la S\u00e9curit\u00e9 nationale dans l\u2019\u00e9quipe de Trump lors de son premier mandat, a reconnu avoir menti au FBI sur ses liens avec la Russie.<\/p>\n<p class=\"c-paragraph\">\u00ab Sous les administrations de Kennedy, Nixon, Reagan, Bush ou Clinton, quiconque aurait soutenu ouvertement une puissance hostile aurait provoqu\u00e9 un scandale. Mais les deux cabinets de Trump comptent suffisamment de tels individus qu\u2019on pourrait remplir un autobus\u2026, \u00e9crit le journaliste polonais Artur Wlodarski. Il y a un demi-si\u00e8cle, les psychologues du Kremlin avaient cern\u00e9 le profil de Trump avec justesse. Son narcissisme, sa cupidit\u00e9, son go\u00fbt pour les femmes et les compliments \u00e9taient comme les touches d\u2019un piano. Or, Poutine s\u2019est r\u00e9v\u00e9l\u00e9 \u00eatre un virtuose. \u00bb<\/p>\n<p>ICE, une milice trumpiste ?<\/p>\n<p class=\"c-paragraph\">L\u2019Am\u00e9rique a \u00e9t\u00e9 choqu\u00e9e <a href=\"https:\/\/www.lepoint.fr\/monde\/qui-etait-renee-nicole-good-la-poetesse-assassinee-le-7-janvier-a-minneapolis-RQW56RKEYRCZROBDKSK2UKATNI\/\" target=\"_blank\" rel=\"noreferrer noopener\" title=\"https:\/\/www.lepoint.fr\/monde\/qui-etait-renee-nicole-good-la-poetesse-assassinee-le-7-janvier-a-minneapolis-RQW56RKEYRCZROBDKSK2UKATNI\/\">par la mort de Renee Nicole Good<\/a>, une m\u00e8re de famille de 37 ans tu\u00e9e par un agent de l\u2019ICE (la police de l\u2019immigration) \u00e0 Minneapolis. Un <a href=\"https:\/\/today.yougov.com\/topics\/politics\/survey-results\/daily\/2026\/01\/08\/2246e\/2\" target=\"_blank\" rel=\"noreferrer noopener\" title=\"https:\/\/today.yougov.com\/topics\/politics\/survey-results\/daily\/2026\/01\/08\/2246e\/2\">sondage Yougov<\/a> du 8 janvier mesure la mont\u00e9e de cette opposition de l\u2019opinion. 52 % des sond\u00e9s d\u00e9sapprouvent les m\u00e9thodes de l\u2019ICE, contre 39 % qui les approuvent. 57 % les jugent excessivement autoritaires, 27 % appropri\u00e9es et 10 % pas assez fermes.<\/p>\n<p class=\"c-paragraph\">\u00ab On nous a vendu cette ICE (Immigration and Customs Enforcement), \u00e9ventuellement soutenue par la garde nationale, comme une force destin\u00e9e \u00e0 lutter contre l\u2019immigration clandestine, \u00e9crit Anne Applebaum dans <a href=\"https:\/\/www.theatlantic.com\/podcasts\/2026\/01\/autocracy-in-america-ice-and-the-national-guard\/685279\/\" target=\"_blank\" rel=\"noreferrer noopener\" title=\"https:\/\/www.theatlantic.com\/podcasts\/2026\/01\/autocracy-in-america-ice-and-the-national-guard\/685279\/\">The Atlantic<\/a>, mais \u00ab ces forces sont en train de remanier la d\u00e9mocratie et \u00e7a nous concerne tous \u00bb. Lourdement arm\u00e9s, souvent masqu\u00e9s, ces agents semblent b\u00e9n\u00e9ficier d\u2019une inqui\u00e9tante impunit\u00e9. \u00c0 quoi joue Trump ? Que pr\u00e9pare-t-il ? \u00ab L\u2019administration Trump utilise l\u2019ICE et la garde nationale pour projeter son pouvoir, d\u00e9montrer qu\u2019elle peut op\u00e9rer sans limites, en signe de d\u00e9fis aux lois. A-t-on jamais vu \u00e7a, aux \u00c9tats-Unis ? \u00bb, proteste l\u2019essayiste am\u00e9ricaine.<\/p>\n<p class=\"c-paragraph\">Ross Douthat, dans le <a href=\"https:\/\/www.nytimes.com\/2026\/01\/10\/opinion\/ice-shooting-minneapolis-equilibrium.html\" target=\"_blank\" rel=\"noreferrer noopener\" title=\"https:\/\/www.nytimes.com\/2026\/01\/10\/opinion\/ice-shooting-minneapolis-equilibrium.html\">New York Times<\/a>, s\u2019\u00e9tonne que la vid\u00e9o, qui montre le policier tirant sur la conductrice cherchant \u00e0 \u00e9chapper \u00e0 son interpellation, puisse \u00eatre interpr\u00e9t\u00e9e diff\u00e9remment selon les positionnements id\u00e9ologiques. Il est clair, en tout cas, que la vie de l\u2019agent qui a tir\u00e9 n\u2019\u00e9tait nullement menac\u00e9e par la conductrice. \u00ab Si vous voulez que le centre politique soutienne cette politique \u00bb, conseille-t-il aux R\u00e9publicains, il va falloir changer de m\u00e9thode et r\u00e9viser les objectifs \u00e0 la baisse. Stephen Miller, le conseiller \u00e0 la S\u00e9curit\u00e9 int\u00e9rieure des \u00c9tats-Unis, avait fix\u00e9 \u00e0 3 000 arrestations par jour l\u2019objectif de cette politique de lutte contre les clandestins. Cet objectif est trop \u00e9loign\u00e9 d\u2019un \u00ab certain niveau de consensus \u00bb, estime Douthat, r\u00e9put\u00e9 conservateur et hostile au courant Maga actuellement au pouvoir.<\/p>\n<p>Devenir immod\u00e9r\u00e9ment mod\u00e9r\u00e9s pour s\u2019adapter \u00e0 la nouvelle r\u00e9alit\u00e9<\/p>\n<p class=\"c-paragraph\">\u00ab Le vieil ordre international \u00e9tait bas\u00e9 sur tout un syst\u00e8me de limites, \u00e9crit de son c\u00f4t\u00e9 David Brooks <a href=\"https:\/\/www.nytimes.com\/2026\/01\/09\/opinion\/trump-niebuhr-classical-liberals.html\" target=\"_blank\" rel=\"noreferrer noopener\" title=\"https:\/\/www.nytimes.com\/2026\/01\/09\/opinion\/trump-niebuhr-classical-liberals.html\">dans ce m\u00eame journal<\/a>. Des codes de civilit\u00e9, mais aussi une mani\u00e8re de respecter la v\u00e9rit\u00e9, des normes d\u2019autolimitation, un attachement au dialogue, la foi dans les institutions \u00bb permettaient \u00e0 la fois de \u00ab faire fonctionner les d\u00e9mocraties \u00bb et de maintenir la paix entre les nations. \u00ab Cet ordre et ces limites sont \u00e0 pr\u00e9sent d\u00e9truits \u00bb, estime-t-il. \u00c0 droite comme \u00e0 gauche, de plus en plus de gens ont consid\u00e9r\u00e9 qu\u2019il s\u2019agissait d\u2019une \u00ab vaste hypocrisie, destin\u00e9e \u00e0 masquer l\u2019app\u00e9tit de domination des \u00e9lites \u00bb.<\/p>\n<p class=\"c-paragraph\">Et \u00ab \u00e0 pr\u00e9sent, nous vivons dans l\u2019\u00e8re de la pure volont\u00e9 de pouvoir \u00bb, poursuit-il. L\u2019Am\u00e9rique de Trump a rejoint la Chine de Xi Jinping, la Russie de Poutine, la Turquie d\u2019Erdogan. Comme le dit Stephen Miller : \u00ab Le vrai monde est brutal, il est gouvern\u00e9 par la force. \u00bb Si Trump veut quelque chose, il s\u2019en saisit. \u00ab Les tenants du vieux monde (Biden, Starmer, Macron) semblent path\u00e9tiques \u00bb, ajoute le conseiller \u00e0 la S\u00e9curit\u00e9 int\u00e9rieure. Comment les mod\u00e9r\u00e9s peuvent-ils r\u00e9sister \u00e0 un courant qui semble irr\u00e9sistible, mais porteur de guerres ? Deux tentations s\u2019offrent \u00e0 nous, poursuit Brooks. Nous pouvons, certes, nous illusionner en nous convainquant de notre propre sup\u00e9riorit\u00e9 morale, mais ce sera nous condamner \u00e0 l\u2019impuissance des belles \u00e2mes. Ou, au contraire, tenter de nous adapter \u00e0 cette \u00ab nouvelle r\u00e9alit\u00e9 \u00bb.<\/p>\n<p class=\"c-paragraph\">Il pr\u00f4ne \u00e0 cet effet, un centrisme de combat : les mod\u00e9r\u00e9s, \u00e9crit-il, doivent \u00ab devenir immod\u00e9r\u00e9ment mod\u00e9r\u00e9s \u00bb. Les \u00ab enfants de la lumi\u00e8re \u00bb doivent renoncer \u00e0 leur na\u00efvet\u00e9. Et se pr\u00e9parer \u00e0 reconstruire \u00ab un ordre supportable \u00bb, car c\u2019est g\u00e9n\u00e9ralement ce que recherchent les peuples apr\u00e8s les \u00ab pires p\u00e9riodes de sauvagerie historique \u00bb.<\/p>\n<p>L\u2019impuissance fran\u00e7aise<\/p>\n<p class=\"c-paragraph\">The Economist publie deux articles consacr\u00e9s \u00e0 notre pays. Dans le premier, l\u2019hebdomadaire britannique dresse le tableau d\u2019une France victime d\u2019une \u00ab paralysie politique collective \u00bb du fait de l\u2019absence de majorit\u00e9 \u00e0 l\u2019Assembl\u00e9e nationale. Le pays est devenu ingouvernable depuis la dissolution rat\u00e9e de 2024, <a href=\"https:\/\/www.economist.com\/leaders\/2026\/01\/08\/france-is-paralysed-and-everyone-is-to-blame\" target=\"_blank\" rel=\"noreferrer noopener\" title=\"https:\/\/www.economist.com\/leaders\/2026\/01\/08\/france-is-paralysed-and-everyone-is-to-blame\">estime son auteur<\/a>.<\/p>\n<p class=\"c-paragraph\">Mais ce sont \u00ab tous les acteurs majeurs de la vie politique fran\u00e7aise qui devraient avoir honte \u00bb. Les extr\u00eames qui \u00ab se complaisent \u00e0 laisser la France aller \u00e0 la d\u00e9rive \u00bb ; le PS et les Verts qui \u00ab n\u2019ont aucune vision pour r\u00e9soudre la crise budg\u00e9taire \u00bb et ont obtenu la suspension d\u2019une r\u00e9forme des retraites pourtant n\u00e9cessaire. Et les R\u00e9publicains, qui ont autoris\u00e9 cette suspension. Enfin \u00ab l\u2019attitude hautaine et distante de M. Macron n\u2019a rien arrang\u00e9 \u00bb. Mais de mani\u00e8re ultime, ce sont les \u00e9lecteurs fran\u00e7ais qui sont responsables de cette paralysie : \u00ab Ils n\u2019ont pas su appr\u00e9cier la r\u00e9ussite des politiques \u00e9conomiques de M. Macron et refusent d\u2019admettre la n\u00e9cessit\u00e9 d\u2019une r\u00e9forme de la protection sociale \u00bb de leur pays.<\/p>\n<p class=\"c-paragraph\">Or, cette phase d\u2019impuissance collective tombe au plus mal : la France, comme l\u2019Europe enti\u00e8re, fait face \u00e0 des d\u00e9fis qui exigent une forte augmentation des d\u00e9penses de d\u00e9fense. O\u00f9 trouver l\u2019argent ? Dans le deuxi\u00e8me article, intitul\u00e9 \u00ab Dynamique \u00e0 l\u2019\u00e9tranger, Emmanuel Macron fait face \u00e0 une situation chaotique en France \u00bb, <a href=\"https:\/\/www.economist.com\/europe\/2026\/01\/08\/energetic-abroad-emmanuel-macron-faces-a-mess-at-home\" target=\"_blank\" rel=\"noreferrer noopener\" title=\"https:\/\/www.economist.com\/europe\/2026\/01\/08\/energetic-abroad-emmanuel-macron-faces-a-mess-at-home\">The Economist<\/a> estime que \u00ab l\u2019\u00e9nergie politique que la France consacre \u00e0 tourner en rond sur le budget est plus que consternante : elle \u00e9touffe toute ambition r\u00e9formatrice, alimente une exasp\u00e9ration populaire et ne profitera qu\u2019aux extr\u00eames \u00bb.<\/p>\n<p class=\"c-paragraph\">L\u2019hebdomadaire britannique rappelle que les pays du Sud de l\u2019Europe sont parvenus \u00e0 redresser leurs finances publiques, tandis que le budget de l\u2019\u00c9tat fran\u00e7ais, d\u00e9j\u00e0 l\u2019un des plus voraces du monde, continuera \u00e0 \u00eatre financ\u00e9 par un endettement vertigineux. La politique macronienne de \u00ab la relance de l\u2019offre par un all\u00e8gement de la r\u00e9glementation du travail et l\u2019encouragement \u00e0 l\u2019investissement priv\u00e9 \u00bb avait obtenu une baisse encourageante du ch\u00f4mage. Mais \u00ab l\u2019ambition r\u00e9formatrice a quasiment disparu \u00bb. Sur le plan international, sur le dossier ukrainien, en tout cas, le pr\u00e9sident fran\u00e7ais fait preuve d\u2019initiatives. \u00ab Mais ce dynamisme contraste fortement avec la paralysie int\u00e9rieure. \u00bb, estime The Economist.<\/p>\n","protected":false},"excerpt":{"rendered":"REVUE DE PRESSE. Des millions de dollars russes dans les caisses de Trump, des agents du Kremlin dans&hellip;\n","protected":false},"author":2,"featured_media":659085,"comment_status":"","ping_status":"","sticky":false,"template":"","format":"standard","meta":{"footnotes":""},"categories":[1591],"tags":[11,75,73,1887,12,1885,1886,132],"class_list":{"0":"post-659084","1":"post","2":"type-post","3":"status-publish","4":"format-standard","5":"has-post-thumbnail","7":"category-russie","8":"tag-actualites","9":"tag-donald-trump","10":"tag-etats-unis","11":"tag-federation-de-russie","12":"tag-news","13":"tag-russia","14":"tag-russian-federation","15":"tag-russie"},"share_on_mastodon":{"url":"https:\/\/pubeurope.com\/@fr\/115883932719195304","error":""},"_links":{"self":[{"href":"https:\/\/www.europesays.com\/fr\/wp-json\/wp\/v2\/posts\/659084","targetHints":{"allow":["GET"]}}],"collection":[{"href":"https:\/\/www.europesays.com\/fr\/wp-json\/wp\/v2\/posts"}],"about":[{"href":"https:\/\/www.europesays.com\/fr\/wp-json\/wp\/v2\/types\/post"}],"author":[{"embeddable":true,"href":"https:\/\/www.europesays.com\/fr\/wp-json\/wp\/v2\/users\/2"}],"replies":[{"embeddable":true,"href":"https:\/\/www.europesays.com\/fr\/wp-json\/wp\/v2\/comments?post=659084"}],"version-history":[{"count":0,"href":"https:\/\/www.europesays.com\/fr\/wp-json\/wp\/v2\/posts\/659084\/revisions"}],"wp:featuredmedia":[{"embeddable":true,"href":"https:\/\/www.europesays.com\/fr\/wp-json\/wp\/v2\/media\/659085"}],"wp:attachment":[{"href":"https:\/\/www.europesays.com\/fr\/wp-json\/wp\/v2\/media?parent=659084"}],"wp:term":[{"taxonomy":"category","embeddable":true,"href":"https:\/\/www.europesays.com\/fr\/wp-json\/wp\/v2\/categories?post=659084"},{"taxonomy":"post_tag","embeddable":true,"href":"https:\/\/www.europesays.com\/fr\/wp-json\/wp\/v2\/tags?post=659084"}],"curies":[{"name":"wp","href":"https:\/\/api.w.org\/{rel}","templated":true}]}}