{"id":659090,"date":"2026-01-12T20:09:11","date_gmt":"2026-01-12T20:09:11","guid":{"rendered":"https:\/\/www.europesays.com\/fr\/659090\/"},"modified":"2026-01-12T20:09:11","modified_gmt":"2026-01-12T20:09:11","slug":"droits-de-douane-agricoles-le-royaume-uni-maintient-les-discussions-ouvertes-avec-le-maroc","status":"publish","type":"post","link":"https:\/\/www.europesays.com\/fr\/659090\/","title":{"rendered":"Droits de douane agricoles : le Royaume-Uni maintient les discussions ouvertes avec le Maroc"},"content":{"rendered":"<p>\t\t\t\t\t\t<img decoding=\"async\" width=\"800\" height=\"450\" src=\"https:\/\/www.europesays.com\/fr\/wp-content\/uploads\/2026\/01\/2-800x450.jpg\" class=\"attachment-tumbnail size-tumbnail wp-post-image\" alt=\"David Lammy, secr\u00e9taire d'Etat britannique aux Affaires \u00e9trang\u00e8res, \u00e0 Marrakech lors du Forum IGW 2025 \u00e0 Marrakech le 2 juin 2025\" loading=\"lazy\"  \/>\t\t\t\t\t\t<\/p>\n<p>David Lammy, secr\u00e9taire d\u2019Etat britannique aux Affaires \u00e9trang\u00e8res, \u00e0 Marrakech lors du Forum IGW 2025 \u00e0 Marrakech le 2 juin 2025. Cr\u00e9dit : Ezzoubair Elharchaoui \/ Le Desk. Cr\u00e9dit : Ezzoubair Elharchaoui \/ Le Desk<\/p>\n<p>Le gouvernement britannique a confirm\u00e9 au Parlement que la r\u00e9vision des droits de douane agricoles dans les \u00e9changes avec le Maroc est toujours en cours et qu\u2019aucun calendrier n\u2019a \u00e9t\u00e9 fix\u00e9. Londres conditionne la cl\u00f4ture du dossier \u00e0 la conclusion d\u2019un accord jug\u00e9 b\u00e9n\u00e9fique pour les deux pays, tout en soulignant la progression soutenue du commerce bilat\u00e9ral depuis 2021.<\/p>\n<p>Dans une r\u00e9ponse \u00e9crite adress\u00e9e au Parlement britannique, Whitehall a indiqu\u00e9 que la r\u00e9vision des droits de douane agricoles applicables aux \u00e9changes avec le Maroc demeure ouverte. Les autorit\u00e9s pr\u00e9cisent que le processus est \u00ab\u00a0toujours en cours\u00a0\u00bb et qu\u2019il ne sera achev\u00e9 que lorsqu\u2019un accord \u00ab\u00a0b\u00e9n\u00e9fique pour le Royaume-Uni et le Maroc\u00a0\u00bb pourra \u00eatre conclu.<\/p>\n<p>La question avait \u00e9t\u00e9 pos\u00e9e par le d\u00e9put\u00e9 Ashley Fox, qui interrogeait l\u2019ex\u00e9cutif sur l\u2019\u00e9tat d\u2019avancement de cette r\u00e9vision et sur son calendrier. En r\u00e9ponse, le gouvernement n\u2019a fourni ni \u00e9ch\u00e9ance ni d\u00e9tail chiffr\u00e9, confirmant que les discussions techniques se poursuivent sans date de finalisation arr\u00eat\u00e9e.<\/p>\n<p>Londres rappelle que les relations commerciales bilat\u00e9rales reposent sur l\u2019accord d\u2019association Royaume-Uni\u2013Maroc entr\u00e9 en vigueur le 1\u1d49\u02b3 janvier 2021, apr\u00e8s le retrait britannique de l\u2019Union europ\u00e9enne. Cet accord constitue le fondement juridique des \u00e9changes pr\u00e9f\u00e9rentiels entre les deux pays et encadre \u00e9galement les discussions en cours sur les droits de douane agricoles.<\/p>\n<p>Le gouvernement souligne qu\u2019aucune modification unilat\u00e9rale des conditions existantes n\u2019est envisag\u00e9e et insiste sur la n\u00e9cessit\u00e9 de pr\u00e9server des \u00e9quilibres jug\u00e9s sensibles, notamment pour les fili\u00e8res agricoles.<\/p>\n<p>Dans une autre r\u00e9ponse \u00e9crite, les autorit\u00e9s britanniques ont mis en avant la progression du commerce bilat\u00e9ral depuis l\u2019entr\u00e9e en vigueur de l\u2019accord. Les \u00e9changes entre le Royaume-Uni et le Maroc ont atteint 4,6 milliards de livres sterling (MM\u00a3) sur les 12 mois achev\u00e9s \u00e0 la fin juin 2025, en hausse de 18,8\u00a0%, soit environ 730 millions de livres (M\u00a3), par rapport \u00e0 la p\u00e9riode pr\u00e9c\u00e9dente.<\/p>\n<p>Le gouvernement britannique souligne \u00e9galement que l\u2019accord d\u2019association d\u00e9passe le seul cadre commercial et sous-tend la coop\u00e9ration politique, \u00e9conomique et sociale entre les deux pays. Il rappelle \u00e0 ce titre la tenue, le 12 novembre, du troisi\u00e8me Conseil d\u2019association Royaume-Uni\u2013Maroc, au cours duquel <a href=\"https:\/\/ledesk.ma\/2025\/06\/03\/londres-fournit-de-premiers-details-chiffres-sur-le-deal-maroc-uk\/\" target=\"_blank\" rel=\"noopener\">les engagements ont \u00e9t\u00e9 r\u00e9affirm\u00e9s<\/a> en mati\u00e8re de commerce, d\u2019investissement, d\u2019\u00e9ducation, d\u2019\u00e9nergies renouvelables et de s\u00e9curit\u00e9.<\/p>\n<p>Sans annoncer d\u2019\u00e9volution imm\u00e9diate, Londres confirme ainsi la poursuite du dialogue avec Rabat et la centralit\u00e9 de l\u2019accord d\u2019association dans la conduite des relations bilat\u00e9rales.<\/p>\n<p style=\"margin-top:20px; font-style: italic; font-size:15px;\">\u00a9\ufe0f Copyright Pulse Media. Tous droits r\u00e9serv\u00e9s. <br \/>Reproduction et diffusions interdites (photocopies, intranet, web, messageries, newsletters, outils de veille) sans autorisation \u00e9crite.<\/p>\n","protected":false},"excerpt":{"rendered":"David Lammy, secr\u00e9taire d\u2019Etat britannique aux Affaires \u00e9trang\u00e8res, \u00e0 Marrakech lors du Forum IGW 2025 \u00e0 Marrakech le&hellip;\n","protected":false},"author":2,"featured_media":659091,"comment_status":"","ping_status":"","sticky":false,"template":"","format":"standard","meta":{"footnotes":""},"categories":[1588],"tags":[11,1777,674,12,473,1853,1851,1850,1852],"class_list":{"0":"post-659090","1":"post","2":"type-post","3":"status-publish","4":"format-standard","5":"has-post-thumbnail","7":"category-royaume-uni","8":"tag-actualites","9":"tag-eu","10":"tag-europe","11":"tag-news","12":"tag-royaume-uni","13":"tag-royaume-uni-de-grande-bretagne-et-dirlande-du-nord","14":"tag-uk","15":"tag-united-kingdom","16":"tag-united-kingdom-of-great-britain-and-northern-ireland"},"share_on_mastodon":{"url":"https:\/\/pubeurope.com\/@fr\/115883944444935626","error":""},"_links":{"self":[{"href":"https:\/\/www.europesays.com\/fr\/wp-json\/wp\/v2\/posts\/659090","targetHints":{"allow":["GET"]}}],"collection":[{"href":"https:\/\/www.europesays.com\/fr\/wp-json\/wp\/v2\/posts"}],"about":[{"href":"https:\/\/www.europesays.com\/fr\/wp-json\/wp\/v2\/types\/post"}],"author":[{"embeddable":true,"href":"https:\/\/www.europesays.com\/fr\/wp-json\/wp\/v2\/users\/2"}],"replies":[{"embeddable":true,"href":"https:\/\/www.europesays.com\/fr\/wp-json\/wp\/v2\/comments?post=659090"}],"version-history":[{"count":0,"href":"https:\/\/www.europesays.com\/fr\/wp-json\/wp\/v2\/posts\/659090\/revisions"}],"wp:featuredmedia":[{"embeddable":true,"href":"https:\/\/www.europesays.com\/fr\/wp-json\/wp\/v2\/media\/659091"}],"wp:attachment":[{"href":"https:\/\/www.europesays.com\/fr\/wp-json\/wp\/v2\/media?parent=659090"}],"wp:term":[{"taxonomy":"category","embeddable":true,"href":"https:\/\/www.europesays.com\/fr\/wp-json\/wp\/v2\/categories?post=659090"},{"taxonomy":"post_tag","embeddable":true,"href":"https:\/\/www.europesays.com\/fr\/wp-json\/wp\/v2\/tags?post=659090"}],"curies":[{"name":"wp","href":"https:\/\/api.w.org\/{rel}","templated":true}]}}