{"id":659099,"date":"2026-01-12T20:14:21","date_gmt":"2026-01-12T20:14:21","guid":{"rendered":"https:\/\/www.europesays.com\/fr\/659099\/"},"modified":"2026-01-12T20:14:21","modified_gmt":"2026-01-12T20:14:21","slug":"une-bataille-apres-lautre-de-paul-thomas-anderson-triomphe-timothee-chalamet-sacre-meilleur-acteur-dans-une-comedie-pour-marty-supreme","status":"publish","type":"post","link":"https:\/\/www.europesays.com\/fr\/659099\/","title":{"rendered":"\u00ab\u00a0Une bataille apr\u00e8s l\u2019autre\u00a0\u00bb, de Paul Thomas Anderson triomphe\u00a0; Timoth\u00e9e Chalamet sacr\u00e9 meilleur acteur dans une com\u00e9die pour \u00ab\u00a0Marty Supreme\u00a0\u00bb"},"content":{"rendered":"<p>                      <img loading=\"lazy\" decoding=\"async\" src=\"https:\/\/www.europesays.com\/fr\/wp-content\/uploads\/2026\/01\/948835a_ftp-1-s5nvhqcjmqfq-2026-01-12t044948z-1571442524-hp1em1c0deyt2-rtrmadp-3-awards-golden-globe.jpeg\" alt=\"Sara Murphy, Teyana Taylor, Paul Thomas Anderson et Chase Infiniti, sacr\u00e9s pour \u00ab\u00a0Une bataille apr\u00e8s l\u2019autre\u00a0\u00bb, aux Golden Globes, \u00e0 Beverly Hills, en Californie, le 11\u00a0janvier\u00a02026.\"   width=\"664\" height=\"443\"\/>    Sara Murphy, Teyana Taylor, Paul Thomas Anderson et Chase Infiniti, sacr\u00e9s pour \u00ab\u00a0Une bataille apr\u00e8s l\u2019autre\u00a0\u00bb, aux Golden Globes, \u00e0 Beverly Hills, en Californie, le 11\u00a0janvier\u00a02026.  MARIO ANZUONI \/ REUTERS                          <\/p>\n<p class=\"article__paragraph  \">Une bataille apr\u00e8s l\u2019autre, du cin\u00e9aste am\u00e9ricain Paul Thomas Anderson, a triomph\u00e9, dimanche 11\u00a0janvier au soir, \u00e0 Beverly Hills, dans l\u2019agglom\u00e9ration de Los Angeles, en remportant les Golden Globes de la meilleure com\u00e9die, de la meilleure r\u00e9alisation et du meilleur sc\u00e9nario. Teyana Taylor, qui jouait le r\u00f4le d\u2019une activiste dans cette fresque sur les d\u00e9rives extr\u00e9mistes des Etats-Unis, a \u00e9t\u00e9 sacr\u00e9e meilleure actrice dans un second r\u00f4le.<\/p>\n<p>                                            Lire aussi |  <a href=\"https:\/\/www.lemonde.fr\/culture\/live\/2026\/01\/12\/en-direct-golden-globes-2026-noah-wyle-seth-rogen-jean-smart-et-owen-cooper-recompenses-cote-television-teyana-taylor-et-stellan-skarsgard-obtiennent-une-statuette-cote-cinema_6661423_3246.html\" class=\"js-article-read-also catcher--favoris__link\" data-premium=\"\" id=\"article-title-3450388\" target=\"_blank\" rel=\"noopener\">Golden Globes 2026\u00a0: Timoth\u00e9e Chalamet, Wagner Moura, \u00ab\u00a0L\u2019Agent secret\u00a0\u00bb et \u00ab\u00a0Une bataille apr\u00e8s l\u2019autre\u00a0\u00bb r\u00e9compens\u00e9s c\u00f4t\u00e9 cin\u00e9ma, \u00ab\u00a0Adolescence\u00a0\u00bb et \u00ab\u00a0The Pitt\u00a0\u00bb et \u00ab\u00a0The Studio\u00a0\u00bb c\u00f4t\u00e9 t\u00e9l\u00e9vision<\/a>    <\/p>\n<p>   Lire plus tard  <\/p>\n<p class=\"article__paragraph  \">Pl\u00e9biscit\u00e9e pour sa capacit\u00e9 \u00e0 saisir les fractures contemporaines des Etats-Unis, Une bataille apr\u00e8s l\u2019autre met en sc\u00e8ne <a href=\"https:\/\/www.lemonde.fr\/culture\/article\/2025\/09\/24\/une-bataille-apres-l-autre-la-grande-course-de-l-amerique-bipolaire-selon-paul-thomas-anderson_6642758_3246.html\" target=\"_blank\" rel=\"noopener\">la traque d\u2019ex-r\u00e9volutionnaires d\u2019extr\u00eame gauche<\/a> par un supr\u00e9maciste blanc. \u00ab\u00a0Vous \u00eates tellement g\u00e9n\u00e9reux avec l\u2019affection que vous me portez, \u00e0 moi et \u00e0 ce film. (\u2026) J\u2019adore ce que je fais. Donc c\u2019est juste du plaisir\u00a0\u00bb, a remerci\u00e9 Paul Thomas Anderson.<\/p>\n<p class=\"article__paragraph  \">\u00ab\u00a0A mes s\u0153urs de couleur et aux petites filles de couleur qui regardent ce soir, (\u2026) notre lumi\u00e8re n\u2019a pas besoin de permission pour briller\u00a0\u00bb, a lanc\u00e9 Teyana Taylor, qui y campe une h\u00e9riti\u00e8re du Black Power compl\u00e8tement exalt\u00e9e.<\/p>\n<p class=\"article__paragraph  \">La statuette du meilleur acteur dans une com\u00e9die a, en revanche, \u00e9chapp\u00e9 \u00e0 Leonardo Di Caprio pour aller couronner Timoth\u00e9e Chalamet, remarquable en joueur de ping-pong \u00e0 l\u2019ambition insatiable dans\u00a0Marty Supreme. \u00ab\u00a0Merci infiniment du fond du c\u0153ur, je suis en lice avec de tr\u00e8s grands noms. Cette cat\u00e9gorie est ultrarelev\u00e9e\u00a0\u00bb, s\u2019est r\u00e9joui l\u2019acteur franco-am\u00e9ricain de 30\u00a0ans.<\/p>\n<p>                                       Lire aussi |  Article r\u00e9serv\u00e9 \u00e0 nos abonn\u00e9s  <a href=\"https:\/\/www.lemonde.fr\/m-le-mag\/article\/2026\/01\/11\/sur-le-tournage-de-marty-supreme-timothee-chalamet-plie-le-match_6661363_4500055.html\" class=\"js-article-read-also catcher--favoris__link\" data-premium=\"1\" id=\"article-title-3452925\" target=\"_blank\" rel=\"noopener\">Sur le tournage de \u00ab\u00a0Marty Supreme\u00a0\u00bb, Timoth\u00e9e Chalamet plie le match<\/a>    <\/p>\n<p>   Lire plus tard  <\/p>\n<p class=\"article__paragraph  \">Sinners\u00a0passait pour le favori dans la cat\u00e9gorie meilleur film dramatique. Mais ce film d\u2019\u00e9poque audacieux de Ryan Coogler, qui raconte la blessure profonde des personnes noires dans le Sud s\u00e9gr\u00e9gationniste des ann\u00e9es 1930, sur fond de contes de vampires, n\u2019est pas reparti avec la statuette convoit\u00e9e. Il a d\u00fb se contenter du Golden Globe de la meilleure performance au box-office et de celui de la meilleure bande originale.<\/p>\n<p class=\"article__paragraph  \">C\u2019est\u00a0Hamnet, de Chlo\u00e9 Zhao, qui a remport\u00e9 le prix du meilleur film dramatique. Cette trag\u00e9die explore de mani\u00e8re fictive le deuil d\u2019Agnes et William Shakespeare apr\u00e8s la mort de leur fils. L\u2019actrice irlandaise Jessie Buckley, qui y interpr\u00e8te l\u2019\u00e9pouse du dramaturge britannique, a \u00e9t\u00e9 sacr\u00e9e meilleur actrice.<\/p>\n<p>                                        \u00ab\u00a0L\u2019Agent Secret\u00a0\u00bb doublement r\u00e9compens\u00e9                    <\/p>\n<p class=\"article__paragraph  \">C\u00f4t\u00e9 com\u00e9dies, c\u2019est de mani\u00e8re inattendue l\u2019Australienne Rose Byrne qui a \u00e9t\u00e9 \u00e9lue meilleure actrice, gr\u00e2ce \u00e0 son r\u00f4le de m\u00e8re au bout du rouleau, \u00e9puis\u00e9e par la maladie de sa fille et les emb\u00fbches de la vie, dans\u00a0If I Had Legs I\u2019d Kick You.<\/p>\n<p class=\"article__paragraph  \">Le film br\u00e9silien\u00a0L\u2019Agent secret\u00a0a \u00e9t\u00e9 l\u2019un des autres grands vainqueurs de la c\u00e9r\u00e9monie, avec deux troph\u00e9es. Il a non seulement battu le repr\u00e9sentant de la France aux Oscars, Un simple accident, pour le prix du meilleur film international, mais il a aussi permis \u00e0 Wagner Moura d\u2019\u00eatre \u00e9lu meilleur acteur dans un film dramatique.<\/p>\n<p>                                       Lire aussi |  Article r\u00e9serv\u00e9 \u00e0 nos abonn\u00e9s  <a href=\"https:\/\/www.lemonde.fr\/culture\/article\/2025\/12\/16\/l-agent-secret-a-recife-la-mort-aux-trousses-filmee-par-kleber-mendonca-filho_6658104_3246.html\" class=\"js-article-read-also catcher--favoris__link\" data-premium=\"1\" id=\"article-title-3450812\" target=\"_blank\" rel=\"noopener\">\u00ab\u00a0L\u2019Agent secret\u00a0\u00bb\u00a0: \u00e0 Recife, la mort aux trousses film\u00e9e par Kleber Mendon\u00e7a Filho<\/a>    <\/p>\n<p>   Lire plus tard  <\/p>\n<p class=\"article__paragraph  \">Il y interpr\u00e8te un ex-universitaire traqu\u00e9 par des tueurs \u00e0 gages sous la dictature br\u00e9silienne des ann\u00e9es 1970, pendant qu\u2019il tente de renouer avec son fils. Il s\u2019agit d\u2019\u00ab\u00a0un film sur la m\u00e9moire, ou l\u2019absence de m\u00e9moire, et sur les traumatismes g\u00e9n\u00e9rationnels\u00a0\u00bb, a soulign\u00e9 le com\u00e9dien br\u00e9silien. \u00ab\u00a0Je pense que si ce traumatisme peut se transmettre de g\u00e9n\u00e9ration en g\u00e9n\u00e9ration, les valeurs le peuvent aussi. Alors ceci s\u2019adresse \u00e0 ceux qui restent fid\u00e8les \u00e0 leurs valeurs dans les moments difficiles\u00a0\u00bb, a-t-il poursuivi.<\/p>\n<p> Le Monde Ateliers  <\/p>\n<p> <a href=\"https:\/\/ateliers.lemonde.fr\/?inread\" class=\"inread__link js-services-inread-link\" target=\"_blank\" rel=\"noopener\">  <\/p>\n<p>Cours en ligne, cours du soir, ateliers : d\u00e9veloppez vos comp\u00e9tences<\/p>\n<p>D\u00e9couvrir<\/p>\n<p> <\/a>      <\/p>\n<p> Newsletter  <\/p>\n<p> <a href=\"https:\/\/www.lemonde.fr\/newsletters\/la-revue-du-monde\/\" class=\"inread__link js-services-inread-link\" target=\"_blank\" rel=\"noopener\">  <\/p>\n<p>\u00ab La revue du Monde \u00bb<\/p>\n<p>Chaque week-end, la r\u00e9daction s\u00e9lectionne les articles de la semaine qu\u2019il ne fallait pas manquer<\/p>\n<p>S&rsquo;inscrire<\/p>\n<p> <\/a>          <\/p>\n<p> Privil\u00e8ges abonn\u00e9  <\/p>\n<p> <a href=\"https:\/\/evenements-abonnes.lemonde.fr\/\" class=\"inread__link js-services-inread-link\" target=\"_blank\" rel=\"noopener\">  <\/p>\n<p>Le Monde \u00e9v\u00e9nements abonn\u00e9s<\/p>\n<p>Expositions, concerts, rencontres avec la r\u00e9daction\u2026 Assistez \u00e0 des \u00e9v\u00e9nements partout en France !<\/p>\n<p>R\u00e9server des places<\/p>\n<p> <\/a>             <\/p>\n<p class=\"article__paragraph  \">Un discours \u00e0 la tonalit\u00e9 politique qui s\u2019est av\u00e9r\u00e9 en accord avec le reste de la soir\u00e9e\u00a0: plusieurs c\u00e9l\u00e9brit\u00e9s portaient des badges \u00ab\u00a0Be Good\u00a0\u00bb, du nom de Renee Nicole Good, une Am\u00e9ricaine tu\u00e9e cette semaine \u00e0 Minneapolis par un agent de la police de l\u2019immigration.<\/p>\n<p class=\"article__paragraph  \">La ma\u00eetresse de c\u00e9r\u00e9monie, Nikki Glaser, s\u2019est \u00e9galement moqu\u00e9e du \u00ab\u00a0minist\u00e8re de la justice\u00a0\u00bb am\u00e9ricain, \u00e0 qui elle a attribu\u00e9 \u00ab\u00a0le Golden Globe du meilleur montage\u00a0\u00bb, pour la publication partielle du dossier Epstein, boulet politique du pr\u00e9sident Donald Trump.<\/p>\n<p class=\"article__paragraph  \">Le palmar\u00e8s a \u00e9t\u00e9 compl\u00e9t\u00e9 par Stellan Skarsgard, \u00e9lu meilleur second r\u00f4le masculin pour son incarnation d\u2019un cin\u00e9aste en froid avec ses deux filles dans\u00a0Valeur sentimentale.<\/p>\n<p class=\"article__paragraph  \">Le ph\u00e9nom\u00e8ne Netflix\u00a0KPop Demon Hunters\u00a0a lui remport\u00e9 le troph\u00e9e du meilleur film d\u2019animation et celui de la meilleure chanson, pour un tube au titre pr\u00e9destin\u00e9\u00a0: Golden.<\/p>\n<p>Le palmar\u00e8s des Golden Globes 2026<\/p>\n<p>       Cin\u00e9ma          <\/p>\n<p class=\"article__paragraph  \">Film dramatique\u00a0: Hamnet<\/p>\n<p class=\"article__paragraph  \">Actrice dramatique\u00a0: Jessie Buckley (Hamnet)<\/p>\n<p class=\"article__paragraph  \">Acteur dramatique\u00a0: Wagner Moura (L\u2019Agent secret)<\/p>\n<p class=\"article__paragraph  \">Film (com\u00e9die, com\u00e9die musicale)\u00a0: Une bataille apr\u00e8s l\u2019autre<\/p>\n<p class=\"article__paragraph  \">Actrice de com\u00e9die\u00a0: Rose Byrne (If I Had Legs I\u2019d Kick You)<\/p>\n<p class=\"article__paragraph  \">Acteur de com\u00e9die\u00a0: Timoth\u00e9e Chalamet (Marty\u00a0Supreme)<\/p>\n<p class=\"article__paragraph  \">Second r\u00f4le f\u00e9minin\u00a0: Teyana Taylor (Une bataille apr\u00e8s l\u2019autre)<\/p>\n<p class=\"article__paragraph  \">Second r\u00f4le masculin\u00a0: Stellan Skarsgard (Valeur sentimentale)<\/p>\n<p class=\"article__paragraph  \">R\u00e9alisateur de film\u00a0: Paul Thomas Anderson (Une bataille apr\u00e8s l\u2019autre)<\/p>\n<p class=\"article__paragraph  \">Sc\u00e9nario de film\u00a0: Paul Thomas Anderson (Une bataille apr\u00e8s l\u2019autre)<\/p>\n<p class=\"article__paragraph  \">Bande originale\u00a0: Ludwig G\u00f6ransson (Sinners)<\/p>\n<p class=\"article__paragraph  \">Chanson originale\u00a0: Golden \u2013 Kpop Demon Hunters\u00a0Joong Gyu Kwak, Yu Han Lee, Hee Dong Nam, Jeong Hoon Seo, Park Hong Jun, Kim Eun-Jae (Ejae), Mark Sonnenblick<\/p>\n<p class=\"article__paragraph  \">Film en langue \u00e9trang\u00e8re\u00a0: L\u2019Agent secret \u2013 Br\u00e9sil<\/p>\n<p class=\"article__paragraph  \">Film d\u2019animation\u00a0: Kpop Demon Hunters<\/p>\n<p class=\"article__paragraph  \">Performance au box-office\u00a0: Sinners<\/p>\n<p>          T\u00e9l\u00e9vision          <\/p>\n<p class=\"article__paragraph  \">S\u00e9rie dramatique\u00a0: The Pitt<\/p>\n<p class=\"article__paragraph  \">Actrice dans une s\u00e9rie dramatique\u00a0: Rhea Seehorn (Pluribus)<\/p>\n<p class=\"article__paragraph  \">Acteur dans une s\u00e9rie dramatique\u00a0: Noah Wyle (The Pitt)<\/p>\n<p class=\"article__paragraph  \">S\u00e9rie (com\u00e9die, com\u00e9die musicale)\u00a0: The Studio<\/p>\n<p class=\"article__paragraph  \">Actrice dans une s\u00e9rie (com\u00e9die)\u00a0: Jean Smart (Hacks)<\/p>\n<p class=\"article__paragraph  \">Acteur dans une s\u00e9rie (com\u00e9die)\u00a0: Seth Rogen (The Studio)<\/p>\n<p class=\"article__paragraph  \">Minis\u00e9rie\u00a0: Adolescence<\/p>\n<p class=\"article__paragraph  \">Actrice dans une minis\u00e9rie\u00a0: Michelle Williams (Dying for Sex)<\/p>\n<p class=\"article__paragraph  \">Acteur dans une minis\u00e9rie\u00a0: Stephen Graham (Adolescence)<\/p>\n<p class=\"article__paragraph  \">Second r\u00f4le f\u00e9minin\u00a0: Erin Doherty (Adolescence)<\/p>\n<p class=\"article__paragraph  \">Second r\u00f4le masculin\u00a0: Owen Cooper (Adolescence)<\/p>\n<p class=\"article__paragraph  \">Spectacle de stand-up \u00e0 la t\u00e9l\u00e9vision\u00a0: Ricky Gervais\u00a0: Mortality<\/p>\n<p>          Podcast          <\/p>\n<p class=\"article__paragraph  \">\u00ab\u00a0Good Hang With Amy Poehler\u00a0\u00bb (Spotify)<\/p>\n<p>                                                    Lire aussi |  Article r\u00e9serv\u00e9 \u00e0 nos abonn\u00e9s  <a href=\"https:\/\/www.lemonde.fr\/culture\/article\/2025\/12\/30\/les-30-films-preferes-des-lecteurs-du-monde-en-2025_6659979_3246.html\" class=\"js-article-read-also catcher--favoris__link\" data-premium=\"1\" id=\"article-title-3446919\" target=\"_blank\" rel=\"noopener\">Les 30\u00a0films pr\u00e9f\u00e9r\u00e9s des lecteurs du \u00ab\u00a0Monde\u00a0\u00bb en\u00a02025<\/a>    <\/p>\n<p>   Lire plus tard  <\/p>\n<p class=\"author__detail\">  Le Monde avec AFP  <\/p>\n","protected":false},"excerpt":{"rendered":"Sara Murphy, Teyana Taylor, Paul Thomas Anderson et Chase Infiniti, sacr\u00e9s pour \u00ab\u00a0Une bataille apr\u00e8s l\u2019autre\u00a0\u00bb, aux Golden&hellip;\n","protected":false},"author":2,"featured_media":659100,"comment_status":"","ping_status":"","sticky":false,"template":"","format":"standard","meta":{"footnotes":""},"categories":[2],"tags":[11,1011,27,12,25],"class_list":{"0":"post-659099","1":"post","2":"type-post","3":"status-publish","4":"format-standard","5":"has-post-thumbnail","7":"category-actualites","8":"tag-actualites","9":"tag-fr","10":"tag-france","11":"tag-news","12":"tag-republique-francaise"},"share_on_mastodon":{"url":"https:\/\/pubeurope.com\/@fr\/115883964111096795","error":""},"_links":{"self":[{"href":"https:\/\/www.europesays.com\/fr\/wp-json\/wp\/v2\/posts\/659099","targetHints":{"allow":["GET"]}}],"collection":[{"href":"https:\/\/www.europesays.com\/fr\/wp-json\/wp\/v2\/posts"}],"about":[{"href":"https:\/\/www.europesays.com\/fr\/wp-json\/wp\/v2\/types\/post"}],"author":[{"embeddable":true,"href":"https:\/\/www.europesays.com\/fr\/wp-json\/wp\/v2\/users\/2"}],"replies":[{"embeddable":true,"href":"https:\/\/www.europesays.com\/fr\/wp-json\/wp\/v2\/comments?post=659099"}],"version-history":[{"count":0,"href":"https:\/\/www.europesays.com\/fr\/wp-json\/wp\/v2\/posts\/659099\/revisions"}],"wp:featuredmedia":[{"embeddable":true,"href":"https:\/\/www.europesays.com\/fr\/wp-json\/wp\/v2\/media\/659100"}],"wp:attachment":[{"href":"https:\/\/www.europesays.com\/fr\/wp-json\/wp\/v2\/media?parent=659099"}],"wp:term":[{"taxonomy":"category","embeddable":true,"href":"https:\/\/www.europesays.com\/fr\/wp-json\/wp\/v2\/categories?post=659099"},{"taxonomy":"post_tag","embeddable":true,"href":"https:\/\/www.europesays.com\/fr\/wp-json\/wp\/v2\/tags?post=659099"}],"curies":[{"name":"wp","href":"https:\/\/api.w.org\/{rel}","templated":true}]}}