{"id":659107,"date":"2026-01-12T20:23:11","date_gmt":"2026-01-12T20:23:11","guid":{"rendered":"https:\/\/www.europesays.com\/fr\/659107\/"},"modified":"2026-01-12T20:23:11","modified_gmt":"2026-01-12T20:23:11","slug":"les-enjeux-de-la-saison-2026-de-cyclisme","status":"publish","type":"post","link":"https:\/\/www.europesays.com\/fr\/659107\/","title":{"rendered":"Les enjeux de la saison 2026 de cyclisme"},"content":{"rendered":"<p class=\"DFnp0 WloJR nsGWt _6qLM3\" dir=\"auto\" id=\"viewer-foo\"><strong style=\"font-weight:700\">2026 a d\u00e9but\u00e9 depuis plusieurs jours et il est temps de se poser devant les enjeux principaux de la saison 2026. Entre la domination sans partage de Pogacar, les transferts retentissants de l&rsquo;hiver et les r\u00e9surrections attendues, les enjeux sont nombreux.<\/strong><\/p>\n<p><img decoding=\"async\" src=\"https:\/\/www.europesays.com\/fr\/wp-content\/uploads\/2026\/01\/7b1592_c21c09dbeb7a4e4aa630a8b347ec6f2a~mv2.png\" alt=\"Les enjeux de la saison 2026 de cyclisme\" style=\"width:100%;height:100%;object-fit:cover;object-position:50% 50%;max-width:100%;position:absolute;left:0;top:0\" data-pin-url=\"https:\/\/www.velofute.com\/post\/les-enjeux-de-la-saison-2026-de-cyclisme\" data-pin-media=\"https:\/\/static.wixstatic.com\/media\/7b1592_c21c09dbeb7a4e4aa630a8b347ec6f2a~mv2.png\/v1\/fill\/w_1600,h_900,al_c,q_90\/7b1592_c21c09dbeb7a4e4aa630a8b347ec6f2a~mv2.png\" draggable=\"false\"\/><\/p>\n<p><strong style=\"font-weight:700\">Les enjeux de la saison 2026 de cyclisme<\/strong><\/p>\n<p class=\"DFnp0 WloJR nsGWt _6qLM3\" dir=\"auto\" id=\"viewer-fk18270269\">A noter que nous avons fait une vid\u00e9o sur le sujet, avec des enjeux diff\u00e9rents que vous pouvez retrouver sur <a target=\"_blank\" href=\"https:\/\/www.youtube.com\/@lachainev%C3%A9lofut%C3%A9\" rel=\"noopener noreferrer\" class=\"GKQb5 _9HA3o\" data-hook=\"web-link\">notre chaine Youtube.<\/a><\/p>\n<p><strong style=\"font-weight:700\">Enfin la fin de la domination de Tadej Pogacar ?<\/strong><\/p>\n<p class=\"DFnp0 WloJR nsGWt _6qLM3\" dir=\"auto\" id=\"viewer-phbno67075\">Le Slov\u00e8ne a tout \u00e9cras\u00e9 en 2025 : champion du monde, 5\u1d49 du Tour de Lombardie, 4\u1d49 du Tour de France, nouveau succ\u00e8s sur le Ronde. Seuls Milan\u2013San Remo et Paris\u2013Roubaix lui ont \u00e9chapp\u00e9, gr\u00e2ce \u2014 ou \u00e0 cause \u2014 de Mathieu Van der Poel. Alors, va-t-il poursuivre sa domination en 2026 ou celle-ci va-t-elle enfin se r\u00e9duire ?<\/p>\n<p class=\"DFnp0 WloJR nsGWt _6qLM3\" dir=\"auto\" id=\"viewer-4l62467077\">Soyons honn\u00eates : cela para\u00eet compliqu\u00e9. Malgr\u00e9 quelques tensions dans sa vie personnelle, Pogacar semble pleinement concentr\u00e9 sur 2026 et a impressionn\u00e9 en battant son propre record du col de Rates, toujours dans l\u2019optique de pr\u00e9parer la Primavera. Apr\u00e8s une ann\u00e9e de d\u00e9couverte de Roubaix, il pourrait dominer encore davantage en 2026. Une victoire sur l\u2019Enfer du Nord ferait tr\u00e8s mal \u00e0 la concurrence et aux suiveurs. Et si jamais il se d\u00e9cidait \u00e0 participer \u00e0 la Vuelta, on pourrait avoir du Pogacar tous les mois jusqu\u2019en octobre.<\/p>\n<p class=\"DFnp0 WloJR nsGWt _6qLM3\" dir=\"auto\" id=\"viewer-yjo9167079\">\u00c0 noter qu\u2019il d\u00e9couvrira \u00e9galement le Tour de Romandie et le Tour de Suisse, qu\u2019il devrait gagner assez facilement. Imaginer une fin de domination d\u00e8s 2026 para\u00eet donc pr\u00e9matur\u00e9 : l\u2019avenir reste ouvert.<\/p>\n<p class=\"DFnp0 WloJR nsGWt _6qLM3\" dir=\"auto\" id=\"viewer-44u1967081\"><strong style=\"font-weight:700\">R\u00e9ponse : NON, pas en 2026.<\/strong><\/p>\n<p><strong style=\"font-weight:700\">Evenepoel arrivera-t-il \u00e0 combler son retard chez Red Bull\u2013BORA\u2013hansgrohe ?<\/strong><\/p>\n<p class=\"DFnp0 WloJR nsGWt _6qLM3\" dir=\"auto\" id=\"viewer-b5m4g67085\">Arriv\u00e9 cet hiver, Evenepoel esp\u00e8re combler son retard sur Vingegaard et Pogacar. Sa collaboration avec Paxti Vila, qui avait relanc\u00e9 Valverde en 2021 apr\u00e8s une saison 2020 difficile, promet. Le Belge a d\u2019ailleurs annonc\u00e9 qu\u2019il \u00ab ne s\u2019entra\u00eenait pas bien jusque-l\u00e0 \u00bb, un peu comme Pogacar avant ses progr\u00e8s en 2024.<\/p>\n<p class=\"DFnp0 WloJR nsGWt _6qLM3\" dir=\"auto\" id=\"viewer-iaw9i67087\">En 2026, nous devrions d\u00e9couvrir la meilleure version de Remco Evenepoel. De l\u00e0 \u00e0 rattraper Pogacar sur les courses \u00e0 \u00e9tapes, cela semble compliqu\u00e9. Sur Vingegaard, c\u2019est moins impossible, mais il faudra que le Danois ne progresse pas non plus. Quoi qu\u2019il en soit, son choix de rejoindre Red Bull\u2013BORA\u2013hansgrohe \u00e9tait sans doute le meilleur pour viser un jour le Tour de France.<\/p>\n<p class=\"DFnp0 WloJR nsGWt _6qLM3\" dir=\"auto\" id=\"viewer-pq9jd67089\"><strong style=\"font-weight:700\">R\u00e9ponse : \u00c0 moiti\u00e9 \u2014 il comblera une partie de son retard, mais pas enti\u00e8rement.<\/strong><\/p>\n<p><strong style=\"font-weight:700\">Juan Ayuso va-t-il redorer son image de coureur surcot\u00e9 et \u00e9go\u00efste ?<\/strong><\/p>\n<p class=\"DFnp0 WloJR nsGWt _6qLM3\" dir=\"auto\" id=\"viewer-3vr5w67093\">En conf\u00e9rence de presse, Ayuso a annonc\u00e9 vouloir aider ses co\u00e9quipiers, notamment Mads Pedersen, sur certaines courses ou \u00e9tapes. Il conservera toutefois le statut de leader absolu sur les courses \u00e0 \u00e9tapes. Quant \u00e0 son image surcot\u00e9e, rappelons que terminer 3\u1d49 d\u2019un Grand Tour \u00e0 19 ans est in\u00e9dit. Les chutes et blessures ont frein\u00e9 sa progression, mais sans p\u00e9pins, il devrait confirmer qu\u2019il est bien de la trempe des vainqueurs de Grand Tour. Il participera \u00e0 minima au <a target=\"_blank\" href=\"https:\/\/www.velofute.com\/post\/tour-de-france-2026-parcours-d%C3%A9taill%C3%A9-et-profil-des-%C3%A9tapes-de-la-113e-%C3%A9dition\" rel=\"noopener noreferrer\" class=\"GKQb5 _9HA3o\" data-hook=\"web-link\">Tour de France en 2026<\/a> et un top 4 convaincrait sans doute beaucoup de monde sur ses capacit\u00e9s pour le futur.<\/p>\n<p><strong style=\"font-weight:700\">Wout Van Aert de retour au premier plan sur les Monuments ?<\/strong><\/p>\n<p class=\"DFnp0 WloJR nsGWt _6qLM3\" dir=\"auto\" id=\"viewer-tdzc967099\">On esp\u00e8re et on y croit. Le d\u00e9but de saison en cyclo-cross n\u2019\u00e9tait  pas rassurant, mais il est mont\u00e9 en puissance jusqu\u2019\u00e0 \u00eatre en lutte avec Van der Poel sur son dernier cross. Mais \u00e7a c\u2019\u00e9tait avant cette chute et une blessure \u00e0 la cheville, qui va encore une fois g\u00e2cher son travail de l\u2019hiver. Dommage car cette approche r\u00e9fl\u00e9chie devait lui permettre d\u2019\u00eatre comp\u00e9titif et de viser un podium, notamment sur Paris\u2013Roubaix. Finalement, c\u2019est un nouvel obstacle !<\/p>\n<p><strong style=\"font-weight:700\">Un nouveau jeune (-25 ans) montra-t-il pour la premi\u00e8re fois sur un podium en GT en 2026 ?<\/strong><\/p>\n<p class=\"DFnp0 WloJR nsGWt _6qLM3\" dir=\"auto\" id=\"viewer-04eje67105\">Apr\u00e8s Lipowitz sur le Tour ou Del Toro sur le Giro, quel jeune prendra le relais en 2026 ? Paul Seixas pourrait pr\u00e9tendre au podium sur la Vuelta, plus difficilement sur le Tour. Tobias Halland Johannessen (26 ans) pourrait viser le Giro, tout comme Giulio Pellizzari (6\u1d49 du Giro 2025). Sur le papier, c\u2019est possible, mais statistiquement, les chances restent faibles.<\/p>\n<p class=\"DFnp0 WloJR nsGWt _6qLM3\" dir=\"auto\" id=\"viewer-5ndqo67107\"><strong style=\"font-weight:700\">R\u00e9ponse : NON, mais pas impossible (60-40 en faveur du NON).<\/strong><\/p>\n<p>Si vous le souhaitez, nous traitons de d&rsquo;autres enjeux pour 2026 dans notre vid\u00e9o.<\/p>\n<ul class=\"iSjXG nsGWt\">\n<li dir=\"auto\" aria-level=\"1\" class=\"nsLwz\" style=\"text-align:AUTO;margin-inline-start:1.5em;list-style-type:disc\">\n<p class=\"DFnp0 WloJR nsGWt _6qLM3\" dir=\"\" id=\"viewer-g374z67113\">Qui sera le meilleur sprinteur de l\u2019ann\u00e9e ?<\/p>\n<\/li>\n<li dir=\"auto\" aria-level=\"1\" class=\"nsLwz\" style=\"text-align:AUTO;margin-inline-start:1.5em;list-style-type:disc\">\n<p class=\"DFnp0 WloJR nsGWt _6qLM3\" dir=\"\" id=\"viewer-zwcld67116\">Aurons-nous un coureur autre que UAE ou Visma vainqueur d\u2019un Grand Tour ?<\/p>\n<\/li>\n<li dir=\"auto\" aria-level=\"1\" class=\"nsLwz\" style=\"text-align:AUTO;margin-inline-start:1.5em;list-style-type:disc\">\n<p class=\"DFnp0 WloJR nsGWt _6qLM3\" dir=\"\" id=\"viewer-u32pd67119\">Aurons-nous un vainqueur \u00ab surprise \u00bb sur les Monuments ?<\/p>\n<\/li>\n<li dir=\"auto\" aria-level=\"1\" class=\"nsLwz\" style=\"text-align:AUTO;margin-inline-start:1.5em;list-style-type:disc\">\n<p class=\"DFnp0 WloJR nsGWt _6qLM3\" dir=\"\" id=\"viewer-1xys267122\">Evenepoel et Ayuso : une saison \u00e0 enjeux.<\/p>\n<\/li>\n<\/ul>\n","protected":false},"excerpt":{"rendered":"2026 a d\u00e9but\u00e9 depuis plusieurs jours et il est temps de se poser devant les enjeux principaux de&hellip;\n","protected":false},"author":2,"featured_media":659108,"comment_status":"","ping_status":"","sticky":false,"template":"","format":"standard","meta":{"footnotes":""},"categories":[1411],"tags":[1154,207,1011,27,60],"class_list":{"0":"post-659107","1":"post","2":"type-post","3":"status-publish","4":"format-standard","5":"has-post-thumbnail","7":"category-cyclisme","8":"tag-cycling","9":"tag-cyclisme","10":"tag-fr","11":"tag-france","12":"tag-sports"},"share_on_mastodon":{"url":"https:\/\/pubeurope.com\/@fr\/115883999617573608","error":""},"_links":{"self":[{"href":"https:\/\/www.europesays.com\/fr\/wp-json\/wp\/v2\/posts\/659107","targetHints":{"allow":["GET"]}}],"collection":[{"href":"https:\/\/www.europesays.com\/fr\/wp-json\/wp\/v2\/posts"}],"about":[{"href":"https:\/\/www.europesays.com\/fr\/wp-json\/wp\/v2\/types\/post"}],"author":[{"embeddable":true,"href":"https:\/\/www.europesays.com\/fr\/wp-json\/wp\/v2\/users\/2"}],"replies":[{"embeddable":true,"href":"https:\/\/www.europesays.com\/fr\/wp-json\/wp\/v2\/comments?post=659107"}],"version-history":[{"count":0,"href":"https:\/\/www.europesays.com\/fr\/wp-json\/wp\/v2\/posts\/659107\/revisions"}],"wp:featuredmedia":[{"embeddable":true,"href":"https:\/\/www.europesays.com\/fr\/wp-json\/wp\/v2\/media\/659108"}],"wp:attachment":[{"href":"https:\/\/www.europesays.com\/fr\/wp-json\/wp\/v2\/media?parent=659107"}],"wp:term":[{"taxonomy":"category","embeddable":true,"href":"https:\/\/www.europesays.com\/fr\/wp-json\/wp\/v2\/categories?post=659107"},{"taxonomy":"post_tag","embeddable":true,"href":"https:\/\/www.europesays.com\/fr\/wp-json\/wp\/v2\/tags?post=659107"}],"curies":[{"name":"wp","href":"https:\/\/api.w.org\/{rel}","templated":true}]}}