{"id":659111,"date":"2026-01-12T20:25:16","date_gmt":"2026-01-12T20:25:16","guid":{"rendered":"https:\/\/www.europesays.com\/fr\/659111\/"},"modified":"2026-01-12T20:25:16","modified_gmt":"2026-01-12T20:25:16","slug":"aucune-femme-na-jamais-voulu-mepouser-parce-que","status":"publish","type":"post","link":"https:\/\/www.europesays.com\/fr\/659111\/","title":{"rendered":"\u00ab Aucune femme n&rsquo;a jamais voulu m&rsquo;\u00e9pouser, parce que&#8230;"},"content":{"rendered":"<p class=\"has-text-color has-small-font-size\" style=\"color:#747474\">Par <a href=\"https:\/\/www.parlons-basket.com\/biographie-auteur-elsa-girard-basset\/\" target=\"_blank\" rel=\"noopener\">Elsa Girard-Basset<\/a> |\u00a0Journaliste web<\/p>\n<p><strong><strong><strong>\u00c0 78 ans, Francis Huster continue de multiplier les projets et les prises de parole sans d\u00e9tour. Derri\u00e8re l\u2019image du com\u00e9dien infatigable se cache pourtant un homme marqu\u00e9 par des blessures sentimentales durables. Amours contrari\u00e9es, regrets persistants et choix de vie assum\u00e9s : l\u2019acteur accepte aujourd\u2019hui de regarder son pass\u00e9 avec lucidit\u00e9. Quitte \u00e0 r\u00e9v\u00e9ler ce qui l\u2019a le plus fait souffrir.<\/strong><\/strong><\/strong><\/p>\n<p>Figure incontournable du th\u00e9\u00e2tre et du cin\u00e9ma fran\u00e7ais, Francis Huster n\u2019a jamais ralenti le rythme, m\u00eame apr\u00e8s plusieurs d\u00e9cennies de carri\u00e8re. Pensionnaire embl\u00e9matique de la Com\u00e9die-Fran\u00e7aise, auteur, metteur en sc\u00e8ne et acteur prolifique, il a consacr\u00e9 l\u2019essentiel de sa vie \u00e0 son m\u00e9tier. Mais sur le plan personnel, ce d\u00e9vouement absolu n\u2019a pas \u00e9t\u00e9 sans cons\u00e9quences, comme il l\u2019a r\u00e9cemment reconnu en revenant sur ses histoires d\u2019amour les plus marquantes.<\/p>\n<p>Parmi elles, celle v\u00e9cue avec Isabelle Adjani reste un souvenir particuli\u00e8rement douloureux. Tous deux pensionnaires \u00e0 la Com\u00e9die-Fran\u00e7aise dans les ann\u00e9es 1970, ils ont partag\u00e9 une relation intense que Francis Huster n\u2019a jamais totalement oubli\u00e9e. Dans les colonnes de VSD, le com\u00e9dien avait confi\u00e9 avec franchise :<\/p>\n<p>\u00ab\u00a0Je me reproche seulement, quand j\u2019\u00e9tais amoureux d\u2019Isabelle Adjani et que nous jouions ensemble \u00e0 la Com\u00e9die-Fran\u00e7aise, de ne pas avoir su trouver les mots pour la convaincre de rester\u00a0\u00bb.<\/p>\n<p>Avec le recul, Francis Huster estime que son engagement total pour son m\u00e9tier a pes\u00e9 lourd dans l\u2019\u00e9chec de ses relations amoureuses. R\u00e9cemment interrog\u00e9 par Le Point, l\u2019acteur de 78 ans est revenu sur cette constante de sa vie sentimentale, sans chercher \u00e0 \u00e9dulcorer son propos :<\/p>\n<p>\u00ab\u00a0Les femmes de ma vie ont toutes refus\u00e9 de m\u2019\u00e9pouser \u00e0 cause de \u00e7a, parce que m\u2019\u00e9pouser, \u00e7a voulait dire \u00e9pouser la profession\u2026 C\u2019\u00e9tait trop dur !\u00a0\u00bb<\/p>\n<p>Si sa vie amoureuse a \u00e9t\u00e9 marqu\u00e9e par ces renoncements, Francis Huster a aussi nourri un autre regret : celui de ne pas avoir transmis sa passion du th\u00e9\u00e2tre \u00e0 ses filles, Elisa et Toscane. Pourtant tr\u00e8s impliqu\u00e9 dans leur \u00e9veil artistique, le com\u00e9dien s\u2019est heurt\u00e9 \u00e0 leur refus de suivre ses traces. Toujours au micro du Point, il racontait avec une pointe de r\u00e9signation :<\/p>\n<p>\u00ab\u00a0Elles ne veulent pas de ma vie, elles n\u2019en ont jamais voulu. Pourtant, j\u2019ai tout fait pour. Je les ai amen\u00e9es au Festival de Carcassonne. Je les ai fait monter sur sc\u00e8ne. Elles avaient chacune un petit r\u00f4le. Elles ont ador\u00e9 mais, non, elles ne veulent pas\u2026\u00a0\u00bb<\/p>\n<p>Aujourd\u2019hui s\u00e9par\u00e9 de Cristiana Reali depuis pr\u00e8s de 20 ans, Francis Huster assume pleinement ses choix, malgr\u00e9 les sacrifices qu\u2019ils ont impliqu\u00e9s. Ses filles ont suivi leur propre voie, l\u2019une dans les arts plastiques, l\u2019autre dans les sciences, loin des planches et des projecteurs. Une trajectoire diff\u00e9rente de celle de leur p\u00e8re, qui continue, \u00e0 78 ans, de faire passer sa passion avant tout, quitte \u00e0 en payer encore le prix intime.<\/p>\n","protected":false},"excerpt":{"rendered":"Par Elsa Girard-Basset |\u00a0Journaliste web \u00c0 78 ans, Francis Huster continue de multiplier les projets et les prises&hellip;\n","protected":false},"author":2,"featured_media":659112,"comment_status":"","ping_status":"","sticky":false,"template":"","format":"standard","meta":{"footnotes":""},"categories":[1359],"tags":[58,59,1011,27,1195,973],"class_list":{"0":"post-659111","1":"post","2":"type-post","3":"status-publish","4":"format-standard","5":"has-post-thumbnail","7":"category-people","8":"tag-divertissement","9":"tag-entertainment","10":"tag-fr","11":"tag-france","12":"tag-francis-huster","13":"tag-people"},"share_on_mastodon":{"url":"https:\/\/pubeurope.com\/@fr\/115884007553493389","error":""},"_links":{"self":[{"href":"https:\/\/www.europesays.com\/fr\/wp-json\/wp\/v2\/posts\/659111","targetHints":{"allow":["GET"]}}],"collection":[{"href":"https:\/\/www.europesays.com\/fr\/wp-json\/wp\/v2\/posts"}],"about":[{"href":"https:\/\/www.europesays.com\/fr\/wp-json\/wp\/v2\/types\/post"}],"author":[{"embeddable":true,"href":"https:\/\/www.europesays.com\/fr\/wp-json\/wp\/v2\/users\/2"}],"replies":[{"embeddable":true,"href":"https:\/\/www.europesays.com\/fr\/wp-json\/wp\/v2\/comments?post=659111"}],"version-history":[{"count":0,"href":"https:\/\/www.europesays.com\/fr\/wp-json\/wp\/v2\/posts\/659111\/revisions"}],"wp:featuredmedia":[{"embeddable":true,"href":"https:\/\/www.europesays.com\/fr\/wp-json\/wp\/v2\/media\/659112"}],"wp:attachment":[{"href":"https:\/\/www.europesays.com\/fr\/wp-json\/wp\/v2\/media?parent=659111"}],"wp:term":[{"taxonomy":"category","embeddable":true,"href":"https:\/\/www.europesays.com\/fr\/wp-json\/wp\/v2\/categories?post=659111"},{"taxonomy":"post_tag","embeddable":true,"href":"https:\/\/www.europesays.com\/fr\/wp-json\/wp\/v2\/tags?post=659111"}],"curies":[{"name":"wp","href":"https:\/\/api.w.org\/{rel}","templated":true}]}}