{"id":659113,"date":"2026-01-12T20:26:18","date_gmt":"2026-01-12T20:26:18","guid":{"rendered":"https:\/\/www.europesays.com\/fr\/659113\/"},"modified":"2026-01-12T20:26:18","modified_gmt":"2026-01-12T20:26:18","slug":"il-y-a-une-clientele-a-brest-pour-les-galeries-dart-qui-se-multiplient-au-centre-ville","status":"publish","type":"post","link":"https:\/\/www.europesays.com\/fr\/659113\/","title":{"rendered":"\u00ab\u00a0Il y a une client\u00e8le \u00e0 Brest pour les galeries d\u2019art\u00a0\u00bb qui se multiplient au centre-ville"},"content":{"rendered":"<p>1 Un d\u00e9calage avec la sociologie brestoise\u00a0?<\/p>\n<p>Brest disposait jusque-l\u00e0 de plusieurs galeries d\u2019art. Mais depuis d\u00e9cembre 2024, plusieurs autres se sont install\u00e9es, la plupart autour de Siam, secteur d\u00e9j\u00e0 pourvu. En d\u00e9calage avec la sociologie de la ville\u00a0? Pas forc\u00e9ment. \u00ab\u00a0Il y a une client\u00e8le ici pour les galeries d\u2019art\u00a0\u00bb, estiment ces professionnels. D\u2019abord, ce quartier n\u2019est pas le plus pauvre de Brest. Surtout, des communes alentour (Plougastel-Daoulas, Le Relecq-Kerhuon par exemple) ont une population en moyenne plus ais\u00e9e. Et puis Brest voit passer de plus en plus de touristes. \u00ab\u00a0Je ne ferme plus en ao\u00fbt\u00a0\u00bb, note <a href=\"https:\/\/www.letelegramme.fr\/finistere\/brest-29200\/partager-ce-serait-super-a-brest-la-librairie-galerie-antinoe-fete-ses-40-ans-6935240.php\" target=\"_blank\" rel=\"noopener\">Brigitte Cordelle<\/a>, de la <a href=\"https:\/\/www.letelegramme.fr\/finistere\/brest-29200\/partager-ce-serait-super-a-brest-la-librairie-galerie-antinoe-fete-ses-40-ans-6935240.php\" target=\"_blank\" rel=\"noopener\">librairie-galerie Antino\u00eb<\/a>, ax\u00e9e sur l\u2019arch\u00e9ologie.<\/p>\n<p><img decoding=\"async\" src=\"https:\/\/www.europesays.com\/fr\/wp-content\/uploads\/2026\/01\/6963c8b406c50390d60c4cfe.1.jpeg\" width=\"480\" height=\"300\" class=\"web_golden_m\" loading=\"lazy\" alt=\"Pierre Henri Argouarch a ouvert une galerie d\u2019art au port de Brest, d\u00e9but d\u00e9cembre\u00a02025, avec le soutien d\u2019une cons\u0153ur, Fran\u00e7oise Patris, \u00e0 la t\u00eate d\u2019une autre, rue \u00c9mile-Zola au centre-ville.\"\/>Pierre Henri Argouarch a ouvert une galerie d\u2019art au port de Brest, d\u00e9but d\u00e9cembre\u00a02025, avec le soutien d\u2019une cons\u0153ur, Fran\u00e7oise Patris, \u00e0 la t\u00eate d\u2019une autre, rue \u00c9mile-Zola au centre-ville. (Photo Le T\u00e9l\u00e9gramme\/David Cormier)2 Pour toutes les bourses\u00a0?<\/p>\n<p>\u00ab\u00a0J\u2019ai toujours veill\u00e9 \u00e0 ne pas faire flamber les prix\u00a0\u00bb, explique <a href=\"https:\/\/www.galeriefrancoisepatris.com\/\" target=\"_blank\" rel=\"noopener\">Fran\u00e7oise Patris<\/a>, install\u00e9e elle aussi de longue date rue \u00c9mile-Zola. \u00ab\u00a0Brest s\u2019ouvre \u00e0 une nouvelle client\u00e8le, des retrait\u00e9s ou des jeunes qui s\u2019installent. Cela permet de compl\u00e9ter ma client\u00e8le initiale (et aujourd\u2019hui leurs enfants), venue de tous univers mais sensible \u00e0 l\u2019art\ufeff\u00a0\u00bb.<\/p>\n<p>\u00ab\u00a0Les Brestois adorent la culture, l\u2019art en g\u00e9n\u00e9ral\u00a0\u00bb, ajoute Anna Vlaminck, responsable de galerie au <a href=\"https:\/\/www.letelegramme.fr\/finistere\/brest-29200\/a-brest-la-galerie-dart-le-comoedia-fete-ses-cinq-ans-dexistence-6563149.php\" target=\"_blank\" rel=\"noopener\">Com\u0153dia<\/a>, place Wilson, comme plusieurs de ses confr\u00e8res. \u00ab\u00a0Nous vendons des cartes postales \u00e0 5 \u20ac, des affiches sign\u00e9es, en \u00e9dition limit\u00e9e \u00e0 80 \u20ac et notre prix le plus \u00e9lev\u00e9 est un original de Robert Combas \u00e0 38\u00a0000 \u20ac\u00a0\u00bb.<\/p>\n<p>Mich\u00e8le Lacroix, de <a href=\"https:\/\/www.letelegramme.fr\/finistere\/brest-29200\/a-brest-la-petite-galerie-ouvre-en-decembre-au-centre-ville-pour-exposer-des-artistes-coup-de-coeur-6712957.php\" target=\"_blank\" rel=\"noopener\">La Petite Galerie<\/a>, en bas de la rue Pasteur, t\u00e9moigne\u00a0: \u00ab\u00a0un homme a achet\u00e9 deux \u0153uvres et m\u2019a laiss\u00e9 sept ch\u00e8ques\u00a0\u00bb pour pouvoir se les offrir. \u00ab\u00a0J\u2019ai eu une infirmi\u00e8re qui m\u2019a fait dix ch\u00e8ques pour acheter une pi\u00e8ce\u2026\u00a0\u00bb, abonde Brigitte Cordelle.<\/p>\n<p>Lo\u00efc Moyou a <a href=\"https:\/\/www.letelegramme.fr\/finistere\/brest-29200\/a-brest-loic-moyou-rouvre-la-galerie-id-pod-6831194.php\" target=\"_blank\" rel=\"noopener\">rouvert en juin la Galerie Pod<\/a>, apr\u00e8s le d\u00e9c\u00e8s du regrett\u00e9 Jean-Christophe Podeur. \u00ab\u00a0Il y a des clients pour des pi\u00e8ces \u00e0 plus de 1\u00a0000 \u20ac mais les petits formats ou m\u00eame les sous-bocks, tout en \u00e9tant qualitatifs, apportent l\u2019essentiel\u00a0\u00bb.<\/p>\n<p>\u00c0 la <a href=\"https:\/\/www.letelegramme.fr\/finistere\/brest-29200\/street-et-pop-art-la-galerie-lagrange-a-ouvert-dans-le-centre-ville-de-brest-6939542.php\" target=\"_blank\" rel=\"noopener\">Galerie Lagrange<\/a>, consacr\u00e9e au pop art et street art, que Sophie Portal\u00e8s a ouverte il y a un mois \u00e0 l\u2019angle de Zola et Traverse, les prix vont de 1\u00a0600 \u00e0 29\u00a0000 \u20ac. La toile la plus ch\u00e8re, un JonOne, a tr\u00e8s vite trouv\u00e9 preneur.<\/p>\n<p><img decoding=\"async\" src=\"https:\/\/www.europesays.com\/fr\/wp-content\/uploads\/2026\/01\/6963c8b43762ae4e6a04a232.1.jpeg\" width=\"480\" height=\"300\" class=\"web_golden_m\" loading=\"lazy\" alt=\"L\u2019architecte Mich\u00e8le Lacroix a ouvert \u00ab\u00a0La Petite Galerie\u00a0\u00bb, en bas de la rue Pasteur, au centre-ville de Brest, en d\u00e9cembre\u00a02024.\"\/>L\u2019architecte Mich\u00e8le Lacroix a ouvert \u00ab\u00a0La Petite Galerie\u00a0\u00bb, en bas de la rue Pasteur, au centre-ville de Brest, en d\u00e9cembre\u00a02024. (Photo d\u2019archives Le T\u00e9l\u00e9gramme\/David Cormier)3 Des avantages fiscaux<\/p>\n<p>Pierre Henri Argouarch, architecte et peintre, a cr\u00e9\u00e9 \u00e0 c\u00f4t\u00e9 de son agence, au port, <a href=\"https:\/\/www.letelegramme.fr\/finistere\/brest-29200\/a-brest-larchitecte-argouarch-ouvre-sa-galerie-dart-6942618.php\" target=\"_blank\" rel=\"noopener\">A3 Studio, la galerie<\/a>\u00a0: \u00ab\u00a0Mes premiers acheteurs sont les clients de mon agence. Les entreprises d\u00e9fiscalisent leurs achats. C\u2019est un syst\u00e8me fantastique pour l\u2019art. Et la location avec option d\u2019achat se d\u00e9veloppe\u00a0\u00bb. Ce que souligne \u00e9galement Anna Vlaminck. \u00ab\u00a0Il y a aussi le m\u00e9c\u00e9nat, qui consiste \u00e0 acheter et \u00e0 exposer au public des \u0153uvres d\u2019artistes fran\u00e7ais vivants, de partager l\u2019art\u2026\u00a0\u00bb<\/p>\n<p><img decoding=\"async\" src=\"https:\/\/www.europesays.com\/fr\/wp-content\/uploads\/2026\/01\/6963c8b34b2cbeab32072f5e.1.jpeg\" width=\"480\" height=\"300\" class=\"web_golden_m\" loading=\"lazy\" alt=\"Anna Vlaminck, responsable de galerie au Com\u0153dia, place Wilson, estime que les Brestois aiment l\u2019art.\"\/>Anna Vlaminck, responsable de galerie au Com\u0153dia, place Wilson, estime que les Brestois aiment l\u2019art. (Photo Le T\u00e9l\u00e9gramme\/David Cormier)4 Un embryon de coop\u00e9ration<\/p>\n<p>La <a href=\"https:\/\/www.letelegramme.fr\/finistere\/brest-29200\/logos-bientot-une-nouvelle-galerie-dart-au-centre-ville-de-brest-6732080.php\" target=\"_blank\" rel=\"noopener\">galerie Logos<\/a>, cr\u00e9\u00e9e rue de Lyon en janvier 2025, a ferm\u00e9 au bout de quelques mois mais pas, selon nos informations, \u00e0 cause d\u2019une trop forte concurrence. Et nos professionnels raisonnent autrement. \u00ab\u00a0Depuis la <a href=\"https:\/\/www.letelegramme.fr\/finistere\/brest-29200\/a-brest-la-boutique-de-produits-exotiques-shanghai-style-va-bientot-fermer-6857821.php\" target=\"_blank\" rel=\"noopener\">fermeture du magasin Shanghai Style<\/a>, juste en face, j\u2019esp\u00e8re voir s\u2019installer une galerie, pour renforcer la vocation artistique de la rue Pasteur\u00a0\u00bb, plaide ainsi Lo\u00efc Moyou.<\/p>\n<p><img decoding=\"async\" src=\"https:\/\/www.europesays.com\/fr\/wp-content\/uploads\/2026\/01\/6963c8b3d5c60c869e0883fe.1.jpeg\" width=\"480\" height=\"300\" class=\"web_golden_m\" loading=\"lazy\" alt=\"Alain H\u00e9lou a ouvert en d\u00e9cembre\u00a02024 une galerie \u00e0 son nom, place Wilson \u00e0 Brest. Il propose \u00e0 ses confr\u00e8res une communication commune.\"\/>Alain H\u00e9lou a ouvert en d\u00e9cembre\u00a02024 une galerie \u00e0 son nom, place Wilson \u00e0 Brest. Il propose \u00e0 ses confr\u00e8res une communication commune. (Photo d\u2019archives Le T\u00e9l\u00e9gramme\/David Cormier)<\/p>\n<p><a href=\"https:\/\/www.letelegramme.fr\/finistere\/brest-29200\/a-brest-la-galerie-alain-helou-ouvre-et-affiche-dix-artistes-contemporains-6724103.php\" target=\"_blank\" rel=\"noopener\">Alain H\u00e9lou<\/a>, qui a ouvert en d\u00e9cembre 2024 la galerie \u00e9ponyme, place Wilson, tente de cr\u00e9er une dynamique collective, pour mieux faire conna\u00eetre la richesse de l\u2019offre artistique \u00e0 Brest. \u00ab\u00a0On se conna\u00eet assez bien. On peut imaginer un document commun \u00e0 imprimer et diffuser. Ce qui repr\u00e9sente un co\u00fbt, du temps\u00a0\u00bb, annonce celui qui esp\u00e8re un coup de main de la collectivit\u00e9. \u00ab\u00a0On sous-estime le tourisme urbain et culturel \u00e0 Brest\u00a0\u00bb.<\/p>\n<p>\u00a0<\/p>\n<p>5 Des freins \u00e0 surmonter<\/p>\n<p>Tous le constatent\u00a0: franchir la porte d\u2019une galerie d\u2019art reste d\u00e9licat pour nombre de passants. \u00ab\u00a0Certains se disent\u00a0: ce n\u2019est pas pour moi\u00a0! Il y a peut-\u00eatre un complexe\u00a0\u00bb, avance Mich\u00e8le Lacroix. \u00ab\u00a0Il faut sans doute laisser m\u00fbrir, laisser un peu de temps aux Brestois de s\u2019approprier le fait qu\u2019il y ait ces galeries. Qu\u2019on a le droit d\u2019aimer les belles choses et qu\u2019on en propose. J\u2019ai install\u00e9 des fauteuils dans l\u2019entr\u00e9e pour inciter \u00e0 entrer, se poser\u00a0\u00bb.<\/p>\n<p>Et puis plusieurs galeristes nous ont confi\u00e9 leur frustration (ou leur incompr\u00e9hension, sugg\u00e9rant une mauvaise gestion publique du probl\u00e8me d\u2019humidit\u00e9) de constater la <a href=\"https:\/\/www.letelegramme.fr\/finistere\/brest-29200\/cest-un-travail-scientifique-confronte-a-une-humidite-chronique-le-musee-des-beaux-arts-de-brest-passe-au-peigne-fin-6910330.php\" target=\"_blank\" rel=\"noopener\">fermeture du mus\u00e9e des Beaux-Arts<\/a> voisin, pour encore plusieurs ann\u00e9es. Une locomotive.<\/p>\n<p>Naturellement, les nouvelles galeries brestoises devront trouver leur place et durer. Les prochaines ann\u00e9es diront si elles y parviennent. Leur \u00e9conomie reste fragile.<\/p>\n","protected":false},"excerpt":{"rendered":"1 Un d\u00e9calage avec la sociologie brestoise\u00a0? Brest disposait jusque-l\u00e0 de plusieurs galeries d\u2019art. Mais depuis d\u00e9cembre 2024,&hellip;\n","protected":false},"author":2,"featured_media":659114,"comment_status":"","ping_status":"","sticky":false,"template":"","format":"standard","meta":{"footnotes":""},"categories":[1358],"tags":[8913,1348,1384,1385,3450,53184,54348,251,9383,1386,58,59,1011,27,1585,1756,3899,76111],"class_list":{"0":"post-659113","1":"post","2":"type-post","3":"status-publish","4":"format-standard","5":"has-post-thumbnail","7":"category-arts-et-design","8":"tag-art-plastique","9":"tag-arts","10":"tag-arts-and-design","11":"tag-arts-et-design","12":"tag-brest","13":"tag-brest-centre-ville","14":"tag-commerce-brest","15":"tag-culture","16":"tag-culture-bretonne","17":"tag-design","18":"tag-divertissement","19":"tag-entertainment","20":"tag-fr","21":"tag-france","22":"tag-peinture","23":"tag-photographie","24":"tag-sculpture","25":"tag-visiter-brest-et-liroise"},"share_on_mastodon":{"url":"https:\/\/pubeurope.com\/@fr\/115884011377962151","error":""},"_links":{"self":[{"href":"https:\/\/www.europesays.com\/fr\/wp-json\/wp\/v2\/posts\/659113","targetHints":{"allow":["GET"]}}],"collection":[{"href":"https:\/\/www.europesays.com\/fr\/wp-json\/wp\/v2\/posts"}],"about":[{"href":"https:\/\/www.europesays.com\/fr\/wp-json\/wp\/v2\/types\/post"}],"author":[{"embeddable":true,"href":"https:\/\/www.europesays.com\/fr\/wp-json\/wp\/v2\/users\/2"}],"replies":[{"embeddable":true,"href":"https:\/\/www.europesays.com\/fr\/wp-json\/wp\/v2\/comments?post=659113"}],"version-history":[{"count":0,"href":"https:\/\/www.europesays.com\/fr\/wp-json\/wp\/v2\/posts\/659113\/revisions"}],"wp:featuredmedia":[{"embeddable":true,"href":"https:\/\/www.europesays.com\/fr\/wp-json\/wp\/v2\/media\/659114"}],"wp:attachment":[{"href":"https:\/\/www.europesays.com\/fr\/wp-json\/wp\/v2\/media?parent=659113"}],"wp:term":[{"taxonomy":"category","embeddable":true,"href":"https:\/\/www.europesays.com\/fr\/wp-json\/wp\/v2\/categories?post=659113"},{"taxonomy":"post_tag","embeddable":true,"href":"https:\/\/www.europesays.com\/fr\/wp-json\/wp\/v2\/tags?post=659113"}],"curies":[{"name":"wp","href":"https:\/\/api.w.org\/{rel}","templated":true}]}}