{"id":659115,"date":"2026-01-12T20:28:19","date_gmt":"2026-01-12T20:28:19","guid":{"rendered":"https:\/\/www.europesays.com\/fr\/659115\/"},"modified":"2026-01-12T20:28:19","modified_gmt":"2026-01-12T20:28:19","slug":"un-record-absolu-vincent-champion-de-tout-le-monde-veut-prendre-sa-place-entre-encore-un-peu-plus-dans-lhistoire-du-jeu-de-france-2","status":"publish","type":"post","link":"https:\/\/www.europesays.com\/fr\/659115\/","title":{"rendered":"\u00ab\u00a0Un record absolu\u00a0\u00bb : Vincent, champion de \u00ab\u00a0Tout le monde veut prendre sa place\u00a0\u00bb, entre encore un peu plus dans l&rsquo;histoire du jeu de France 2"},"content":{"rendered":"<p>                <img loading=\"lazy\" decoding=\"async\" src=\"https:\/\/www.europesays.com\/fr\/wp-content\/uploads\/2025\/12\/f9515e7b429eaaa8-35x35-1.jpg\" class=\"author-article-picture\" width=\"35\" height=\"35\"\/><\/p>\n<p>                    Par<\/p>\n<p>                                            Fanny Petoin<\/p>\n<p>                    |<\/p>\n<p>                                            Journaliste<\/p>\n<p>\n                Dans un monde id\u00e9al, Fanny aurait d\u00e9j\u00e0 remport\u00e9 deux saison de \u00ab\u00a0Koh-Lanta\u00a0\u00bb mais le destin en a decid\u00e9 autrement. N\u00e9e dans les ann\u00e9es 80, elle milite pour le retour de \u00ab\u00a0Qui est Qui\u00a0\u00bb, de \u00ab\u00a0L&rsquo;or \u00e0 l&rsquo;appel\u00a0\u00bb mais aussi pour la disparition des t\u00e9l\u00e9films de No\u00ebl (surtout quand ils sont diffus\u00e9s d\u00e8s le mois d&rsquo;octobre).\n            <\/p>\n<p>\n    Apr\u00e8s avoir int\u00e9gr\u00e9 le prestigieux top 10 des plus grands candidats de l&rsquo;histoire du jeu de France 2, le professeur d&rsquo;histoire-g\u00e9ographie a fait tomber un nouveau record.\n<\/p>\n<p>                            <img loading=\"lazy\" decoding=\"async\" class=\"player-thumbnail\" src=\"https:\/\/www.europesays.com\/fr\/wp-content\/uploads\/2026\/01\/8b68e8875538e5dc-580x326-1.jpg\" width=\"580\" height=\"326\"\/><\/p>\n<p>                            Vincent, dixi\u00e8me plus grand champion du jeu de France 2. \u00a9 Capture d&rsquo;\u00e9cran France 2<\/p>\n<p>La suite apr\u00e8s la publicit\u00e9<\/p>\n<p>Mais o\u00f9 s&rsquo;arr\u00eatera-t-il ? <a href=\"https:\/\/www.ozap.com\/actu\/le-cap-est-franchi-le-champion-vincent-atteint-le-palier-des-100-000-euros-dans-tout-le-monde-veut-prendre-sa-place\/652754\" target=\"_blank\" rel=\"noopener\">Vincent, l&rsquo;actuel champion de l&rsquo;\u00e9mission<\/a> de France 2 <a href=\"https:\/\/www.ozap.com\/actu\/tout-le-monde-veut-prendre-sa-place-quels-anciens-champions-seront-de-retour-dans-le-jeu-de-cyril-feraud-ce-midi-sur-france-2\/653040\" target=\"_blank\" rel=\"noopener\">\u00ab\u00a0Tout le monde veut prendre sa place\u00a0\u00bb<\/a>, \u00a0est bien parti pour marquer encore longtemps l&rsquo;histoire de l&rsquo;\u00e9mission. Install\u00e9 dans le fauteuil rouge du champion depuis le 6 septembre 2025, le professeur d&rsquo;histoire-g\u00e9ographie semble in\u00e9branlable. Le candidat a tout de m\u00eame connu <a href=\"https:\/\/www.ozap.com\/actu\/audiences-les-exploits-de-vincent-dans-tout-le-monde-veut-prendre-sa-place-offrent-un-nouveau-record-a-cyril-feraud-sur-france-2-plus-belle-la-vie-explose-les-compteurs-sur-tf1\/652733\" target=\"_blank\" rel=\"noopener\">une petite alerte au mois de d\u00e9cembre<\/a>, en perdant sa premi\u00e8re finale depuis qu&rsquo;il est champion : une d\u00e9faite rapidement effac\u00e9e gr\u00e2ce \u00e0 l&rsquo;offre rondelette de 18 900 euros offerte par Vincent, permettant \u00e0 son challenger du jour de repartir avec 20 000 euros en poche.\u00a0<\/p>\n<p>Vincent r\u00e9ussi un nouveau \u00ab\u00a0carton plein\u00a0\u00bb en finale<\/p>\n<p>Le 10 janvier, Vincent \u00e9tait d\u00e9j\u00e0 entr\u00e9 encore un peu davantage dans l&rsquo;histoire du jeu, <a href=\"https:\/\/www.ozap.com\/actu\/avec-sa-113e-victoire-vincent-entre-dans-le-top-10-des-plus-grands-champions-de-tout-le-monde-veut-prendre-sa-place\/653210\" target=\"_blank\" rel=\"noopener\">en int\u00e9grant le fameux top 10<\/a> des plus grands champions de l&rsquo;\u00e9mission, gr\u00e2ce \u00e0 sa 113\u00e8me victoire. D\u00e9sormais, c&rsquo;est la 9\u00e8me place de Jean-Michel, champion en 2019, qui est menac\u00e9e par le candidat, qui avance lentement mais s\u00fbrement vers la 124\u00e8me victoire. Il n&rsquo;y est pas encore, et en attendant, Vincent s&rsquo;est adjug\u00e9 un nouveau record le dimanche 11 janvier. En effet, en finale, le champion a de nouveau effectu\u00e9 un carton plein (comprendre : un questionnaire sans faute et en proposant toutes ses r\u00e9ponses en \u00ab\u00a0cash\u00a0\u00bb, c&rsquo;est-\u00e0-dire sans aucune propositions ), son 18\u00e8me depuis le d\u00e9but de sa participation. \u00ab\u00a0C&rsquo;est \u00e9norme !, a r\u00e9agi Cyril F\u00e9raud, conscient de l&rsquo;incroyable performance du candidat. Je rappelle que c&rsquo;est le record absolu de toute l&rsquo;histoire de cette \u00e9mission, en 19 ans d&rsquo;\u00e9missions ! Bravo Vincent. Et le public est debout, encore une fois, pour saluer cette performance ! \u00ab\u00a0<\/p>\n<p>Initialement, la r\u00e9alisation de ces \u00ab\u00a0cartons pleins\u00a0\u00bb en finale ne rapportaient financi\u00e8rement rien de plus aux champions qui r\u00e9ussissaient cet exploit. Mais face aux incroyables performances de Vincent et <a href=\"https:\/\/www.ozap.com\/actu\/tout-le-monde-veut-prendre-sa-place-suite-aux-exploits-de-lex-champion-vincent-la-production-du-jeu-de-france-2-modifie-lune-de-ses-regles\/653119\" target=\"_blank\" rel=\"noopener\">aux demandes r\u00e9p\u00e9t\u00e9es du public, la r\u00e8gle a \u00e9volu\u00e9 en ce d\u00e9but d&rsquo;ann\u00e9e 2026<\/a>. \u00ab\u00a0Pour cette nouvelle ann\u00e9e, nous vous avons \u00e9cout\u00e9. Les t\u00e9l\u00e9spectateurs nous ont r\u00e9clam\u00e9s depuis des mois qu\u2019en cas de carton plein en finale, il y ait un bonus. Eh bien c\u2019est ce qu\u2019on va faire, avait expliqu\u00e9 Cyril F\u00e9raud \u00e0 l&rsquo;antenne, dans l&rsquo;\u00e9mission du 5 janvier. Sachez que d\u00e9sormais, en cas de carton plein, c\u2019est-\u00e0-dire si vous obtenez 30 points, les gains de la finale seront doubl\u00e9s. Autrement dit, si vous remportez la finale aujourd\u2019hui, vous ne remporterez pas 100 \u20ac par point marqu\u00e9 par votre adversaire, mais d\u00e9sormais 200 \u20ac par point marqu\u00e9. \u00c9videmment, pour \u00e7a, il faut faire 30 points\u00a0\u00bb. Une nouvelle r\u00e8gle qui devrait particuli\u00e8rement bien r\u00e9ussir \u00e0 l&rsquo;actuel champion.<\/p>\n<p>        <img decoding=\"async\" class=\"thumb-img-100 thumb-img\" src=\"https:\/\/www.europesays.com\/fr\/wp-content\/uploads\/2026\/01\/4bf70358a4a59099-320x180-1.jpg\" alt=\"Avec sa 113e victoire, Vincent entre dans le Top 10 des plus grands champions de &quot;Tout le monde veut prendre sa place&quot;\" width=\"320\" height=\"180\" loading=\"lazy\" role=\"presentation\"\/><\/p>\n<p>                                            Avec sa 113e victoire, Vincent entre dans le Top 10 des plus grands champions de \u00ab\u00a0Tout le monde veut prendre sa place\u00a0\u00bb<\/p>\n<p>        <img decoding=\"async\" class=\"thumb-img-100 thumb-img\" src=\"https:\/\/www.europesays.com\/fr\/wp-content\/uploads\/2026\/01\/babf691e68189643-320x180-2.jpg\" alt=\"&quot;Tout le monde veut prendre sa place&quot; : Suite aux exploits du champion Vincent, la production du jeu de France 2 modifie l'une de ses r\u00e8gles\" width=\"320\" height=\"180\" loading=\"lazy\" role=\"presentation\"\/><\/p>\n<p>                                            \u00ab\u00a0Tout le monde veut prendre sa place\u00a0\u00bb : Suite aux exploits du champion Vincent, la production du jeu de France 2 modifie l&rsquo;une de ses r\u00e8gles<\/p>\n<p>        <img decoding=\"async\" class=\"thumb-img-100 thumb-img\" src=\"https:\/\/www.europesays.com\/fr\/wp-content\/uploads\/2026\/01\/c0775851a6b56412-320x180-1.jpg\" alt=\"&quot;Le cap est franchi&quot; : Le champion Vincent atteint le palier des 100.000 euros dans &quot;Tout le monde veut prendre sa place&quot; sur France 2\" width=\"320\" height=\"180\" loading=\"lazy\" role=\"presentation\"\/><\/p>\n<p>                                            \u00ab\u00a0Le cap est franchi\u00a0\u00bb : Le champion Vincent atteint le palier des 100.000 euros dans \u00ab\u00a0Tout le monde veut prendre sa place\u00a0\u00bb sur France 2<\/p>\n","protected":false},"excerpt":{"rendered":"Par Fanny Petoin | Journaliste Dans un monde id\u00e9al, Fanny aurait d\u00e9j\u00e0 remport\u00e9 deux saison de \u00ab\u00a0Koh-Lanta\u00a0\u00bb mais&hellip;\n","protected":false},"author":2,"featured_media":659116,"comment_status":"","ping_status":"","sticky":false,"template":"","format":"standard","meta":{"footnotes":""},"categories":[1356],"tags":[58,59,1011,27,252,1364],"class_list":{"0":"post-659115","1":"post","2":"type-post","3":"status-publish","4":"format-standard","5":"has-post-thumbnail","7":"category-television","8":"tag-divertissement","9":"tag-entertainment","10":"tag-fr","11":"tag-france","12":"tag-television","13":"tag-tv"},"share_on_mastodon":{"url":"https:\/\/pubeurope.com\/@fr\/115884019421032441","error":""},"_links":{"self":[{"href":"https:\/\/www.europesays.com\/fr\/wp-json\/wp\/v2\/posts\/659115","targetHints":{"allow":["GET"]}}],"collection":[{"href":"https:\/\/www.europesays.com\/fr\/wp-json\/wp\/v2\/posts"}],"about":[{"href":"https:\/\/www.europesays.com\/fr\/wp-json\/wp\/v2\/types\/post"}],"author":[{"embeddable":true,"href":"https:\/\/www.europesays.com\/fr\/wp-json\/wp\/v2\/users\/2"}],"replies":[{"embeddable":true,"href":"https:\/\/www.europesays.com\/fr\/wp-json\/wp\/v2\/comments?post=659115"}],"version-history":[{"count":0,"href":"https:\/\/www.europesays.com\/fr\/wp-json\/wp\/v2\/posts\/659115\/revisions"}],"wp:featuredmedia":[{"embeddable":true,"href":"https:\/\/www.europesays.com\/fr\/wp-json\/wp\/v2\/media\/659116"}],"wp:attachment":[{"href":"https:\/\/www.europesays.com\/fr\/wp-json\/wp\/v2\/media?parent=659115"}],"wp:term":[{"taxonomy":"category","embeddable":true,"href":"https:\/\/www.europesays.com\/fr\/wp-json\/wp\/v2\/categories?post=659115"},{"taxonomy":"post_tag","embeddable":true,"href":"https:\/\/www.europesays.com\/fr\/wp-json\/wp\/v2\/tags?post=659115"}],"curies":[{"name":"wp","href":"https:\/\/api.w.org\/{rel}","templated":true}]}}