{"id":659117,"date":"2026-01-12T20:29:12","date_gmt":"2026-01-12T20:29:12","guid":{"rendered":"https:\/\/www.europesays.com\/fr\/659117\/"},"modified":"2026-01-12T20:29:12","modified_gmt":"2026-01-12T20:29:12","slug":"quand-david-ellefson-revenait-sur-son-eviction-de-megadeth-un-depart-sans-retour-en-2021","status":"publish","type":"post","link":"https:\/\/www.europesays.com\/fr\/659117\/","title":{"rendered":"quand David Ellefson revenait sur son \u00e9viction de Megadeth \u2013 Un d\u00e9part sans retour en 2021"},"content":{"rendered":"<p><strong>\u00c9cart\u00e9 de <a href=\"https:\/\/www.metalzone.fr\/megadeth\/\" target=\"_blank\" rel=\"noopener\">Megadeth<\/a> en 2021 apr\u00e8s un scandale m\u00e9diatique, David Ellefson s\u2019\u00e9tait exprim\u00e9 peu apr\u00e8s sur son \u00e9viction, \u00e9voquant une rupture brutale, mais sans rancune.<\/strong><\/p>\n<p>Une affaire qui a mis fin \u00e0 plus de 30 ans de collaboration<\/p>\n<p>En 2021, David Ellefson a \u00e9t\u00e9 renvoy\u00e9 de Megadeth apr\u00e8s la diffusion non autoris\u00e9e de vid\u00e9os explicites issues de conversations \u00e0 caract\u00e8re sexuel. Les images, tir\u00e9es de discussions priv\u00e9es avec une femme majeure \u2014 \u00e2g\u00e9e de 19 ans selon le musicien \u2014, ont rapidement circul\u00e9 en ligne. Accus\u00e9 \u00e0 tort de faits plus graves, notamment de p\u00e9dophilie, il a ensuite port\u00e9 plainte pour revenge porn (pornodivulgation).<\/p>\n<p>Peu apr\u00e8s, il avait pris la parole dans l\u2019\u00e9mission Trunk Nation sur SiriusXM, d\u00e9clarant : \u201cJ\u2019ai pris les choses en main tout de suite. Le soir m\u00eame, certains m\u2019ont dit de me taire \u2014 surtout le camp Megadeth. Mais mes avocats m\u2019ont dit : \u2018Tu as le droit de r\u00e9pondre \u00e0 ces fausses accusations\u2019.\u201d<\/p>\n<p>Ellefson a reconnu que cette prise de parole publique avait contribu\u00e9 \u00e0 son exclusion du groupe : \u201cOn a tous le droit de se d\u00e9fendre, surtout quand quelqu\u2019un invente des choses pareilles.\u201d<\/p>\n<p>\u201cOn ne veut plus de toi ici\u201d<\/p>\n<p>Le bassiste est aussi revenu sur les circonstances de son d\u00e9part : \u201cOn devait publier un communiqu\u00e9 commun. Finalement, \u00e7a ne s\u2019est pas fait. J\u2019\u00e9tais d\u00e9\u00e7u. Mais je n\u2019ai pas de rancune. On s\u2019est s\u00e9par\u00e9s, ils ont continu\u00e9 leur chemin. Et m\u00eame si notre relation a parfois \u00e9t\u00e9 tendue par le pass\u00e9, je ne pense pas que \u00e7a ait pes\u00e9 dans la d\u00e9cision.\u201d<\/p>\n<p>Dans son discours, Dave Mustaine avait \u00e9voqu\u00e9 une \u201crelation d\u00e9j\u00e0 tendue\u201d, laissant entendre que le scandale n\u2019avait fait qu\u2019acc\u00e9l\u00e9rer une rupture d\u00e9j\u00e0 amorc\u00e9e.<\/p>\n<p>Pr\u00e9sent dans Megadeth de 1983 \u00e0 2002, puis de 2010 \u00e0 2021, Ellefson reste profond\u00e9ment attach\u00e9 au groupe : \u201cC\u2019est une formation que j\u2019ai cofond\u00e9e. Mon ADN est partout. J\u2019en suis fier, m\u00eame si c\u2019est termin\u00e9.\u201d<\/p>\n<p>Il a aussi confi\u00e9 que, depuis son retour en 2010, la dynamique avait chang\u00e9 : \u201cCe n\u2019\u00e9tait plus comme avant. J\u2019avais l\u2019impression qu\u2019on ne voulait plus de ce fonctionnement-l\u00e0. Alors, autant tourner la page proprement.\u201d<\/p>\n<p>Et de conclure : \u201cC\u2019\u00e9tait du genre : \u2018On ne veut plus de toi ici. Voici la porte. Ne viens pas travailler lundi.\u2019 J\u2019ai simplement r\u00e9pondu : \u2018Tr\u00e8s bien.\u2019 Je ne suis pas amer.\u201d<\/p>\n<p>Un dernier chapitre sans retrouvailles<\/p>\n<p>Alors que Megadeth s\u2019appr\u00eate \u00e0 tirer sa r\u00e9v\u00e9rence avec une tourn\u00e9e mondiale et un dernier album pr\u00e9vu pour le 23 janvier 2026, David Ellefson s\u2019est \u00e0 plusieurs reprises montr\u00e9 ouvert \u00e0 l\u2019id\u00e9e de participer \u00e0 cet ultime tour de piste. Dans un \u00e9pisode r\u00e9cent de son propre podcast, The David Ellefson Show, il a d\u00e9clar\u00e9 qu\u2019il ne souhaitait pas que l\u2019histoire entre lui, Mustaine et Megadeth \u201cse termine sur une fausse note\u201d, et s\u2019est dit pr\u00eat \u00e0 r\u00e9pondre \u00e0 un \u00e9ventuel appel, malgr\u00e9 des ann\u00e9es de silence entre les deux musiciens.<\/p>\n<p>Mais Dave Mustaine a r\u00e9cemment ferm\u00e9 la porte \u00e0 toute participation d\u2019anciens membres. Dans une interview avec Guitar World, il a affirm\u00e9 : \u201cLes fans viennent pour la musique, pas pour un spectacle de marionnettes.\u201d Le leader a ajout\u00e9 qu\u2019il souhaitait pr\u00e9server l\u2019\u00e9quilibre de la formation actuelle, compos\u00e9e de Teemu M\u00e4ntysaari, Dirk Verbeuren, James LoMenzo et lui-m\u00eame. Sans le nommer, Mustaine semble cibler Ellefson lorsqu\u2019il \u00e9voque le comportement d\u2019un ex-membre justifiant cette d\u00e9cision.<\/p>\n<p>Malgr\u00e9 les tensions, Ellefson continue de d\u00e9fendre l\u2019id\u00e9e d\u2019un adieu collectif, \u00e0 l\u2019image de ce qu\u2019ont fait <a href=\"https:\/\/www.metalzone.fr\/black-sabbath\/\" target=\"_blank\" rel=\"noopener\">Black Sabbath<\/a> lors de leur dernier concert. Il reste toutefois lucide sur la tournure des \u00e9v\u00e9nements et n\u2019a pas \u00e9chapp\u00e9 \u00e0 une certaine amertume : \u201cJe leur ai dit : \u2018Vous n\u2019\u00e9tiez pas oblig\u00e9s d\u2019en arriver l\u00e0.\u2019 C\u2019\u00e9tait compl\u00e8tement inutile.\u201d<\/p>\n<p>Megadeth pr\u00e9pare la sortie de son ultime disque, \u00e9ponyme, produit par Chris Rakestraw. Le premier extrait, Tipping Point, a \u00e9t\u00e9 d\u00e9voil\u00e9 fin 2025. La tourn\u00e9e This Was Our Life marquera officiellement la fin du groupe.<\/p>\n","protected":false},"excerpt":{"rendered":"\u00c9cart\u00e9 de Megadeth en 2021 apr\u00e8s un scandale m\u00e9diatique, David Ellefson s\u2019\u00e9tait exprim\u00e9 peu apr\u00e8s sur son \u00e9viction,&hellip;\n","protected":false},"author":2,"featured_media":659118,"comment_status":"","ping_status":"","sticky":false,"template":"","format":"standard","meta":{"footnotes":""},"categories":[1355],"tags":[58,59,1011,27,1361,873],"class_list":{"0":"post-659117","1":"post","2":"type-post","3":"status-publish","4":"format-standard","5":"has-post-thumbnail","7":"category-musique","8":"tag-divertissement","9":"tag-entertainment","10":"tag-fr","11":"tag-france","12":"tag-music","13":"tag-musique"},"share_on_mastodon":{"url":"https:\/\/pubeurope.com\/@fr\/115884023050345301","error":""},"_links":{"self":[{"href":"https:\/\/www.europesays.com\/fr\/wp-json\/wp\/v2\/posts\/659117","targetHints":{"allow":["GET"]}}],"collection":[{"href":"https:\/\/www.europesays.com\/fr\/wp-json\/wp\/v2\/posts"}],"about":[{"href":"https:\/\/www.europesays.com\/fr\/wp-json\/wp\/v2\/types\/post"}],"author":[{"embeddable":true,"href":"https:\/\/www.europesays.com\/fr\/wp-json\/wp\/v2\/users\/2"}],"replies":[{"embeddable":true,"href":"https:\/\/www.europesays.com\/fr\/wp-json\/wp\/v2\/comments?post=659117"}],"version-history":[{"count":0,"href":"https:\/\/www.europesays.com\/fr\/wp-json\/wp\/v2\/posts\/659117\/revisions"}],"wp:featuredmedia":[{"embeddable":true,"href":"https:\/\/www.europesays.com\/fr\/wp-json\/wp\/v2\/media\/659118"}],"wp:attachment":[{"href":"https:\/\/www.europesays.com\/fr\/wp-json\/wp\/v2\/media?parent=659117"}],"wp:term":[{"taxonomy":"category","embeddable":true,"href":"https:\/\/www.europesays.com\/fr\/wp-json\/wp\/v2\/categories?post=659117"},{"taxonomy":"post_tag","embeddable":true,"href":"https:\/\/www.europesays.com\/fr\/wp-json\/wp\/v2\/tags?post=659117"}],"curies":[{"name":"wp","href":"https:\/\/api.w.org\/{rel}","templated":true}]}}