{"id":659119,"date":"2026-01-12T20:30:52","date_gmt":"2026-01-12T20:30:52","guid":{"rendered":"https:\/\/www.europesays.com\/fr\/659119\/"},"modified":"2026-01-12T20:30:52","modified_gmt":"2026-01-12T20:30:52","slug":"un-film-qui-montre-la-ruralite-comme-elle-est-avec-leleveur-militant-jerome-bayle","status":"publish","type":"post","link":"https:\/\/www.europesays.com\/fr\/659119\/","title":{"rendered":"un film qui montre \u00ab\u00a0la ruralit\u00e9 comme elle est\u00a0\u00bb, avec l\u2019\u00e9leveur militant J\u00e9r\u00f4me Bayle"},"content":{"rendered":"<p>Ils le pr\u00e9senteront tous les deux, mardi 13\u00a0janvier, en avant-premi\u00e8re au multiplexe CGR \u00e0 P\u00e9rigueux (Dordogne) et animeront un d\u00e9bat. Ils ont entam\u00e9 une tourn\u00e9e \u00e0 travers la France, qui se poursuivra jusqu\u2019\u00e0 sa sortie, le 4\u00a0mars. \u00ab\u00a0L\u2019accueil est tr\u00e8s bon. Il n\u2019y a pas beaucoup de films qui montrent la ruralit\u00e9 comme elle est.\u00a0\u00bb<\/p>\n<p>\u00c9douard Bergeon s\u2019est fait conna\u00eetre au grand public avec \u00ab\u00a0Au nom de la terre\u00a0\u00bb, une fiction inspir\u00e9e par sa propre histoire et le suicide de son p\u00e8re. J\u00e9r\u00f4me Bayle a v\u00e9cu le m\u00eame drame. \u00ab\u00a0C\u2019\u00e9tait une sorte de miroir, quelque chose qui m\u2019a incit\u00e9 \u00e0 aller le voir\u00a0\u00bb, ajoute le r\u00e9alisateur.<\/p>\n<p>Un personnage m\u00e9diatique<\/p>\n<p>J\u00e9r\u00f4me Bayle exploite avec sa m\u00e8re Lucienne &#8211;\u00a0pour tout le monde Lulu\u00a0&#8211; la ferme familiale \u00e0 Montesquieu-Volvestre, en Haute-Garonne.<\/p>\n<p>        <img decoding=\"async\" id=\"27338946\" src=\"https:\/\/www.europesays.com\/fr\/wp-content\/uploads\/2026\/01\/1ff7c0cae0beb97de65034488de20640.jpeg\" alt=\"J\u00e9r\u00f4me Bayle et sa m\u00e8re, Lucienne, dans la ferme familiale.\" itemprop=\"contentURL\"\/><\/p>\n<p>    J\u00e9r\u00f4me Bayle et sa m\u00e8re, Lucienne, dans la ferme familiale.<\/p>\n<p>fournie par la production<\/p>\n<p>Avec sa carrure de rugbyman et son franc-parler, il s\u2019impose d\u00e9but 2024 comme leader du mouvement agricole qui bloque l\u2019A\u00a064. Il rencontre le Premier ministre Gabriel Attal et devient un personnage m\u00e9diatique.<\/p>\n<p>\u00ab\u00a0Le tournage a dur\u00e9 un an et demi. On a suivi l\u2019actualit\u00e9 au fil des saisons. Dans un documentaire, il faut prendre le temps d\u2019observer, de construire l\u2019histoire. Le long-m\u00e9trage est juste termin\u00e9. On a fini de tourner en septembre.\u00a0\u00bb<\/p>\n<p>        <img decoding=\"async\" id=\"27338961\" src=\"https:\/\/www.europesays.com\/fr\/wp-content\/uploads\/2026\/01\/a67e4d10463b7272be66cb1bb3b44535.jpeg\" alt=\"J\u00e9r\u00f4me et son petit voisin, Evan, 12\u00a0ans, en train de s\u2019occuper des vaches.\" itemprop=\"contentURL\"\/><\/p>\n<p>    J\u00e9r\u00f4me et son petit voisin, Evan, 12\u00a0ans, en train de s\u2019occuper des vaches.<\/p>\n<p>fournie par la production<\/p>\n<p>    Profond\u00e9ment sinc\u00e8re<\/p>\n<p>Il montre J\u00e9r\u00f4me Bayle dans les manifestations avec son tracteur et dans sa ferme en train de s\u2019occuper de ses vaches. Ou encore pr\u00e9occup\u00e9 de transmission, montrant le travail de la terre \u00e0 ses petits voisins. Il le dit lui-m\u00eame. Profond\u00e9ment sinc\u00e8re, il veut que vive une agriculture moderne, sans oublier ce que savaient les anciens.<\/p>\n","protected":false},"excerpt":{"rendered":"Ils le pr\u00e9senteront tous les deux, mardi 13\u00a0janvier, en avant-premi\u00e8re au multiplexe CGR \u00e0 P\u00e9rigueux (Dordogne) et animeront&hellip;\n","protected":false},"author":2,"featured_media":659120,"comment_status":"","ping_status":"","sticky":false,"template":"","format":"standard","meta":{"footnotes":""},"categories":[1354],"tags":[58,59,1346,1011,27,1360],"class_list":{"0":"post-659119","1":"post","2":"type-post","3":"status-publish","4":"format-standard","5":"has-post-thumbnail","7":"category-films","8":"tag-divertissement","9":"tag-entertainment","10":"tag-films","11":"tag-fr","12":"tag-france","13":"tag-movies"},"share_on_mastodon":{"url":"https:\/\/pubeurope.com\/@fr\/115884031010528505","error":""},"_links":{"self":[{"href":"https:\/\/www.europesays.com\/fr\/wp-json\/wp\/v2\/posts\/659119","targetHints":{"allow":["GET"]}}],"collection":[{"href":"https:\/\/www.europesays.com\/fr\/wp-json\/wp\/v2\/posts"}],"about":[{"href":"https:\/\/www.europesays.com\/fr\/wp-json\/wp\/v2\/types\/post"}],"author":[{"embeddable":true,"href":"https:\/\/www.europesays.com\/fr\/wp-json\/wp\/v2\/users\/2"}],"replies":[{"embeddable":true,"href":"https:\/\/www.europesays.com\/fr\/wp-json\/wp\/v2\/comments?post=659119"}],"version-history":[{"count":0,"href":"https:\/\/www.europesays.com\/fr\/wp-json\/wp\/v2\/posts\/659119\/revisions"}],"wp:featuredmedia":[{"embeddable":true,"href":"https:\/\/www.europesays.com\/fr\/wp-json\/wp\/v2\/media\/659120"}],"wp:attachment":[{"href":"https:\/\/www.europesays.com\/fr\/wp-json\/wp\/v2\/media?parent=659119"}],"wp:term":[{"taxonomy":"category","embeddable":true,"href":"https:\/\/www.europesays.com\/fr\/wp-json\/wp\/v2\/categories?post=659119"},{"taxonomy":"post_tag","embeddable":true,"href":"https:\/\/www.europesays.com\/fr\/wp-json\/wp\/v2\/tags?post=659119"}],"curies":[{"name":"wp","href":"https:\/\/api.w.org\/{rel}","templated":true}]}}