{"id":659121,"date":"2026-01-12T20:31:11","date_gmt":"2026-01-12T20:31:11","guid":{"rendered":"https:\/\/www.europesays.com\/fr\/659121\/"},"modified":"2026-01-12T20:31:11","modified_gmt":"2026-01-12T20:31:11","slug":"avec-lintegration-de-certains-cancers-comme-maladies-professionnelles-la-penibilite-chez-les-pompiers-est-reconnue","status":"publish","type":"post","link":"https:\/\/www.europesays.com\/fr\/659121\/","title":{"rendered":"Avec l\u2019int\u00e9gration de certains cancers comme maladies professionnelles, la p\u00e9nibilit\u00e9 chez les pompiers est reconnue"},"content":{"rendered":"\n<p class=\"article__paragraph  \">La nouvelle \u00e9tait attendue dans le secteur, elle a \u00e9t\u00e9 rendue officielle par un <a href=\"https:\/\/www.legifrance.gouv.fr\/jorf\/id\/JORFTEXT000053176919\" target=\"_blank\" rel=\"noopener\" title=\"Nouvelle fen\u00eatre\">d\u00e9cret du 26\u00a0d\u00e9cembre\u00a02025<\/a>\u00a0: deux nouveaux cancers propres aux pompiers apparaissent dans les tableaux de maladies professionnelles. Ce sont les <a href=\"https:\/\/www.lemonde.fr\/politique\/article\/2024\/02\/28\/l-abandon-d-un-systeme-de-suivi-des-cancers-de-l-amiante-provoque-une-vive-emotion_6219027_823448.html\" target=\"_blank\" rel=\"noopener\" title=\"Nouvelle fen\u00eatre\">m\u00e9soth\u00e9liomes <\/a>(pl\u00e8vre, p\u00e9ritoine) \u2013 des maladies li\u00e9es \u00e0 l\u2019inhalation de poussi\u00e8re d\u2019<a href=\"https:\/\/www.lemonde.fr\/pollution\/article\/2018\/10\/24\/les-pompiers-ouvrent-un-nouveau-front-contre-l-amiante_5373998_1652666.html\" target=\"_blank\" rel=\"noopener\" title=\"Nouvelle fen\u00eatre\">amiante<\/a> \u2013 et les cancers de la vessie, dont le lien a \u00e9t\u00e9 d\u00e9montr\u00e9 avec la lutte contre les incendies. Ces deux maladies s\u2019ajoutent aux carcinomes du nasopharynx et h\u00e9patocellulaire.<\/p>\n<p class=\"article__paragraph  \">Les cancers professionnels sont encore tr\u00e8s peu reconnus en France, tous m\u00e9tiers confondus\u00a0: selon les statistiques de l\u2019Assurance-maladie, qui concernent les salari\u00e9s du priv\u00e9 au r\u00e9gime g\u00e9n\u00e9ral, 312 cancers hors amiante ont \u00e9t\u00e9 reconnus en\u00a02024, et 862 li\u00e9s \u00e0 l\u2019amiante. Selon la Caisse nationale de retraite des agents des collectivit\u00e9s locales (CNRACL), seules 46 maladies professionnelles ont \u00e9t\u00e9 d\u00e9clar\u00e9es par les sapeurs-pompiers professionnels en\u00a02024. Le sujet est invisible, car les cancers surviennent parfois apr\u00e8s la retraite.<\/p>\n<p>                                   Lire aussi |  <a href=\"https:\/\/www.lemonde.fr\/sante\/article\/2025\/12\/29\/plusieurs-cancers-desormais-reconnus-comme-maladies-professionnelles-des-pompiers_6659765_1651302.html\" class=\"js-article-read-also catcher--favoris__link\" data-premium=\"\" id=\"article-title-3452755\" target=\"_blank\" rel=\"noopener\">Plusieurs cancers d\u00e9sormais reconnus comme maladies professionnelles des pompiers<\/a>    <\/p>\n<p>   Lire plus tard  <\/p>\n<p class=\"article__paragraph  \">L\u2019apparition de ces deux nouvelles maladies change la donne pour les 250\u00a0000 pompiers fran\u00e7ais, \u00e0 80\u00a0% volontaires\u00a0: \u00ab\u00a0Un tableau offre une pr\u00e9somption d\u2019origine professionnelle, et c\u2019est \u00e9norme car le cancer est une maladie multifactorielle. Cela veut dire que si les sympt\u00f4mes correspondent au tableau, la maladie doit \u00eatre reconnue d\u2019origine professionnelle, quels que soient les autres facteurs, par exemple si le pompier est fumeur\u00a0\u00bb, explique Anne Marchand, codirectrice du groupement d\u2019int\u00e9r\u00eat scientifique sur les cancers d\u2019origine professionnelle en Seine-Saint-Denis.<\/p>\n<p>           Un long processus           <\/p>\n<p class=\"article__paragraph  \">C\u2019est le r\u00e9sultat d\u2019un long processus\u00a0: alors que plusieurs publications scientifiques, notamment anglo-saxonnes, \u00e9tablissent ce lien depuis les ann\u00e9es 1990, il a fallu attendre 2022 et un rapport du Centre international de recherche sur le cancer (<a href=\"https:\/\/www.cancer-environnement.fr\/fiches\/publications-du-circ\/monographie-vol-132-cancerogenicite-exposition-professionnelle-pompier\/\" target=\"_blank\" rel=\"noopener\" title=\"Nouvelle fen\u00eatre\">CIRC<\/a>) pour que la profession soit qualifi\u00e9e de canc\u00e9rog\u00e8ne.<\/p>\n<p class=\"article__paragraph  \">Depuis dix ans, la connaissance sur les expositions subies par les pompiers s\u2019est am\u00e9lior\u00e9e\u00a0: microparticules, hydrocarbures aromatiques polycycliques (HAP), benz\u00e8ne, polluants \u00e9ternels (<a href=\"https:\/\/www.lemonde.fr\/economie\/article\/2024\/05\/17\/les-pompiers-manifestent-et-testent-leur-contamination-aux-pfas-qu-y-a-t-il-de-plus-prioritaire-que-notre-sante_6233771_3234.html\" target=\"_blank\" rel=\"noopener\">PFAS<\/a>) dans les tenues et les mousses d\u2019incendie\u2026 Outre la respiration, \u00ab\u00a0les pompiers, quand ils s\u2019engagent dans un feu, ont une protection respiratoire, mais l\u2019air dans la tenue se charge de particules, et comme la peau devient poreuse, elle ravale la transpiration, ce qui augmente la charge de toxiques\u00a0\u00bb, ajoute S\u00e9bastien Delavoux, responsable de la CGT des services d\u00e9partementaux d\u2019incendie et de secours (SDIS), qui emploient les pompiers.<\/p>\n<p class=\"reading-mode-only \"><strong>Il vous reste 45.36% de cet article \u00e0 lire. La suite est r\u00e9serv\u00e9e aux abonn\u00e9s.<\/strong><\/p>\n","protected":false},"excerpt":{"rendered":"La nouvelle \u00e9tait attendue dans le secteur, elle a \u00e9t\u00e9 rendue officielle par un d\u00e9cret du 26\u00a0d\u00e9cembre\u00a02025\u00a0: deux&hellip;\n","protected":false},"author":2,"featured_media":659122,"comment_status":"","ping_status":"","sticky":false,"template":"","format":"standard","meta":{"footnotes":""},"categories":[10],"tags":[1011,27,72,71],"class_list":{"0":"post-659121","1":"post","2":"type-post","3":"status-publish","4":"format-standard","5":"has-post-thumbnail","7":"category-sante","8":"tag-fr","9":"tag-france","10":"tag-health","11":"tag-sante"},"share_on_mastodon":{"url":"https:\/\/pubeurope.com\/@fr\/115884031069383915","error":""},"_links":{"self":[{"href":"https:\/\/www.europesays.com\/fr\/wp-json\/wp\/v2\/posts\/659121","targetHints":{"allow":["GET"]}}],"collection":[{"href":"https:\/\/www.europesays.com\/fr\/wp-json\/wp\/v2\/posts"}],"about":[{"href":"https:\/\/www.europesays.com\/fr\/wp-json\/wp\/v2\/types\/post"}],"author":[{"embeddable":true,"href":"https:\/\/www.europesays.com\/fr\/wp-json\/wp\/v2\/users\/2"}],"replies":[{"embeddable":true,"href":"https:\/\/www.europesays.com\/fr\/wp-json\/wp\/v2\/comments?post=659121"}],"version-history":[{"count":0,"href":"https:\/\/www.europesays.com\/fr\/wp-json\/wp\/v2\/posts\/659121\/revisions"}],"wp:featuredmedia":[{"embeddable":true,"href":"https:\/\/www.europesays.com\/fr\/wp-json\/wp\/v2\/media\/659122"}],"wp:attachment":[{"href":"https:\/\/www.europesays.com\/fr\/wp-json\/wp\/v2\/media?parent=659121"}],"wp:term":[{"taxonomy":"category","embeddable":true,"href":"https:\/\/www.europesays.com\/fr\/wp-json\/wp\/v2\/categories?post=659121"},{"taxonomy":"post_tag","embeddable":true,"href":"https:\/\/www.europesays.com\/fr\/wp-json\/wp\/v2\/tags?post=659121"}],"curies":[{"name":"wp","href":"https:\/\/api.w.org\/{rel}","templated":true}]}}