{"id":659133,"date":"2026-01-12T20:37:12","date_gmt":"2026-01-12T20:37:12","guid":{"rendered":"https:\/\/www.europesays.com\/fr\/659133\/"},"modified":"2026-01-12T20:37:12","modified_gmt":"2026-01-12T20:37:12","slug":"il-a-des-dettes-partout-entre-patrick-balkany-et-son-poulain-aux-municipales-a-levallois-cest-deja-fini","status":"publish","type":"post","link":"https:\/\/www.europesays.com\/fr\/659133\/","title":{"rendered":"\u00ab\u00a0Il a des dettes partout\u00a0\u00bb\u00a0: entre Patrick Balkany et son poulain aux municipales \u00e0 Levallois, c\u2019est d\u00e9j\u00e0 fini"},"content":{"rendered":"<p class=\"paragraph text_align_left lp-f-body-02\">Point d\u2019\u00e9charpes blanches ce dimanche 11 janvier sur le march\u00e9 de Levallois (Hauts-de-Seine). La terrasse du Tr\u00e9bois, syst\u00e9matiquement occup\u00e9e ces derni\u00e8res semaines par Patrick Balkany, son poulain J\u00e9r\u00f4me Gauliard et leurs \u00e9quipes qui font campagne pour les \u00e9lections municipales de mars prochain, est \u00e9trangement calme. Depuis quelques heures d\u00e9j\u00e0, le bruit d\u2019une rupture circule. Entre l\u2019ancien maire de la ville, toujours in\u00e9ligible, et son candidat, c\u2019est d\u00e9j\u00e0 fini.<\/p>\n<p class=\"\">Pr\u00e9sent\u00e9 d\u00e9but novembre comme <a href=\"https:\/\/www.leparisien.fr\/elections\/municipales\/municipales-a-levallois-jai-de-quoi-faire-12-listes-faute-detre-candidat-balkany-tient-son-plan-b-05-11-2025-AIGXPY2ZCZE43PDGAR2QBI6V3Q.php\" target=\"_blank\" rel=\"noreferrer noopener\">le plan B de Patrick Balkany<\/a>, \u00e0 qui la justice venait de refuser pour la seconde fois la demande de rel\u00e8ve de peine d\u2019in\u00e9ligibilit\u00e9 de 10 ans prononc\u00e9e en 2020, l\u2019option Gauliard n\u2019aura donc tenu que deux mois. \u00ab Il a commenc\u00e9 \u00e0 exclure un \u00e0 un les gens qui travaillent avec moi, notamment le directeur de campagne, et \u00e0 ne se concentrer que sur les sujets d\u2019entreprises alors que ce n\u2019est absolument pas la priorit\u00e9 des habitants, justifie Patrick Balkany. Les \u00e9lecteurs veulent une ville propre et de la s\u00e9curit\u00e9, pas des start-up. \u00bb<\/p>\n","protected":false},"excerpt":{"rendered":"Point d\u2019\u00e9charpes blanches ce dimanche 11 janvier sur le march\u00e9 de Levallois (Hauts-de-Seine). La terrasse du Tr\u00e9bois, syst\u00e9matiquement&hellip;\n","protected":false},"author":2,"featured_media":659134,"comment_status":"","ping_status":"","sticky":false,"template":"","format":"standard","meta":{"footnotes":""},"categories":[4],"tags":[11,5949,1011,27,3554,12,316,25],"class_list":{"0":"post-659133","1":"post","2":"type-post","3":"status-publish","4":"format-standard","5":"has-post-thumbnail","7":"category-france","8":"tag-actualites","9":"tag-elections","10":"tag-fr","11":"tag-france","12":"tag-municipales","13":"tag-news","14":"tag-politique","15":"tag-republique-francaise"},"share_on_mastodon":{"url":"https:\/\/pubeurope.com\/@fr\/115884054537927392","error":""},"_links":{"self":[{"href":"https:\/\/www.europesays.com\/fr\/wp-json\/wp\/v2\/posts\/659133","targetHints":{"allow":["GET"]}}],"collection":[{"href":"https:\/\/www.europesays.com\/fr\/wp-json\/wp\/v2\/posts"}],"about":[{"href":"https:\/\/www.europesays.com\/fr\/wp-json\/wp\/v2\/types\/post"}],"author":[{"embeddable":true,"href":"https:\/\/www.europesays.com\/fr\/wp-json\/wp\/v2\/users\/2"}],"replies":[{"embeddable":true,"href":"https:\/\/www.europesays.com\/fr\/wp-json\/wp\/v2\/comments?post=659133"}],"version-history":[{"count":0,"href":"https:\/\/www.europesays.com\/fr\/wp-json\/wp\/v2\/posts\/659133\/revisions"}],"wp:featuredmedia":[{"embeddable":true,"href":"https:\/\/www.europesays.com\/fr\/wp-json\/wp\/v2\/media\/659134"}],"wp:attachment":[{"href":"https:\/\/www.europesays.com\/fr\/wp-json\/wp\/v2\/media?parent=659133"}],"wp:term":[{"taxonomy":"category","embeddable":true,"href":"https:\/\/www.europesays.com\/fr\/wp-json\/wp\/v2\/categories?post=659133"},{"taxonomy":"post_tag","embeddable":true,"href":"https:\/\/www.europesays.com\/fr\/wp-json\/wp\/v2\/tags?post=659133"}],"curies":[{"name":"wp","href":"https:\/\/api.w.org\/{rel}","templated":true}]}}