{"id":659135,"date":"2026-01-12T20:38:12","date_gmt":"2026-01-12T20:38:12","guid":{"rendered":"https:\/\/www.europesays.com\/fr\/659135\/"},"modified":"2026-01-12T20:38:12","modified_gmt":"2026-01-12T20:38:12","slug":"il-a-enormement-compte-pour-moi-rend-hommage-zidane-toutes-les-reactions","status":"publish","type":"post","link":"https:\/\/www.europesays.com\/fr\/659135\/","title":{"rendered":"\u00ab\u00a0Il a \u00e9norm\u00e9ment compt\u00e9 pour moi\u00a0\u00bb, rend hommage Zidane&#8230; toutes les r\u00e9actions"},"content":{"rendered":"<p>Daniel Riolo<\/p>\n<p>Je le savais et je l&rsquo;ai encore plus constat\u00e9 ce matin en lisant les diff\u00e9rentes r\u00e9actions, c&rsquo;est \u00e0 quel point personne ne peut r\u00e9ellement privatiser Rolland. \u00c0 l&rsquo;After on peut dire qu&rsquo;on a boss\u00e9 6 ou 7 ans ensemble, qu&rsquo;on le conna\u00eet mieux que tout le monde\u2026 mais en fait c&rsquo;\u00e9tait un personnage tellement ouvert, qui a connu tellement de gens et de vies, que tout le monde \u00e0 une tranche de vie avec Rolland.<\/p>\n<p>C&rsquo;est un partage de roman. Mille vies, mille connaissances, mille relations. Tout le monde a un souvenir avec lui. De n&rsquo;importe quel grand responsable dans le foot, si Berlusconi \u00e9tait encore l\u00e0 il raconterait des choses sur lui.<\/p>\n<p>Il parlait au stagiaire de RMC, lui demandait d&rsquo;aller chercher son McDo du samedi soir, et lui laissait une monnaie d\u00e9lirante&#8230; Il avait cette g\u00e9n\u00e9rosit\u00e9 avec les petits jeunes de la redac, il payait tout, il racontait ses anecdotes. Toi, tu arrivais, tu l&rsquo;avais entendue cinq fois, alors tu appelais quelqu&rsquo;un pour t&rsquo;esquiver (rires).<\/p>\n<p>Il a particip\u00e9 \u00e0 la popularit\u00e9, la notori\u00e9t\u00e9 de l&rsquo;After. Avec le recul, je me suis rendu compte de l&rsquo;ampleur de nos d\u00e9bats. C&rsquo;\u00e9tait extraordinaire, mais sur le moment je l&rsquo;ai vachement agac\u00e9 et l&rsquo;inverse \u00e9tait aussi vrai. On sortait de l&rsquo;\u00e9mission avec la t\u00eate qui chauffait. On \u00e9tait oppos\u00e9, on s&rsquo;aga\u00e7ait, mais on a fini par avoir une intimit\u00e9 un peu plus grande&#8230;<\/p>\n<p>L&rsquo;interview compl\u00e8te <a href=\"https:\/\/www.laprovence.com\/article\/om\/49091666602506\/mort-de-rolland-courbis-je-preferais-sa-vie-de-roman-a-celle-du-foot-se-souvient-daniel-riolo\" target=\"_blank\" rel=\"noopener\">\u00e0 retrouver ici.<\/a><\/p>\n","protected":false},"excerpt":{"rendered":"Daniel Riolo Je le savais et je l&rsquo;ai encore plus constat\u00e9 ce matin en lisant les diff\u00e9rentes r\u00e9actions,&hellip;\n","protected":false},"author":2,"featured_media":659136,"comment_status":"","ping_status":"","sticky":false,"template":"","format":"standard","meta":{"footnotes":""},"categories":[2],"tags":[11,76112,1011,27,12,1176,149],"class_list":{"0":"post-659135","1":"post","2":"type-post","3":"status-publish","4":"format-standard","5":"has-post-thumbnail","7":"category-actualites","8":"tag-actualites","9":"tag-courbis","10":"tag-fr","11":"tag-france","12":"tag-news","13":"tag-olympique-de-marseille","14":"tag-om"},"share_on_mastodon":{"url":"https:\/\/pubeurope.com\/@fr\/115884058443735554","error":""},"_links":{"self":[{"href":"https:\/\/www.europesays.com\/fr\/wp-json\/wp\/v2\/posts\/659135","targetHints":{"allow":["GET"]}}],"collection":[{"href":"https:\/\/www.europesays.com\/fr\/wp-json\/wp\/v2\/posts"}],"about":[{"href":"https:\/\/www.europesays.com\/fr\/wp-json\/wp\/v2\/types\/post"}],"author":[{"embeddable":true,"href":"https:\/\/www.europesays.com\/fr\/wp-json\/wp\/v2\/users\/2"}],"replies":[{"embeddable":true,"href":"https:\/\/www.europesays.com\/fr\/wp-json\/wp\/v2\/comments?post=659135"}],"version-history":[{"count":0,"href":"https:\/\/www.europesays.com\/fr\/wp-json\/wp\/v2\/posts\/659135\/revisions"}],"wp:featuredmedia":[{"embeddable":true,"href":"https:\/\/www.europesays.com\/fr\/wp-json\/wp\/v2\/media\/659136"}],"wp:attachment":[{"href":"https:\/\/www.europesays.com\/fr\/wp-json\/wp\/v2\/media?parent=659135"}],"wp:term":[{"taxonomy":"category","embeddable":true,"href":"https:\/\/www.europesays.com\/fr\/wp-json\/wp\/v2\/categories?post=659135"},{"taxonomy":"post_tag","embeddable":true,"href":"https:\/\/www.europesays.com\/fr\/wp-json\/wp\/v2\/tags?post=659135"}],"curies":[{"name":"wp","href":"https:\/\/api.w.org\/{rel}","templated":true}]}}