{"id":659141,"date":"2026-01-12T20:41:11","date_gmt":"2026-01-12T20:41:11","guid":{"rendered":"https:\/\/www.europesays.com\/fr\/659141\/"},"modified":"2026-01-12T20:41:11","modified_gmt":"2026-01-12T20:41:11","slug":"face-aux-repressions-sanglantes-en-iran-une-manifestation-place-stanislas","status":"publish","type":"post","link":"https:\/\/www.europesays.com\/fr\/659141\/","title":{"rendered":"face aux r\u00e9pressions sanglantes en Iran, une manifestation place Stanislas"},"content":{"rendered":"<p>Nos yeux vers l\u2019Iran. Le r\u00e9gime islamique a coup\u00e9 le r\u00e9seau t\u00e9l\u00e9phonique et internet.\u00a0\u00bb \u00ab\u00a0Internet coup\u00e9 =\u00a0libert\u00e9 vol\u00e9e.\u00a0\u00bb<\/p>\n<p>Dimanche apr\u00e8s-midi, <a href=\"https:\/\/www.estrepublicain.fr\/p\/place-stanislas\" target=\"_blank\" rel=\"noopener\">place Stanislas<\/a>, une soixantaine de personnes sont venues exprimer leur soutien \u00e0 la population iranienne et s\u2019\u00e9lever contre les coupures des moyens de communication dans le pays depuis le 8\u00a0janvier. Coupures qui n\u2019emp\u00eachaient pas, toutefois, l\u2019ayatollah <a href=\"https:\/\/www.estrepublicain.fr\/p\/ali-khamenei\" target=\"_blank\" rel=\"noopener\">Ali Khamenei<\/a>, le Guide supr\u00eame iranien, de menacer <a href=\"https:\/\/www.estrepublicain.fr\/p\/donald-trump\" target=\"_blank\" rel=\"noopener\">Donald Trump<\/a> en publiant sur le r\u00e9seau X un message \u00e0 l\u2019attention du pr\u00e9sident am\u00e9ricain.<\/p>\n<p>Depuis le 28\u00a0d\u00e9cembre, la contestation enfle en Iran, initialement pour d\u00e9noncer la hausse du co\u00fbt de la vie, les difficult\u00e9s \u00e9conomiques et sociales avant que les revendications n\u2019\u00e9voluent sur un terrain plus politique.<\/p>\n<p>Face \u00e0 ces contestations qui secouent tout le pays, les autorit\u00e9s iraniennes <a href=\"https:\/\/www.estrepublicain.fr\/defense-guerre-conflit\/2026\/01\/10\/peine-de-mort-et-coupure-d-internet-une-repression-sanglante-a-huis-clos\" target=\"_blank\" rel=\"noopener\">ont d\u00e9cid\u00e9 de couper Internet et les r\u00e9seaux t\u00e9l\u00e9phoniques<\/a> afin de tenter de contr\u00f4ler la r\u00e9volte et l\u2019isoler du monde ext\u00e9rieur. <a href=\"https:\/\/www.estrepublicain.fr\/defense-guerre-conflit\/2026\/01\/12\/une-video-montre-des-dizaines-de-corps-amonceles-devant-une-morgue-a-teheran\" target=\"_blank\" rel=\"noopener\">La r\u00e9pression des manifestants<\/a> qui d\u00e9filent contre le r\u00e9gime de cette R\u00e9publique islamique proclam\u00e9e en 1979, se fait dans le sang avec de nombreux mort. L\u2019ONG Iran Human Rights \u00e9voquait, dimanche, la mort d\u2019au moins 192 manifestants mais le d\u00e9compte pourrait \u00eatre encore beaucoup plus sombre.<\/p>\n<p>  \u00ab\u00a0J\u2019ai \u00e9t\u00e9 contact\u00e9e par le gouvernement iranien\u00a0\u00bb<\/p>\n<p>\u00ab\u00a0J\u2019ai toujours de la famille en Iran mais je ne peux plus m\u2019y rendre de peur que mon passeport soit confisqu\u00e9 par les autorit\u00e9s en arrivant sur place\u00a0\u00bb, confie cette Iranienne mari\u00e9e \u00e0 un Nanc\u00e9ien et pr\u00e9sente dimanche sur les pav\u00e9s de la place Stanislas.<\/p>\n<p>\u00ab\u00a0Il est important que le monde sache ce qu\u2019il est en train de se passer car l\u00e0-bas, le peuple est priv\u00e9 de moyens de communication. Je n\u2019arrive plus \u00e0 joindre les miens depuis cinq jours\u00a0\u00bb, poursuit celle qui a exerc\u00e9 en Iran pendant 10 ans en tant que photographe. Par s\u00e9curit\u00e9, la jeune femme souhaite garder l\u2019anonymat et ne publie plus sur ses r\u00e9seaux sociaux. \u00ab\u00a0\u00c0 deux reprises, j\u2019ai \u00e9t\u00e9 contact\u00e9e par le gouvernement iranien pour me demander pourquoi je travaillais contre lui en postant des photos\u2026\u00a0\u00bb<\/p>\n<p>\u00c0 Nancy, \u00e0 plusieurs milliers de kilom\u00e8tres de T\u00e9h\u00e9ran, au pied du sapin de No\u00ebl, la crainte prenait corps derri\u00e8re des masques chirurgicaux, des pancartes ou encore un drapeau. Pas celui officiellement en vigueur dans le pays. Celui d\u2019avant la r\u00e9volution de 79, avec un lion au premier plan, un soleil et une couronne.<\/p>\n","protected":false},"excerpt":{"rendered":"Nos yeux vers l\u2019Iran. Le r\u00e9gime islamique a coup\u00e9 le r\u00e9seau t\u00e9l\u00e9phonique et internet.\u00a0\u00bb \u00ab\u00a0Internet coup\u00e9 =\u00a0libert\u00e9 vol\u00e9e.\u00a0\u00bb&hellip;\n","protected":false},"author":2,"featured_media":659142,"comment_status":"","ping_status":"","sticky":false,"template":"","format":"standard","meta":{"footnotes":""},"categories":[9635],"tags":[1111,11,271,3206,272,6084,1704,1777,674,274,1011,27,775,3457,1702,1703,12,316,25,104],"class_list":{"0":"post-659141","1":"post","2":"type-post","3":"status-publish","4":"format-standard","5":"has-post-thumbnail","7":"category-nancy","8":"tag-actu","9":"tag-actualites","10":"tag-crime","11":"tag-defense-guerre-conflit","12":"tag-delit-et-contravention","13":"tag-droit","14":"tag-edition-nancy-et-agglomeration","15":"tag-eu","16":"tag-europe","17":"tag-faits-divers-justice","18":"tag-fr","19":"tag-france","20":"tag-grand-est","21":"tag-meurthe-et-moselle","22":"tag-nancy","23":"tag-nancy-ville-54b","24":"tag-news","25":"tag-politique","26":"tag-republique-francaise","27":"tag-societe"},"share_on_mastodon":{"url":"https:\/\/pubeurope.com\/@fr\/115884070181754050","error":""},"_links":{"self":[{"href":"https:\/\/www.europesays.com\/fr\/wp-json\/wp\/v2\/posts\/659141","targetHints":{"allow":["GET"]}}],"collection":[{"href":"https:\/\/www.europesays.com\/fr\/wp-json\/wp\/v2\/posts"}],"about":[{"href":"https:\/\/www.europesays.com\/fr\/wp-json\/wp\/v2\/types\/post"}],"author":[{"embeddable":true,"href":"https:\/\/www.europesays.com\/fr\/wp-json\/wp\/v2\/users\/2"}],"replies":[{"embeddable":true,"href":"https:\/\/www.europesays.com\/fr\/wp-json\/wp\/v2\/comments?post=659141"}],"version-history":[{"count":0,"href":"https:\/\/www.europesays.com\/fr\/wp-json\/wp\/v2\/posts\/659141\/revisions"}],"wp:featuredmedia":[{"embeddable":true,"href":"https:\/\/www.europesays.com\/fr\/wp-json\/wp\/v2\/media\/659142"}],"wp:attachment":[{"href":"https:\/\/www.europesays.com\/fr\/wp-json\/wp\/v2\/media?parent=659141"}],"wp:term":[{"taxonomy":"category","embeddable":true,"href":"https:\/\/www.europesays.com\/fr\/wp-json\/wp\/v2\/categories?post=659141"},{"taxonomy":"post_tag","embeddable":true,"href":"https:\/\/www.europesays.com\/fr\/wp-json\/wp\/v2\/tags?post=659141"}],"curies":[{"name":"wp","href":"https:\/\/api.w.org\/{rel}","templated":true}]}}