{"id":65915,"date":"2025-05-01T03:07:09","date_gmt":"2025-05-01T03:07:09","guid":{"rendered":"https:\/\/www.europesays.com\/fr\/65915\/"},"modified":"2025-05-01T03:07:09","modified_gmt":"2025-05-01T03:07:09","slug":"libye-rwanda-ladministration-trump-cherche-activement-dautres-pays-pour-expulser-des-migrants","status":"publish","type":"post","link":"https:\/\/www.europesays.com\/fr\/65915\/","title":{"rendered":"Libye, Rwanda\u2026 L\u2019administration Trump cherche \u00ab\u00a0activement\u00a0\u00bb d\u2019autres pays pour expulser des migrants"},"content":{"rendered":"<p>Les <a href=\"https:\/\/www.20minutes.fr\/monde\/etats-unis\/\" target=\"_blank\" class=\"color-ultramarine c-link\" rel=\"noopener\">Etats-Unis<\/a> intensifient leurs efforts pour conclure des accords bilat\u00e9raux avec des pays \u00e9trangers capables d\u2019accueillir des migrants en situation irr\u00e9guli\u00e8re, y compris ceux ayant un casier judiciaire. Apr\u00e8s le <a href=\"https:\/\/www.20minutes.fr\/dossier\/salvador\" target=\"_blank\" class=\"color-ultramarine c-link\" rel=\"noopener\">Salvador<\/a>, le Rwanda et la Libye sont d\u00e9sormais identifi\u00e9s comme des destinations potentielles dans ce programme d\u2019<a href=\"https:\/\/www.20minutes.fr\/dossier\/expulsion\" target=\"_blank\" class=\"color-ultramarine c-link\" rel=\"noopener\">expulsions extraterritoriales<\/a>.<\/p>\n<p>Lors d\u2019une r\u00e9union \u00e0 la <a href=\"https:\/\/www.20minutes.fr\/dossier\/maison_blanche\" target=\"_blank\" class=\"color-ultramarine c-link\" rel=\"noopener\">Maison-Blanche<\/a>, le secr\u00e9taire d\u2019Etat <a href=\"https:\/\/www.20minutes.fr\/politique\/marco-rubio\/\" target=\"_blank\" class=\"color-ultramarine c-link\" rel=\"noopener\">Marco Rubio<\/a> a d\u00e9clar\u00e9\u00a0: \u00ab\u00a0Je le dis sans ambages, nous recherchons activement d\u2019autres pays pour accueillir les ressortissants de pays tiers. Et cela ne concerne pas seulement le Salvador.\u00a0\u00bb Il a \u00e9galement soulign\u00e9 que les Etats-Unis souhaitaient transf\u00e9rer des individus consid\u00e9r\u00e9s comme dangereux, afin de \u00ab\u00a0se d\u00e9barrasser d\u2019un tas de pervers, de p\u00e9dophiles et de violeurs d\u2019enfants\u00a0\u00bb.<\/p>\n<p>Discussions avec le Rwanda et la Libye<\/p>\n<p>Selon <a href=\"https:\/\/www.cnn.com\/2025\/04\/30\/politics\/migrants-libya-rwanda-trump\/index.html\" rel=\"nofollow noopener\" target=\"_blank\" class=\"color-ultramarine c-link\">CNN<\/a>, des discussions ont \u00e9t\u00e9 entam\u00e9es avec les autorit\u00e9s rwandaises pour \u00e9tablir un m\u00e9canisme permettant au pays d\u2019accueillir des migrants ayant purg\u00e9 leur peine aux Etats-Unis. Contrairement au Salvador, qui les incarc\u00e8re dans une prison de haute s\u00e9curit\u00e9 moyennant compensation financi\u00e8re, le <a href=\"https:\/\/www.20minutes.fr\/monde\/rwanda\/\" target=\"_blank\" class=\"color-ultramarine c-link\" rel=\"noopener\">Rwanda<\/a> proposerait un accueil en soci\u00e9t\u00e9, avec un soutien social incluant allocation et aide \u00e0 l\u2019emploi. Une premi\u00e8re expulsion vers Kigali aurait d\u00e9j\u00e0 eu lieu en mars, concernant un r\u00e9fugi\u00e9 irakien, Omar Abdulsattar Ameen, pr\u00e9sent\u00e9 comme un test.<\/p>\n<\/p>\n<p>Les n\u00e9gociations avec la <a href=\"https:\/\/www.20minutes.fr\/monde\/libye\/\" target=\"_blank\" class=\"color-ultramarine c-link\" rel=\"noopener\">Libye<\/a>, \u00e9galement en cours selon plusieurs sources cit\u00e9es par CNN, viseraient \u00e0 \u00e9tablir un accord de \u00ab\u00a0pays tiers s\u00fbr\u00a0\u00bb, permettant \u00e0 Washington d\u2019y transf\u00e9rer des demandeurs d\u2019asile intercept\u00e9s \u00e0 la fronti\u00e8re. Une option controvers\u00e9e, alors que l\u2019ONU et plusieurs <a href=\"https:\/\/www.20minutes.fr\/dossier\/ong\" target=\"_blank\" class=\"color-ultramarine c-link\" rel=\"noopener\">ONG<\/a> d\u00e9noncent de longue date les violations syst\u00e9matiques des droits des migrants dans le pays, allant des travaux forc\u00e9s aux violences sexuelles.<\/p>\n<p>\u00ab\u00a0Plus c\u2019est loin de l\u2019Am\u00e9rique, mieux c\u2019est\u00a0\u00bb<\/p>\n<p>Si aucun accord d\u00e9finitif n\u2019a encore \u00e9t\u00e9 conclu, ces man\u0153uvres s\u2019inscrivent dans la strat\u00e9gie souhait\u00e9e par Donald Trump pour tenir l\u2019une de ses principales promesses de campagne\u00a0: un programme massif d\u2019expulsion des migrants ill\u00e9gaux. Depuis son retour \u00e0 la Maison-Blanche en janvier, plus de 250 personnes suspect\u00e9es d\u2019appartenir \u00e0 des gangs ont d\u00e9j\u00e0 \u00e9t\u00e9 expuls\u00e9es vers le Salvador.<\/p>\n<p><a href=\"https:\/\/www.20minutes.fr\/monde\/etats-unis\/\" target=\"_blank\" class=\"c-link c-btn c-btn--primary\" rel=\"noopener\">Notre dossier sur les Etats-Unis<\/a><\/p>\n<p>Dans tous les cas, le message de l\u2019administration Trump est clair, comme l\u2019a r\u00e9sum\u00e9 Marco Rubio. \u00ab\u00a0Si vous voulez avoir de bonnes relations avec les Etats-Unis, vous devez reprendre vos ressortissants en situation irr\u00e9guli\u00e8re.\u00a0\u00bb Et d\u2019ajouter\u00a0: \u00ab\u00a0Plus c\u2019est loin de l\u2019Am\u00e9rique, mieux c\u2019est.\u00a0\u00bb<\/p>\n","protected":false},"excerpt":{"rendered":"Les Etats-Unis intensifient leurs efforts pour conclure des accords bilat\u00e9raux avec des pays \u00e9trangers capables d\u2019accueillir des migrants&hellip;\n","protected":false},"author":2,"featured_media":65916,"comment_status":"","ping_status":"","sticky":false,"template":"","format":"standard","meta":{"footnotes":""},"categories":[1589],"tags":[47,11,75,16606,73,1866,5219,6734,4367,78,1907,74,12,3521,15568,1864,1865,1863,308],"class_list":{"0":"post-65915","1":"post","2":"type-post","3":"status-publish","4":"format-standard","5":"has-post-thumbnail","7":"category-etats-unis","8":"tag-actualite","9":"tag-actualites","10":"tag-donald-trump","11":"tag-el-salvador","12":"tag-etats-unis","13":"tag-etats-unis-damerique","14":"tag-expulsion","15":"tag-immigration-clandestine","16":"tag-libye","17":"tag-maison-blanche","18":"tag-marco-rubio","19":"tag-monde","20":"tag-news","21":"tag-onu","22":"tag-rwanda","23":"tag-united-states","24":"tag-united-states-of-america","25":"tag-us","26":"tag-usa"},"share_on_mastodon":{"url":"https:\/\/pubeurope.com\/@fr\/114430374302709843","error":""},"_links":{"self":[{"href":"https:\/\/www.europesays.com\/fr\/wp-json\/wp\/v2\/posts\/65915","targetHints":{"allow":["GET"]}}],"collection":[{"href":"https:\/\/www.europesays.com\/fr\/wp-json\/wp\/v2\/posts"}],"about":[{"href":"https:\/\/www.europesays.com\/fr\/wp-json\/wp\/v2\/types\/post"}],"author":[{"embeddable":true,"href":"https:\/\/www.europesays.com\/fr\/wp-json\/wp\/v2\/users\/2"}],"replies":[{"embeddable":true,"href":"https:\/\/www.europesays.com\/fr\/wp-json\/wp\/v2\/comments?post=65915"}],"version-history":[{"count":0,"href":"https:\/\/www.europesays.com\/fr\/wp-json\/wp\/v2\/posts\/65915\/revisions"}],"wp:featuredmedia":[{"embeddable":true,"href":"https:\/\/www.europesays.com\/fr\/wp-json\/wp\/v2\/media\/65916"}],"wp:attachment":[{"href":"https:\/\/www.europesays.com\/fr\/wp-json\/wp\/v2\/media?parent=65915"}],"wp:term":[{"taxonomy":"category","embeddable":true,"href":"https:\/\/www.europesays.com\/fr\/wp-json\/wp\/v2\/categories?post=65915"},{"taxonomy":"post_tag","embeddable":true,"href":"https:\/\/www.europesays.com\/fr\/wp-json\/wp\/v2\/tags?post=65915"}],"curies":[{"name":"wp","href":"https:\/\/api.w.org\/{rel}","templated":true}]}}