{"id":659153,"date":"2026-01-12T20:47:09","date_gmt":"2026-01-12T20:47:09","guid":{"rendered":"https:\/\/www.europesays.com\/fr\/659153\/"},"modified":"2026-01-12T20:47:09","modified_gmt":"2026-01-12T20:47:09","slug":"le-samu-de-rouen-sequipe-dun-nouveau-dispositif-qui-va-contribuer-a-sauver-des-vies","status":"publish","type":"post","link":"https:\/\/www.europesays.com\/fr\/659153\/","title":{"rendered":"Le Samu de Rouen s&rsquo;\u00e9quipe d&rsquo;un nouveau dispositif qui va \u00ab contribuer \u00e0 sauver des vies \u00bb"},"content":{"rendered":"<p>                    Par<br \/>\n        <strong><br \/>\n            <a href=\"https:\/\/actu.fr\/auteur\/mathieu-charre\" title=\"Consulter tous les articles de Mathieu Charr\u00e9\" target=\"_blank\" rel=\"noopener\">Mathieu Charr\u00e9<\/a><br \/>\n                    <\/strong><\/p>\n<p>        Publi\u00e9 le<\/p>\n<p>            12 janv. 2026 \u00e0 20h08        <\/p>\n<p>Cela ressemble \u00e0 un gilet pare-balles, et \u00e7a peut aussi contribuer \u00e0 sauver des vies sur le terrain. Le <a href=\"https:\/\/actu.fr\/normandie\/rouen_76540\/en-images-decouvrez-le-nouveau-samu-de-rouen-deux-fois-plus-grand-que-l-ancien_52247836.html\" target=\"_blank\" rel=\"noopener\">Samu de Rouen<\/a> est d\u00e9sormais dot\u00e9 de <strong>neuf plastrons chauffants<\/strong>, un dispositif utilis\u00e9 en intervention pour <strong>limiter les risques d\u2019hypothermie<\/strong>.<\/p>\n<p>Un dispositif qui a d\u00e9j\u00e0 fait ses preuves<\/p>\n<p class=\" wall-content\">Chacun des neuf v\u00e9hicules du Samu de Rouen, y compris <a href=\"https:\/\/actu.fr\/normandie\/rouen_76540\/un-nouvel-helicoptere-plus-puissant-et-plus-autonome-pour-le-samu-de-rouen_43500163.html\" target=\"_blank\" rel=\"noopener\">leur h\u00e9licopt\u00e8re<\/a>, est \u00e9quip\u00e9. \u00ab\u2009L\u2019id\u00e9e c\u2019est soit d\u2019apporter un confort thermique, soit de lutter contre l\u2019hypothermie \u00bb, pr\u00e9cise C\u00e9dric Damm, directeur m\u00e9dical du Samu de Rouen. \u00ab\u2009Les patients polytraumatis\u00e9s, s\u2019ils sont en hypothermie, ont <strong>trois \u00e0 cinq fois plus de risques de d\u00e9c\u00e8s<\/strong>.\u2009\u00bb<\/p>\n<blockquote class=\"ac-article-quote wall-content\">\n<p>Comme beaucoup de dispositifs, il va contribuer \u00e0 sauver des vies. Et \u00e7a simplifie aussi nos interventions. Si le patient souffre moins, ne tremble pas, c&rsquo;est mieux pour tout le monde.<\/p>\n<p>    <strong>C\u00e9dric Damm<\/strong><br \/>\n        Directeur m\u00e9dical du Samu de Rouen    <\/p><\/blockquote>\n<p class=\" wall-content\">Ces gilets, couleur bleu marine avec une doublure orange, sont pourvus d\u2019une batterie rechargeable qui alimente des r\u00e9sistances et chauffe rapidement. Avec une autonomie de plusieurs heures \u00ab\u2009suffisante pour toute intervention\u2009\u00bb pr\u00e9cise C\u00e9dric Damm, qui l\u2019a d\u00e9j\u00e0 test\u00e9 sur le terrain.<\/p>\n<p class=\" wall-content\">\u00ab\u2009Je l\u2019ai utilis\u00e9 pour un homme qui faisait du motocross dans un chemin de for\u00eat, et s\u2019est fractur\u00e9 l\u2019\u00e9paule et l\u2019omoplate. On \u00e9tait loin de tout, il faisait froid. <strong>En 10 \u00e0 15\u00a0minutes il a arr\u00eat\u00e9 de frissonner<\/strong>, \u00e7a a beaucoup aid\u00e9 pour le transporter jusqu\u2019au v\u00e9hicule de pompiers.\u2009\u00bb<\/p>\n<p>Une acquisition sans co\u00fbt pour le Samu gr\u00e2ce au m\u00e9c\u00e9nat<\/p>\n<p class=\" wall-content\">Mis au point \u00e0 Brian\u00e7on, ces plastrons ont <strong>enti\u00e8rement \u00e9t\u00e9 financ\u00e9s par le m\u00e9c\u00e9nat<\/strong>, gr\u00e2ce \u00e0 une campagne de dons lanc\u00e9e par la fondation Charles-Nicolle. D\u2019un <strong>co\u00fbt unitaire compris entre\u00a02000 et\u00a03000 euros<\/strong>, ces plastrons n\u2019ont rien co\u00fbt\u00e9 au Samu gr\u00e2ce \u00e0 des m\u00e9c\u00e8nes vari\u00e9s, du Lions club Rouen Drakkar au Cr\u00e9dit Agricole en passant par des dons de particuliers.<\/p>\n<p class=\" wall-content\">\u00ab\u2009Le Samu nous a dit que certains \u2018ramassages\u2019 de patients sont difficiles, avec un risque d\u2019hypothermie qui peut compromettre les chances du patient\u2009\u00bb, raconte Pierre D\u00e9chelotte, pr\u00e9sident de la fondation. \u00ab\u2009<strong>En trois mois<\/strong>, on a mobilis\u00e9 des m\u00e9c\u00e8nes qui nous ont permis d\u2019acheter les neuf plastrons.\u2009\u00bb Et de faciliter la vie du Samu, comme de ses patients.<\/p>\n<p>Votre r\u00e9gion, votre actu !<\/p>\n<p>Recevez chaque jour les infos qui comptent pour vous.<\/p>\n<p>\t<a href=\"https:\/\/actu.fr\/newsletter\" class=\"ac-btn ac-btn--corner ac-btn--medium ac-btn--blue800\" target=\"_blank\" rel=\"noopener\">S&rsquo;incrire<\/a><br \/>\nSuivez l\u2019actualit\u00e9 de Rouen <a href=\"https:\/\/www.whatsapp.com\/channel\/0029VaKfnf99hXF2ddApFB1D\" target=\"_blank\" rel=\"noopener\">sur notre cha\u00eene WhatsApp<\/a> et <a href=\"https:\/\/www.tiktok.com\/@76actu.fr?lang=fr\" target=\"_blank\" rel=\"noopener\">sur notre compte TikTok<\/a><\/p>\n<p class=\" wall-content\">Personnalisez votre actualit\u00e9 en ajoutant vos villes et m\u00e9dias en favori avec <a href=\"https:\/\/moncompte.actu.fr\" title=\"D\u00e9couvez Mon Actu\" rel=\"nofollow noopener\" data-trk=\"{&quot;cta&quot;:{&quot;action&quot;:&quot;https:\\\/\\\/moncompte.actu.fr&quot;,&quot;category&quot;:&quot;mon compte&quot;,&quot;from&quot;:&quot;article footer&quot;,&quot;name&quot;:&quot;Mon actu&quot;,&quot;type&quot;:&quot;cta&quot;}}\" target=\"_blank\">Mon Actu<\/a>.<\/p>\n<p>                    <script async src=\"\/\/www.tiktok.com\/embed.js\"><\/script><\/p>\n","protected":false},"excerpt":{"rendered":"Par Mathieu Charr\u00e9 Publi\u00e9 le 12 janv. 2026 \u00e0 20h08 Cela ressemble \u00e0 un gilet pare-balles, et \u00e7a&hellip;\n","protected":false},"author":2,"featured_media":659154,"comment_status":"","ping_status":"","sticky":false,"template":"","format":"standard","meta":{"footnotes":""},"categories":[9587],"tags":[1111,11,9682,1777,674,1011,27,12,5161,25,9590,71,2631],"class_list":{"0":"post-659153","1":"post","2":"type-post","3":"status-publish","4":"format-standard","5":"has-post-thumbnail","7":"category-rouen","8":"tag-actu","9":"tag-actualites","10":"tag-chu-rouen","11":"tag-eu","12":"tag-europe","13":"tag-fr","14":"tag-france","15":"tag-news","16":"tag-normandie","17":"tag-republique-francaise","18":"tag-rouen","19":"tag-sante","20":"tag-sciences-technologie"},"share_on_mastodon":{"url":"https:\/\/pubeurope.com\/@fr\/115884093824156580","error":""},"_links":{"self":[{"href":"https:\/\/www.europesays.com\/fr\/wp-json\/wp\/v2\/posts\/659153","targetHints":{"allow":["GET"]}}],"collection":[{"href":"https:\/\/www.europesays.com\/fr\/wp-json\/wp\/v2\/posts"}],"about":[{"href":"https:\/\/www.europesays.com\/fr\/wp-json\/wp\/v2\/types\/post"}],"author":[{"embeddable":true,"href":"https:\/\/www.europesays.com\/fr\/wp-json\/wp\/v2\/users\/2"}],"replies":[{"embeddable":true,"href":"https:\/\/www.europesays.com\/fr\/wp-json\/wp\/v2\/comments?post=659153"}],"version-history":[{"count":0,"href":"https:\/\/www.europesays.com\/fr\/wp-json\/wp\/v2\/posts\/659153\/revisions"}],"wp:featuredmedia":[{"embeddable":true,"href":"https:\/\/www.europesays.com\/fr\/wp-json\/wp\/v2\/media\/659154"}],"wp:attachment":[{"href":"https:\/\/www.europesays.com\/fr\/wp-json\/wp\/v2\/media?parent=659153"}],"wp:term":[{"taxonomy":"category","embeddable":true,"href":"https:\/\/www.europesays.com\/fr\/wp-json\/wp\/v2\/categories?post=659153"},{"taxonomy":"post_tag","embeddable":true,"href":"https:\/\/www.europesays.com\/fr\/wp-json\/wp\/v2\/tags?post=659153"}],"curies":[{"name":"wp","href":"https:\/\/api.w.org\/{rel}","templated":true}]}}