{"id":659155,"date":"2026-01-12T20:48:17","date_gmt":"2026-01-12T20:48:17","guid":{"rendered":"https:\/\/www.europesays.com\/fr\/659155\/"},"modified":"2026-01-12T20:48:17","modified_gmt":"2026-01-12T20:48:17","slug":"un-gros-bouchon-se-forme-pres-de-rouen","status":"publish","type":"post","link":"https:\/\/www.europesays.com\/fr\/659155\/","title":{"rendered":"un gros bouchon se forme pr\u00e8s de Rouen"},"content":{"rendered":"<p>                    Par<br \/>\n        <strong><br \/>\n            <a href=\"https:\/\/actu.fr\/auteur\/aurelien-delavaud\" title=\"Consulter tous les articles de Aur\u00e9lien Delavaud\" target=\"_blank\" rel=\"noopener\">Aur\u00e9lien Delavaud<\/a><br \/>\n                    <\/strong><\/p>\n<p>        Publi\u00e9 le<\/p>\n<p>            12 janv. 2026 \u00e0 17h12        <\/p>\n<p>Il faut prendre son mal en patience, pour les automobilistes qui empruntent l\u2019<b>autoroute A13<\/b> ce lundi 12\u00a0janvier 2026.<\/p>\n<p class=\" wall-content\">En fin d\u2019apr\u00e8s-midi, de <b>gros ralentissements<\/b> sont signal\u00e9s en provenance de Caen, en direction de Rouen ou de Paris, aux portes de l\u2019agglom\u00e9ration d\u2019<a href=\"https:\/\/actu.fr\/normandie\/elbeuf_76231\" target=\"_blank\" rel=\"noopener\">Elbeuf (Seine-Maritime)<\/a>. <b>Deux accidents<\/b> sont en cause.<\/p>\n<p>Plus de six kilom\u00e8tres de bouchons<\/p>\n<p class=\" wall-content\">Selon des t\u00e9moins, deux accidents se sont produits \u00e0 quelques centaines de m\u00e8tres l\u2019un de l\u2019autre\u2009: le premier dans le secteur du ch\u00e2teau de Robert-le-Diable, au niveau de la commune de Moulineaux, et le second un petit peu avant en arrivant depuis l\u2019Eure.<\/p>\n<p class=\" wall-content\">\u00c0 cause de ces deux accidents, la circulation est fortement impact\u00e9e. \u00c0 17\u2009h, Bison fut\u00e9 enregistrait d\u00e9j\u00e0 environ <b>6,5 kilom\u00e8tres de bouchons<\/b>, jusque dans l\u2019Eure.<\/p>\n<p class=\" wall-content\">Personnalisez votre actualit\u00e9 en ajoutant vos villes et m\u00e9dias en favori avec <a href=\"https:\/\/moncompte.actu.fr\" title=\"D\u00e9couvez Mon Actu\" rel=\"nofollow noopener\" data-trk=\"{&quot;cta&quot;:{&quot;action&quot;:&quot;https:\\\/\\\/moncompte.actu.fr&quot;,&quot;category&quot;:&quot;mon compte&quot;,&quot;from&quot;:&quot;article footer&quot;,&quot;name&quot;:&quot;Mon actu&quot;,&quot;type&quot;:&quot;cta&quot;}}\" target=\"_blank\">Mon Actu<\/a>.<\/p>\n","protected":false},"excerpt":{"rendered":"Par Aur\u00e9lien Delavaud Publi\u00e9 le 12 janv. 2026 \u00e0 17h12 Il faut prendre son mal en patience, pour&hellip;\n","protected":false},"author":2,"featured_media":659156,"comment_status":"","ping_status":"","sticky":false,"template":"","format":"standard","meta":{"footnotes":""},"categories":[9587],"tags":[119,1111,11,12725,1777,674,118,1011,27,12,5161,25,9590],"class_list":{"0":"post-659155","1":"post","2":"type-post","3":"status-publish","4":"format-standard","5":"has-post-thumbnail","7":"category-rouen","8":"tag-accident","9":"tag-actu","10":"tag-actualites","11":"tag-autoroute-13-a13","12":"tag-eu","13":"tag-europe","14":"tag-faits-divers","15":"tag-fr","16":"tag-france","17":"tag-news","18":"tag-normandie","19":"tag-republique-francaise","20":"tag-rouen"},"share_on_mastodon":{"url":"https:\/\/pubeurope.com\/@fr\/115884097818518840","error":""},"_links":{"self":[{"href":"https:\/\/www.europesays.com\/fr\/wp-json\/wp\/v2\/posts\/659155","targetHints":{"allow":["GET"]}}],"collection":[{"href":"https:\/\/www.europesays.com\/fr\/wp-json\/wp\/v2\/posts"}],"about":[{"href":"https:\/\/www.europesays.com\/fr\/wp-json\/wp\/v2\/types\/post"}],"author":[{"embeddable":true,"href":"https:\/\/www.europesays.com\/fr\/wp-json\/wp\/v2\/users\/2"}],"replies":[{"embeddable":true,"href":"https:\/\/www.europesays.com\/fr\/wp-json\/wp\/v2\/comments?post=659155"}],"version-history":[{"count":0,"href":"https:\/\/www.europesays.com\/fr\/wp-json\/wp\/v2\/posts\/659155\/revisions"}],"wp:featuredmedia":[{"embeddable":true,"href":"https:\/\/www.europesays.com\/fr\/wp-json\/wp\/v2\/media\/659156"}],"wp:attachment":[{"href":"https:\/\/www.europesays.com\/fr\/wp-json\/wp\/v2\/media?parent=659155"}],"wp:term":[{"taxonomy":"category","embeddable":true,"href":"https:\/\/www.europesays.com\/fr\/wp-json\/wp\/v2\/categories?post=659155"},{"taxonomy":"post_tag","embeddable":true,"href":"https:\/\/www.europesays.com\/fr\/wp-json\/wp\/v2\/tags?post=659155"}],"curies":[{"name":"wp","href":"https:\/\/api.w.org\/{rel}","templated":true}]}}