{"id":659164,"date":"2026-01-12T20:53:11","date_gmt":"2026-01-12T20:53:11","guid":{"rendered":"https:\/\/www.europesays.com\/fr\/659164\/"},"modified":"2026-01-12T20:53:11","modified_gmt":"2026-01-12T20:53:11","slug":"municipales-2026-a-strasbourg-vetter-affiche-ses-colistiers-et-annonce-quil-ne-se-ralliera-a-personne-au-second-tour","status":"publish","type":"post","link":"https:\/\/www.europesays.com\/fr\/659164\/","title":{"rendered":"Municipales 2026. \u00c0 Strasbourg, Vetter affiche ses colistiers et annonce qu\u2019il ne se ralliera \u00e0 personne au second tour"},"content":{"rendered":"<p>Depuis le d\u00e9but de sa campagne, <a href=\"https:\/\/www.dna.fr\/p\/jean-philippe-vetter\" target=\"_blank\" rel=\"noopener\">Jean-Philippe Vetter<\/a> mart\u00e8le que \u00ab\u00a0(s)a porte reste grand ouverte\u00a0\u00bb au <a href=\"https:\/\/www.dna.fr\/elections\/2025\/09\/24\/jean-philippe-vetter-(lr)-veut-amplifier-sa-dynamique-de-rassemblement\" target=\"_blank\" rel=\"noopener\">rassemblement \u00ab\u00a0sans contraintes partisanes\u00a0\u00bb<\/a>. Strasbourg, dit-il, \u00ab\u00a0m\u00e9rite mieux que des postures\u00a0\u00bb. Mais que l\u2019on ne s\u2019y trompe pas, il n\u2019est pas question d\u2019une \u00e9ventuelle \u00ab\u00a0union des droites avec l\u2019extr\u00eame droite\u00a0\u00bb comme le promeut une partie de la droite au national. \u00ab\u00a0Je suis absolument contre, c\u2019est notre ligne rouge, comme l\u2019union de la gauche avec l\u2019extr\u00eame gauche, ce n\u2019est pas conforme \u00e0 l\u2019histoire de Strasbourg et \u00e0 son humanisme rh\u00e9nan\u00a0\u00bb, appuie l\u2019\u00e9lu municipal sortant des R\u00e9publicains.<\/p>\n<p>Son ouverture, comme en t\u00e9moigne la trentaine de personnalit\u00e9s qui le soutiennent, il la pratique de la droite r\u00e9publicaine jusqu\u2019\u00e0 la social-d\u00e9mocratie. Si l\u2019on y trouve des membres de son parti d\u2019origine LR ou apparent\u00e9s (Pascal Mangin, Jean-Philippe Maurer, <a href=\"https:\/\/www.dna.fr\/p\/elsa-schalck\" target=\"_blank\" rel=\"noopener\">Elsa Schalck<\/a>, Ir\u00e8ne Weiss et Isabelle Meyer). Il y a aussi des \u00e9lus sortants de la CEA ou de la r\u00e9gion Grand Est au profil centriste (Pascale Jurdant-Pfeiffer, Anne Reymann, Anne Tenenbaum, Gabrielle Rosner-Bloch) ou sociod\u00e9mocrate, comme Laurine Roux, pr\u00e9sidente du Parti Radical, et <a href=\"https:\/\/www.dna.fr\/elections\/2025\/09\/20\/nicolas-matt-(renaissance)-se-range-derriere-jean-philippe-vetter-(lr)-a-strasbourg\" target=\"_blank\" rel=\"noopener\">Nicolas Matt (ex-Renaissance)<\/a>.<\/p>\n<p>  Des \u00ab experts \u00bb de la soci\u00e9t\u00e9 civile<\/p>\n<p>Ancien adjoint de Roland Ries, ce dernier est accompagn\u00e9 dans sa d\u00e9marche de ralliement par Jean-Fran\u00e7ois Lanneluc. Ex-directeur de cabinet du pr\u00e9c\u00e9dent maire socialiste de Strasbourg, devenu Renaissance \u00e0 la fin de son mandat, ce dernier conna\u00eet bien les circuits politiques, tout comme les arcanes du centre administratif. S\u2019il pr\u00e9cise qu\u2019il ne figurera pas sur la liste, il codirige en revanche la campagne avec Ir\u00e8ne Weiss.<\/p>\n<p>Autres soutiens de poids, Fran\u00e7ois Bouchard, ancien directeur des services de la Ville, puis de la R\u00e9gion et du Grand Est, ou encore Alain Renck, expert dans le monde de l\u2019entreprise, et \u00c9ric Fullenwarth, ex-directeur g\u00e9n\u00e9ral de la Sers. Tout comme une quinzaine de membres de son r\u00e9seau d\u2019experts \u2013 appel\u00e9 le XV de Strasbourg &#8211; en leur domaine comme Yamina Grosjean (d\u00e9mocratie locale), Bertrand Gillig (culture) ou Jos\u00e9 Arroyo (pr\u00e9sident de la f\u00e9d\u00e9ration des boulangers du Bas-Rhin).<\/p>\n<p>  Le rassemblement avant le premier tour<\/p>\n<p>Cette ouverture qu\u2019il revendique, Jean-Philippe Vetter l\u2019applique aussi \u00e0 <a href=\"https:\/\/www.dna.fr\/p\/pierre-jakubowicz\" target=\"_blank\" rel=\"noopener\">Pierre Jakubowicz<\/a> &#8211; l\u2019\u00e9lu Horizons n\u2019a pas r\u00e9pondu \u00e0 sa main tendue (ayant affich\u00e9 ses soutiens de son c\u00f4t\u00e9). Mais ce rassemblement s\u2019arr\u00eatera au premier tour\u00a0: \u00ab\u00a0La liste que vous verrez sera aussi celle du second tour\u00a0\u00bb. Autrement dit\u00a0: \u00ab\u00a0Il n\u2019y aura pas d\u2019accord de coalition de circonstance au second tour\u00a0\u00bb, annonce le candidat, contrairement au sc\u00e9nario de 2020 &#8211; <a href=\"https:\/\/www.dna.fr\/politique\/2020\/06\/05\/la-liste-fontanel-vetter-passee-au-crible\" target=\"_blank\" rel=\"noopener\">o\u00f9 il avait fusionn\u00e9<\/a> au second tour avec la liste du macroniste Alain Fontanel.<\/p>\n<p>L\u2019\u00e9lu LR revendique cette fois-ci \u00ab\u00a0un projet d\u2019ouverture, de clart\u00e9, de sinc\u00e9rit\u00e9 et de conviction\u00a0\u00bb, sans arrangement \u00ab\u00a0avec des amis de circonstance au dernier moment\u00a0\u00bb.<\/p>\n","protected":false},"excerpt":{"rendered":"Depuis le d\u00e9but de sa campagne, Jean-Philippe Vetter mart\u00e8le que \u00ab\u00a0(s)a porte reste grand ouverte\u00a0\u00bb au rassemblement \u00ab\u00a0sans&hellip;\n","protected":false},"author":2,"featured_media":659165,"comment_status":"","ping_status":"","sticky":false,"template":"","format":"standard","meta":{"footnotes":""},"categories":[2820],"tags":[1111,11,1984,2880,5949,4188,1777,674,107,1011,27,775,6319,12,316,25,640,2879],"class_list":{"0":"post-659164","1":"post","2":"type-post","3":"status-publish","4":"format-standard","5":"has-post-thumbnail","7":"category-strasbourg","8":"tag-actu","9":"tag-actualites","10":"tag-conseil-municipal","11":"tag-edition-strasbourg","12":"tag-elections","13":"tag-elections-municipales","14":"tag-eu","15":"tag-europe","16":"tag-fil-info","17":"tag-fr","18":"tag-france","19":"tag-grand-est","20":"tag-les-republicains","21":"tag-news","22":"tag-politique","23":"tag-republique-francaise","24":"tag-strasbourg","25":"tag-strasbourg-ville"},"share_on_mastodon":{"url":"https:\/\/pubeurope.com\/@fr\/115884117545877727","error":""},"_links":{"self":[{"href":"https:\/\/www.europesays.com\/fr\/wp-json\/wp\/v2\/posts\/659164","targetHints":{"allow":["GET"]}}],"collection":[{"href":"https:\/\/www.europesays.com\/fr\/wp-json\/wp\/v2\/posts"}],"about":[{"href":"https:\/\/www.europesays.com\/fr\/wp-json\/wp\/v2\/types\/post"}],"author":[{"embeddable":true,"href":"https:\/\/www.europesays.com\/fr\/wp-json\/wp\/v2\/users\/2"}],"replies":[{"embeddable":true,"href":"https:\/\/www.europesays.com\/fr\/wp-json\/wp\/v2\/comments?post=659164"}],"version-history":[{"count":0,"href":"https:\/\/www.europesays.com\/fr\/wp-json\/wp\/v2\/posts\/659164\/revisions"}],"wp:featuredmedia":[{"embeddable":true,"href":"https:\/\/www.europesays.com\/fr\/wp-json\/wp\/v2\/media\/659165"}],"wp:attachment":[{"href":"https:\/\/www.europesays.com\/fr\/wp-json\/wp\/v2\/media?parent=659164"}],"wp:term":[{"taxonomy":"category","embeddable":true,"href":"https:\/\/www.europesays.com\/fr\/wp-json\/wp\/v2\/categories?post=659164"},{"taxonomy":"post_tag","embeddable":true,"href":"https:\/\/www.europesays.com\/fr\/wp-json\/wp\/v2\/tags?post=659164"}],"curies":[{"name":"wp","href":"https:\/\/api.w.org\/{rel}","templated":true}]}}