{"id":659187,"date":"2026-01-12T21:05:10","date_gmt":"2026-01-12T21:05:10","guid":{"rendered":"https:\/\/www.europesays.com\/fr\/659187\/"},"modified":"2026-01-12T21:05:10","modified_gmt":"2026-01-12T21:05:10","slug":"la-musique-pour-tous-au-makeda","status":"publish","type":"post","link":"https:\/\/www.europesays.com\/fr\/659187\/","title":{"rendered":"la musique pour tous au Makeda"},"content":{"rendered":"<p>Fond\u00e9 en\u00a02019, apr\u00e8s 27\u00a0ans pass\u00e9s sous le nom de Poste \u00e0 Gal\u00e8ne, le Makeda ouvrait rue Ferrari (5e), plac\u00e9 sous les auspices des <a href=\"https:\/\/laprovence.com\/article\/sorties-loisirs\/5369234\/marseille-culture-le-poste-a-galene-devient-le-makeda.html\" target=\"_blank\" rel=\"noopener\">Nubians<\/a>, deux s\u0153urs ensorcelantes r\u00e9v\u00e9l\u00e9es en\u00a01998 avec leur album Princesses Nubiennes. C\u2019est \u00e0 elles que la salle de concerts de 300 places doit son nom. Sept ans plus tard, les Nubians, d\u00e9sormais exil\u00e9es aux \u00c9tats-Unis, \u00e9taient \u00e0 nouveau au Makeda, il y a quelques jours, pour lancer la nouvelle saison. En amont de leur concert, alors qu\u2019elles sont en tourn\u00e9e \u00e0 l\u2019occasion de la r\u00e9\u00e9dition de leurs deux premiers albums, H\u00e9l\u00e8ne et C\u00e9lia Faussart revenaient sur cette histoire incroyable entre leur chanson et la demande d\u2019Aude et Francine d\u2019appeler leur lieu, le Makeda (signifiant \u00ab\u00a0reine de Saba\u00a0\u00bb). \u00ab\u00a0Elles ne savaient pas que cette chanson Makeda avait \u00e9t\u00e9 \u00e9crite \u00e0 Marseille dans le studio de Mounir \u00e0 la cit\u00e9 des Micocouliers. De voir que deux jeunes femmes d\u00e9cidaient de reprendre un lieu vivant \u00e0 Marseille, le lien \u00e9tait d\u2019autant plus fort\u00a0\u00bb, se rem\u00e9morent-elles.<\/p>\n<p>Un nouveau syst\u00e8me de sonorisation<\/p>\n<p>L\u2019an dernier, Aude a quitt\u00e9 l\u2019aventure. Francine Bonnot Ouedraogo poursuit la mission d\u2019un espace bas\u00e9 sur \u00ab\u00a0la diversit\u00e9, l\u2019inclusion, la bienveillance\u00a0\u00bb. Mais pour cela, elle s\u2019est entour\u00e9e d\u2019une nouvelle \u00e9quipe, alors que 2026 s\u2019annonce \u00eatre l\u2019ann\u00e9e de \u00ab\u00a0la maturit\u00e9, du tournant\u00a0\u00bb, un moment cl\u00e9. \u00ab\u00a0On a repens\u00e9 la trajectoire, renforc\u00e9 l\u2019\u00e9quipe, clarifi\u00e9 le projet\u00a0\u00bb, explique la directrice d\u2019un lieu qui compte dans le paysage musical marseillais. En\u00a02025, le Makeda a accueilli 209 \u00e9v\u00e9nements dont 86 concerts, 100 DJ sets, 8 dates hors les murs\u2026 Outre l\u2019\u00e9quipe, l\u2019autre grand changement de\u00a02026 est la mise en place d\u2019un nouveau syst\u00e8me de sonorisation courant janvier. Le r\u00e9gisseur Romain Court explique que le Makeda a fait appel \u00e0 Pikip Solar Speakers, \u00ab\u00a0une structure locale qui travaille sur la sobri\u00e9t\u00e9 \u00e9nerg\u00e9tique\u00a0\u00bb.<\/p>\n<p>Le projet culturel du Makeda reste, lui, port\u00e9 par l\u2019association Orizon Sud, \u00e0 l\u2019origine du tremplin du m\u00eame nom dont l\u2019appel \u00e0 candidatures est en cours jusqu\u2019au 22\u00a0janvier\u00a0: les demi-finales auront lieu les 7 et 8\u00a0avril au Makeda, et la finale le 7\u00a0mai \u00e0 l\u2019Espace Julien. Il conserve ses fondamentaux dont un ancrage dans le territoire. Outre le fait que le Makeda fait partie de la <a href=\"https:\/\/www.laprovence.com\/article\/culture-loisirs\/61920859148877\/reves-et-travaux-pour-lespace-julien-et-ses-lieux-satellites-a-marseille\" target=\"_blank\" rel=\"noopener\">Responsabilit\u00e9 des R\u00eaves (RDR) &#8211; asso qui r\u00e9unit 4 lieux, avec la Meson, le th\u00e9\u00e2tre de l\u2019\u0152uvre et l\u2019Espace Julien, plac\u00e9e sous l\u2019\u00e9gide de Grand Bonheur &#8211;<\/a>, il re\u00e7oit des festivals\u00a0: Avec le temps, Babel Music XP, la Nuit des Griots\u2026 Il est surtout un lieu o\u00f9 \u00e9couter de la musique et danser, \u00ab\u00a0dans tous les styles, \u00e0 des prix accessibles, le Makeda c\u2019est pour tout le monde\u00a0\u00bb, affirme Perrine Ka\u00efk, responsable de la communication.<\/p>\n<p>Une semaine anniversaire en mars<\/p>\n<p>C\u00f4t\u00e9 concerts, parmi les temps forts du premier trimestre, le programmateur Kevin Escales cite\u00a0: la pop urbaine du Franco-malgache Randjess (le 29\u00a0janvier), le n\u00e9o-punk MDNS (le 5\u00a0f\u00e9vrier), le duo de frangins venus d\u2019Alger Djam &amp; Timoh avec leur ra\u00ef en fusion (le 6\u00a0f\u00e9vrier), la pop sensible de Sans Lactose (le 14\u00a0mars)\u2026 Dans le cadre de la RDR, le Makeda accueille la soir\u00e9e rock de Tessina et Micro-Ondes (le 28\u00a0janvier), le rap de Sopico (le 13\u00a0f\u00e9vrier) et de Kerou\u00e9 (le 18\u00a0f\u00e9vrier), mais aussi le jazz-\u00e9lectro nimb\u00e9 de chants \u00e9thiopiens de Kutu (le 7\u00a0mars). Une date qui s\u2019inscrit dans la semaine anniversaire du 5 au 8\u00a0mars, avec Marcia, petite-fille de Jacques Higelin (le 5), le rap carib\u00e9en de l\u2019Espagnole Lapili (le 6) et la voix engag\u00e9e de la Br\u00e9silienne Bia Ferreira (le 8). Nombreuses seront enfin les occasions de danser au Makeda\u00a0: lors du Showk\u00e9 Club confi\u00e9 \u00e0 Toopiti du collectif Maraboutage (le 15\u00a0janvier), la Vogue Night inspir\u00e9e de la culture ballroom (le 11\u00a0f\u00e9vrier), le Cabara\u00ef (cabaret ra\u00ef queer)\u2026 sans oublier Musique de f\u00eate, Boogie Nights, Soul Train, Dancehall Nation, La Boum du samedi, Nostalgie G\u00e9n\u00e9ration 80 et Say My Name.<\/p>\n<p>103 rue Ferrari (5e). lemakeda.com<\/p>\n","protected":false},"excerpt":{"rendered":"Fond\u00e9 en\u00a02019, apr\u00e8s 27\u00a0ans pass\u00e9s sous le nom de Poste \u00e0 Gal\u00e8ne, le Makeda ouvrait rue Ferrari (5e),&hellip;\n","protected":false},"author":2,"featured_media":659188,"comment_status":"","ping_status":"","sticky":false,"template":"","format":"standard","meta":{"footnotes":""},"categories":[2814],"tags":[5734,1111,11,5244,4156,251,1777,674,1011,27,76116,884,873,12,471,882,25,16335,3387],"class_list":{"0":"post-659187","1":"post","2":"type-post","3":"status-publish","4":"format-standard","5":"has-post-thumbnail","7":"category-marseille","8":"tag-5734","9":"tag-actu","10":"tag-actualites","11":"tag-club","12":"tag-concerts","13":"tag-culture","14":"tag-eu","15":"tag-europe","16":"tag-fr","17":"tag-france","18":"tag-makeda","19":"tag-marseille","20":"tag-musique","21":"tag-news","22":"tag-pour","23":"tag-provence-alpes-cote-dazur","24":"tag-republique-francaise","25":"tag-soirees","26":"tag-tous"},"share_on_mastodon":{"url":"https:\/\/pubeurope.com\/@fr\/115884164959945974","error":""},"_links":{"self":[{"href":"https:\/\/www.europesays.com\/fr\/wp-json\/wp\/v2\/posts\/659187","targetHints":{"allow":["GET"]}}],"collection":[{"href":"https:\/\/www.europesays.com\/fr\/wp-json\/wp\/v2\/posts"}],"about":[{"href":"https:\/\/www.europesays.com\/fr\/wp-json\/wp\/v2\/types\/post"}],"author":[{"embeddable":true,"href":"https:\/\/www.europesays.com\/fr\/wp-json\/wp\/v2\/users\/2"}],"replies":[{"embeddable":true,"href":"https:\/\/www.europesays.com\/fr\/wp-json\/wp\/v2\/comments?post=659187"}],"version-history":[{"count":0,"href":"https:\/\/www.europesays.com\/fr\/wp-json\/wp\/v2\/posts\/659187\/revisions"}],"wp:featuredmedia":[{"embeddable":true,"href":"https:\/\/www.europesays.com\/fr\/wp-json\/wp\/v2\/media\/659188"}],"wp:attachment":[{"href":"https:\/\/www.europesays.com\/fr\/wp-json\/wp\/v2\/media?parent=659187"}],"wp:term":[{"taxonomy":"category","embeddable":true,"href":"https:\/\/www.europesays.com\/fr\/wp-json\/wp\/v2\/categories?post=659187"},{"taxonomy":"post_tag","embeddable":true,"href":"https:\/\/www.europesays.com\/fr\/wp-json\/wp\/v2\/tags?post=659187"}],"curies":[{"name":"wp","href":"https:\/\/api.w.org\/{rel}","templated":true}]}}