{"id":659191,"date":"2026-01-12T21:07:14","date_gmt":"2026-01-12T21:07:14","guid":{"rendered":"https:\/\/www.europesays.com\/fr\/659191\/"},"modified":"2026-01-12T21:07:14","modified_gmt":"2026-01-12T21:07:14","slug":"pres-de-lyon-un-arbre-hommage-a-ilan-halimi-attaque-a-la-scie-un-acte-indigne","status":"publish","type":"post","link":"https:\/\/www.europesays.com\/fr\/659191\/","title":{"rendered":"Pr\u00e8s de Lyon. Un arbre hommage \u00e0 Ilan Halimi attaqu\u00e9 \u00e0 la scie, \u00ab\u00a0un acte indigne\u00a0\u00bb"},"content":{"rendered":"<p>                    Par<br \/>\n        <strong><br \/>\n            <a href=\"https:\/\/actu.fr\/auteur\/redaction-lyon\" title=\"Consulter tous les articles de R\u00e9daction Lyon\" target=\"_blank\" rel=\"noopener\">R\u00e9daction Lyon<\/a><br \/>\n                    <\/strong><\/p>\n<p>        Publi\u00e9 le<\/p>\n<p>            12 janv. 2026 \u00e0 18h21        <\/p>\n<p>\u00ab\u00a0Les services de la Ville de Saint-Genis-Laval ont constat\u00e9 <strong>avec effroi<\/strong> ce matin que l\u2019olivier plant\u00e9 le 3 septembre 2025 dans le parc de la Villa Chapuis, en m\u00e9moire d\u2019<a href=\"https:\/\/actu.fr\/ile-de-france\/bagneux_92007\/hauts-de-seine-il-y-a-15-ans-ilan-halimi-etait-enleve-et-sequestre-par-le-gang-des-barbares_38852159.html\" target=\"_blank\" rel=\"noopener\">Ilan Halimi<\/a>, avait \u00e9t\u00e9 <strong>en partie sci\u00e9<\/strong> dans la nuit de samedi \u00e0 dimanche\u00a0\u00bb, a indiqu\u00e9 la maire Maryl\u00e8ne Millet sur le compte Facebook de cette commune de la banlieue proche de <a href=\"https:\/\/actu.fr\/auvergne-rhone-alpes\/lyon_69123\" target=\"_blank\" rel=\"noopener\">Lyon<\/a>.<\/p>\n<p>\u00ab\u00a0Un acte indigne\u00a0\u00bb<\/p>\n<p class=\" wall-content\">\u00ab\u00a0Cet acte indigne, qui vise un symbole de m\u00e9moire, de lutte contre l\u2019antis\u00e9mitisme, de paix et de fraternit\u00e9, constitue une atteinte grave aux valeurs de la R\u00e9publique\u00a0\u00bb, ajoute l\u2019\u00e9lue.\u00a0<br \/>\u00ab\u00a0Si l\u2019arbre a \u00e9t\u00e9 gravement mutil\u00e9, il n\u2019est \u00e0 ce stade pas menac\u00e9\u00a0\u00bb, pr\u00e9cise-t-elle, assurant qu\u2019<strong>un nouvel olivier sera plant\u00e9<\/strong>.<\/p>\n<p class=\" wall-content\">\n<p class=\" wall-content\">\u00ab\u00a0Nous retrouverons les coupables\u00a0\u00bb, a promis le ministre de l\u2019Int\u00e9rieur Laurent Nu\u00f1ez sur X. \u00ab\u00a0Notre indignation est collective, notre d\u00e9termination sans faille \u00e0 lutter contre les actes antis\u00e9mites, antireligieux, qui salissent aujourd\u2019hui la m\u00e9moire d\u2019un innocent\u00a0\u00bb, a-t-il r\u00e9agi.<\/p>\n<p class=\" wall-content\">La pr\u00e9f\u00e8te de r\u00e9gion Fabienne Buccio a d\u00e9nonc\u00e9, \u00e9galement sur X, un \u00ab\u00a0acte de haine qui est abject\u00a0\u00bb et annonc\u00e9 l\u2019ouverture d\u2019une enqu\u00eate par les gendarmes.<\/p>\n<p>Un pr\u00e9c\u00e9dent en r\u00e9gion parisienne<\/p>\n<p class=\" wall-content\">En ao\u00fbt 2025, un arbre en m\u00e9moire d\u2019Ilan Halimi avait \u00e9t\u00e9 abattu \u00e0 \u00c9pinay-sur-Seine (Seine-Saint-Denis). <a href=\"https:\/\/actu.fr\/ile-de-france\/epinay-sur-seine_93031\/on-voulait-verifier-la-tronconneuse-deux-freres-condamnes-pour-l-abattage-de-l-olivier-pour-ilan-halimi_63342060.html\" target=\"_blank\" rel=\"noopener\">Deux fr\u00e8res avaient \u00e9t\u00e9 condamn\u00e9s<\/a>, l\u2019un \u00e0 huit mois de prison ferme, l\u2019autre \u00e0 huit mois de prison avec sursis, mais le tribunal n\u2019avait pas reconnu le caract\u00e8re antis\u00e9mite de leur acte, estimant qu\u2019il n\u2019y avait pas assez d\u2019\u00e9l\u00e9ments permettant d\u2019\u00e9tablir qu\u2019ils savaient que ce monument avait \u00e9t\u00e9 \u00e9rig\u00e9 en m\u00e9moire \u00e0 Ilan Halimi.<\/p>\n<p class=\" wall-content\">Le parquet a fait appel du jugement. Ilan Halimi, 23 ans, avait \u00e9t\u00e9 enlev\u00e9, s\u00e9questr\u00e9 et tortur\u00e9 en janvier 2006 par une vingtaine de personnes qui se faisaient appeler \u00ab\u00a0le gang des barbares\u00a0\u00bb.<\/p>\n<p>Votre r\u00e9gion, votre actu !<\/p>\n<p>Recevez chaque jour les infos qui comptent pour vous.<\/p>\n<p>\t<a href=\"https:\/\/actu.fr\/newsletter\" class=\"ac-btn ac-btn--corner ac-btn--medium ac-btn--blue800\" target=\"_blank\" rel=\"noopener\">S&rsquo;incrire<\/a><\/p>\n<p class=\" wall-content\">D\u00e9couvert nu, b\u00e2illonn\u00e9, menott\u00e9 et portant des traces de tortures et de br\u00fblures, \u00e0 Sainte-Genevi\u00e8ve-des-Bois, dans l\u2019Essonne, le jeune homme \u00e9tait mort pendant son transfert \u00e0 l\u2019h\u00f4pital un peu moins d\u2019un mois plus tard.<\/p>\n<p class=\" wall-content\">AFP.<\/p>\n<p class=\" wall-content\">Personnalisez votre actualit\u00e9 en ajoutant vos villes et m\u00e9dias en favori avec <a href=\"https:\/\/moncompte.actu.fr\" title=\"D\u00e9couvez Mon Actu\" rel=\"nofollow noopener\" data-trk=\"{&quot;cta&quot;:{&quot;action&quot;:&quot;https:\\\/\\\/moncompte.actu.fr&quot;,&quot;category&quot;:&quot;mon compte&quot;,&quot;from&quot;:&quot;article footer&quot;,&quot;name&quot;:&quot;Mon actu&quot;,&quot;type&quot;:&quot;cta&quot;}}\" target=\"_blank\">Mon Actu<\/a>.<\/p>\n","protected":false},"excerpt":{"rendered":"Par R\u00e9daction Lyon Publi\u00e9 le 12 janv. 2026 \u00e0 18h21 \u00ab\u00a0Les services de la Ville de Saint-Genis-Laval ont&hellip;\n","protected":false},"author":2,"featured_media":659192,"comment_status":"","ping_status":"","sticky":false,"template":"","format":"standard","meta":{"footnotes":""},"categories":[1889],"tags":[1111,11,6155,2430,1777,674,1011,27,2428,12,316,25],"class_list":{"0":"post-659191","1":"post","2":"type-post","3":"status-publish","4":"format-standard","5":"has-post-thumbnail","7":"category-lyon","8":"tag-actu","9":"tag-actualites","10":"tag-antisemitisme","11":"tag-auvergne-rhone-alpes","12":"tag-eu","13":"tag-europe","14":"tag-fr","15":"tag-france","16":"tag-lyon","17":"tag-news","18":"tag-politique","19":"tag-republique-francaise"},"share_on_mastodon":{"url":"https:\/\/pubeurope.com\/@fr\/115884172792976228","error":""},"_links":{"self":[{"href":"https:\/\/www.europesays.com\/fr\/wp-json\/wp\/v2\/posts\/659191","targetHints":{"allow":["GET"]}}],"collection":[{"href":"https:\/\/www.europesays.com\/fr\/wp-json\/wp\/v2\/posts"}],"about":[{"href":"https:\/\/www.europesays.com\/fr\/wp-json\/wp\/v2\/types\/post"}],"author":[{"embeddable":true,"href":"https:\/\/www.europesays.com\/fr\/wp-json\/wp\/v2\/users\/2"}],"replies":[{"embeddable":true,"href":"https:\/\/www.europesays.com\/fr\/wp-json\/wp\/v2\/comments?post=659191"}],"version-history":[{"count":0,"href":"https:\/\/www.europesays.com\/fr\/wp-json\/wp\/v2\/posts\/659191\/revisions"}],"wp:featuredmedia":[{"embeddable":true,"href":"https:\/\/www.europesays.com\/fr\/wp-json\/wp\/v2\/media\/659192"}],"wp:attachment":[{"href":"https:\/\/www.europesays.com\/fr\/wp-json\/wp\/v2\/media?parent=659191"}],"wp:term":[{"taxonomy":"category","embeddable":true,"href":"https:\/\/www.europesays.com\/fr\/wp-json\/wp\/v2\/categories?post=659191"},{"taxonomy":"post_tag","embeddable":true,"href":"https:\/\/www.europesays.com\/fr\/wp-json\/wp\/v2\/tags?post=659191"}],"curies":[{"name":"wp","href":"https:\/\/api.w.org\/{rel}","templated":true}]}}