{"id":659195,"date":"2026-01-12T21:10:11","date_gmt":"2026-01-12T21:10:11","guid":{"rendered":"https:\/\/www.europesays.com\/fr\/659195\/"},"modified":"2026-01-12T21:10:11","modified_gmt":"2026-01-12T21:10:11","slug":"direct-coupe-de-france-suivez-en-integralite-le-derby-de-paris-entre-le-psg-et-le-pfc-sur-ici-paris-ile-de-france","status":"publish","type":"post","link":"https:\/\/www.europesays.com\/fr\/659195\/","title":{"rendered":"DIRECT Coupe de France\u00a0: suivez en int\u00e9gralit\u00e9 le derby de Paris entre le PSG et le PFC sur ICI Paris \u00cele-de-France"},"content":{"rendered":"<p> <img decoding=\"async\" src=\"https:\/\/www.europesays.com\/fr\/wp-content\/uploads\/2026\/01\/1768252211_128_1200x680.jpeg\" alt=\"illustration agrandir l'image\" style=\"--_image-preview:url('data:image\/jpeg;base64,\/9j\/2wBDACgcHiMeGSgjISMtKygwPGRBPDc3PHtYXUlkkYCZlo+AjIqgtObDoKrarYqMyP\/L2u71\/\/\/\/m8H\/\/\/\/6\/+b9\/\/j\/2wBDASstLTw1PHZBQXb4pYyl+Pj4+Pj4+Pj4+Pj4+Pj4+Pj4+Pj4+Pj4+Pj4+Pj4+Pj4+Pj4+Pj4+Pj4+Pj4+Pj4+Pj\/wAARCAAXACoDASIAAhEBAxEB\/8QAGAABAQEBAQAAAAAAAAAAAAAAAAMBAgT\/xAAWEAEBAQAAAAAAAAAAAAAAAAAAEhH\/xAAXAQEBAQEAAAAAAAAAAAAAAAAAAQID\/8QAFxEBAQEBAAAAAAAAAAAAAAAAABIBEf\/aAAwDAQACEQMRAD8A8kErSSxQnJCstk6IwyF5JKHWGA5YgAo0BB\/\/2Q==');\" loading=\"eager\" fetchpriority=\"high\" class=\"svelte-1cksh76 rounded\" onload=\"this.__e=event\" onerror=\"this.__e=event\"\/> Deuxi\u00e8me derby de Paris de 2026 \u00a9 Maxppp &#8211; Julien Mattia \/ Le Pictorium     <\/p>\n<p class=\"g-ici-body-regular-3 info svelte-r4l8dg\">Publi\u00e9 le lundi 12 janvier 2026 \u00e0 20:30  Mis \u00e0 jour le lundi 12 janvier 2026 \u00e0 21:16<\/p>\n<ul class=\"SocialNetworks svelte-oam7rq\">\n<li class=\"svelte-oam7rq\"><\/li>\n<li class=\"svelte-oam7rq\"><\/li>\n<li class=\"svelte-oam7rq\"><\/li>\n<li class=\"svelte-oam7rq\"><\/li>\n<li class=\"svelte-oam7rq\"><\/li>\n<\/ul>\n<p class=\"standfirst g-ici-body-bold-1 svelte-huxgbw\">Le Derby de Paris, acte 2 ce soir \u00e0 21h10 au Parc des Princes. Le Paris Saint-Germain accueille pour les 16e de finale de la Coupe de France le Paris FC. Apr\u00e8s la victoire en championnat 2 buts \u00e0 1, le PSG va-t-il remettre \u00e7a\u00a0? r\u00e9ponse sur notre antenne pour une rencontre \u00e0 suivre en int\u00e9gralit\u00e9. <\/p>\n<p>Comme on se retrouve\u00a0! Le PSG et le PFC ne se l\u00e2chent plus. Apr\u00e8s la rencontre en championnat du 4 janvier dernier, les deux clubs se retrouvent pour un 16e de finale de Coupe de France. Le Paris FC r\u00eave de faire chuter un PSG qui est double tenant du titre. Cette rencontre est \u00e0 suivre en int\u00e9gralit\u00e9 d\u00e8s 21h avec Pia Clemens, Bruno Salomon et Eric Rabesandratana.<\/p>\n<p>loading<\/p>\n<p>loading<\/p>\n<ul class=\"SocialNetworks svelte-oam7rq\">\n<li class=\"svelte-oam7rq\"><\/li>\n<li class=\"svelte-oam7rq\"><\/li>\n<li class=\"svelte-oam7rq\"><\/li>\n<li class=\"svelte-oam7rq\"><\/li>\n<li class=\"svelte-oam7rq\"><\/li>\n<\/ul>\n","protected":false},"excerpt":{"rendered":"Deuxi\u00e8me derby de Paris de 2026 \u00a9 Maxppp &#8211; Julien Mattia \/ Le Pictorium Publi\u00e9 le lundi 12&hellip;\n","protected":false},"author":2,"featured_media":659196,"comment_status":"","ping_status":"","sticky":false,"template":"","format":"standard","meta":{"footnotes":""},"categories":[1592],"tags":[1111,11,1777,674,1011,27,662,12,626,25],"class_list":{"0":"post-659195","1":"post","2":"type-post","3":"status-publish","4":"format-standard","5":"has-post-thumbnail","7":"category-ile-de-france","8":"tag-actu","9":"tag-actualites","10":"tag-eu","11":"tag-europe","12":"tag-fr","13":"tag-france","14":"tag-ile-de-france","15":"tag-news","16":"tag-paris","17":"tag-republique-francaise"},"share_on_mastodon":{"url":"https:\/\/pubeurope.com\/@fr\/115884184372478250","error":""},"_links":{"self":[{"href":"https:\/\/www.europesays.com\/fr\/wp-json\/wp\/v2\/posts\/659195","targetHints":{"allow":["GET"]}}],"collection":[{"href":"https:\/\/www.europesays.com\/fr\/wp-json\/wp\/v2\/posts"}],"about":[{"href":"https:\/\/www.europesays.com\/fr\/wp-json\/wp\/v2\/types\/post"}],"author":[{"embeddable":true,"href":"https:\/\/www.europesays.com\/fr\/wp-json\/wp\/v2\/users\/2"}],"replies":[{"embeddable":true,"href":"https:\/\/www.europesays.com\/fr\/wp-json\/wp\/v2\/comments?post=659195"}],"version-history":[{"count":0,"href":"https:\/\/www.europesays.com\/fr\/wp-json\/wp\/v2\/posts\/659195\/revisions"}],"wp:featuredmedia":[{"embeddable":true,"href":"https:\/\/www.europesays.com\/fr\/wp-json\/wp\/v2\/media\/659196"}],"wp:attachment":[{"href":"https:\/\/www.europesays.com\/fr\/wp-json\/wp\/v2\/media?parent=659195"}],"wp:term":[{"taxonomy":"category","embeddable":true,"href":"https:\/\/www.europesays.com\/fr\/wp-json\/wp\/v2\/categories?post=659195"},{"taxonomy":"post_tag","embeddable":true,"href":"https:\/\/www.europesays.com\/fr\/wp-json\/wp\/v2\/tags?post=659195"}],"curies":[{"name":"wp","href":"https:\/\/api.w.org\/{rel}","templated":true}]}}