{"id":659197,"date":"2026-01-12T21:11:16","date_gmt":"2026-01-12T21:11:16","guid":{"rendered":"https:\/\/www.europesays.com\/fr\/659197\/"},"modified":"2026-01-12T21:11:16","modified_gmt":"2026-01-12T21:11:16","slug":"je-suis-degoute-a-paris-le-meet-up-de-linfluenceur-benoit-chevalier-degenere-la-police-lannule","status":"publish","type":"post","link":"https:\/\/www.europesays.com\/fr\/659197\/","title":{"rendered":"\u00ab\u00a0Je suis d\u00e9go\u00fbt\u00e9\u00a0\u00bb\u00a0: \u00e0 Paris, le meet-up de l\u2019influenceur Benoit Chevalier d\u00e9g\u00e9n\u00e8re, la police l\u2019annule"},"content":{"rendered":"<p class=\"lp-f-subtitle-01\">Dimanche, l\u2019influenceur organisait une s\u00e9ance de d\u00e9dicaces dans une brasserie parisienne. Mais au vu du nombre de fans qui se sont press\u00e9s \u00e0 l\u2019\u00e9v\u00e9nement, la pr\u00e9fecture de police a d\u00e9cid\u00e9 d\u2019y mettre fin.<\/p>\n<p class=\"\">Une partie de la rue de Rivoli bloqu\u00e9e, des sir\u00e8nes, des gyrophares et un restaurant \u00e9vacu\u00e9. Voil\u00e0 comment s\u2019est termin\u00e9e la s\u00e9ance de d\u00e9dicaces de l\u2019influenceur Benoit Chevalier dimanche apr\u00e8s-midi, dans le quartier Saint-Paul (<a href=\"https:\/\/www.leparisien.fr\/paris-75\/paris-75004\/\" target=\"_self\" rel=\"noopener\">IVe arrondissement<\/a> de <a href=\"https:\/\/www.leparisien.fr\/paris-75\/\" target=\"_self\" rel=\"noopener\">Paris<\/a>).<\/p>\n<p class=\"\">Sur ses r\u00e9seaux sociaux, l\u2019influenceur aux 12 millions d\u2019abonn\u00e9s sur TikTok avait donn\u00e9 rendez-vous \u00e0 sa communaut\u00e9 pour le rencontrer lui et les candidats de sa t\u00e9l\u00e9r\u00e9alit\u00e9, la \u00ab Queen House \u00bb. La date de la deuxi\u00e8me saison de l\u2019\u00e9mission devait \u00e9galement \u00eatre annonc\u00e9e.<\/p>\n<p>\u00ab Des jeunes \u00e9taient l\u00e0 d\u00e8s 8 heures \u00bb<\/p>\n<p class=\"\">Il n\u2019en fallait pas plus pour les abonn\u00e9s de Benoit Chevalier. Rendez-vous \u00e9tait donn\u00e9 \u00e0 la brasserie \u00ab La Favorite \u00bb, dans le quartier Saint-Paul, \u00e0 15 heures. \u00ab Des jeunes \u00e9taient l\u00e0 d\u00e8s 8 heures ! Dehors, on avait pr\u00e9vu un petit espace pour faire patienter les gens. Mais c\u2019\u00e9tait pour 50 personnes, pas plus \u00bb, explique un responsable du restaurant.<\/p>\n<p class=\"\">Sauf que tr\u00e8s rapidement, le service d\u2019ordre a \u00e9t\u00e9 d\u00e9pass\u00e9 par les \u00e9v\u00e9nements. Personne n\u2019avait anticip\u00e9 autant de monde. Tr\u00e8s loin de l\u00e0 m\u00eame. Et ce qui \u00e9tait une apparente bonne nouvelle a finalement eu raison du meet-up, rapidement annul\u00e9 par la pr\u00e9fecture de police.<\/p>\n<p class=\"title-embed-dailymotion lp-color-text lp-f-subtitle-04\">Vid\u00e9oLe meet-up de l\u2019influenceur Benoit Chevalier annul\u00e9 par la police<\/p>\n<p class=\"\">\u00c0 l\u2019int\u00e9rieur de la brasserie, Benoit Chevalier ne quitte pas son t\u00e9l\u00e9phone. Et explique dans ses stories Snapchat l\u2019\u00e9volution de la situation. D\u2019abord ravi de voir autant de monde pr\u00e9sent, il parvient \u00e0 rencontrer quelques abonn\u00e9s avant de recevoir la visite de la police qui lui apprend qu\u2019il ne pourra pas en voir d\u2019autres.<\/p>\n<p class=\"\">Sur ses vid\u00e9os, on peut voir des centaines de personnes hurler \u00e0 la vue de l\u2019influenceur, certaines tapant sur les vitres du restaurant. Une ambiance digne d\u2019un concert de rock star \u00e0 laquelle le principal int\u00e9ress\u00e9 n\u2019\u00e9tait pas pr\u00e9par\u00e9. Dans une story, il explique que \u00ab la pr\u00e9fecture a annul\u00e9 le meet-up au bout d\u20191h30 \u00bb, ajoutant que \u00ab 10 voire 15 000 personnes \u00bb sont dehors.<\/p>\n<p>\u00ab La queue a commenc\u00e9 \u00e0 faire le tour du quartier \u00bb<\/p>\n<p class=\"\">Un chiffre quelque peu grossi mais au vu des images, les fans se comptent en effet en centaines, suscitant l\u2019\u00e9tonnement des riverains et des habitu\u00e9s du Marais. \u00ab Je suis choqu\u00e9 ! Je ne m\u2019attendais pas \u00e0 autant de monde. Il y a la police partout qui est en train d\u2019\u00e9vacuer. C\u2019est fini, je suis d\u00e9go\u00fbt\u00e9 \u00bb, l\u00e2che Benoit Chevalier dans une vid\u00e9o. Dans le m\u00eame temps, les autres membres de la \u00ab Queen House \u00bb annoncent la nouvelle \u00e0 leurs communaut\u00e9s.<\/p>\n<p class=\"\">\u00ab La queue a commenc\u00e9 \u00e0 faire le tour du quartier. Ce n\u2019\u00e9tait pas la foire d\u2019empoigne non plus, mais \u00e7a s\u2019est bouscul\u00e9, les gens ont commenc\u00e9 \u00e0 pousser. Certains jeunes ont m\u00eame fait des malaises \u00bb, ajoute le responsable de la brasserie. Selon nos informations, une personne a d\u00fb \u00eatre \u00e9vacu\u00e9e dans une ambulance apr\u00e8s une crise d\u2019\u00e9pilepsie.<\/p>\n<p class=\"\">Quelques minutes plus tard, Benoit Chevalier continue d\u2019expliquer sur Snapchat ce qui se trame derri\u00e8re les vitres. Cette fois, la foule est tenue \u00e0 distance par les forces de l\u2019ordre, appel\u00e9es en nombre. Depuis la brasserie, l\u2019influenceur filme l\u2019ext\u00e9rieur et tente d\u2019aller saluer le public, mais une polici\u00e8re le lui interdit.<\/p>\n<p class=\"\">Car c\u2019est bien dans un v\u00e9hicule de la pr\u00e9fecture de police qu\u2019il quittera les lieux. Une fois \u00e0 l\u2019int\u00e9rieur, la voix d\u2019un homme en fond annonce qu\u2019\u00ab on a sorti l\u2019influenceur \u00bb. Face cam\u00e9ra, Benoit Chevalier est pri\u00e9 de faire vite et de couper son t\u00e9l\u00e9phone. Mais il a le temps d\u2019adresser un message \u00e0 ses abonn\u00e9s.<\/p>\n<p><img decoding=\"async\" class=\"image \" loading=\"lazy\" src=\"https:\/\/www.europesays.com\/fr\/wp-content\/uploads\/2026\/01\/QMHWIXIMTJAH3GIGKBCUA57BIY.jpg\" alt=\"L'influenceur a \u00e9t\u00e9 \u00e9vacu\u00e9 par la police. Snapchat\/@benoitqueen\" align=\"\" data-rubrique-principale=\"\" data-article-type=\"\" fetchpriority=\"auto\"\/>L&rsquo;influenceur a \u00e9t\u00e9 \u00e9vacu\u00e9 par la police. Snapchat\/@benoitqueen<\/p>\n<p class=\"\">\u00ab J\u2019ai \u00e9t\u00e9 \u00e9vacu\u00e9, on a tout arr\u00eat\u00e9. (\u2026) Je suis d\u00e9sol\u00e9. Merci \u00e0 ceux qui sont venus, je ne pensais pas que vous seriez autant. On reprendra \u00e7a plus tard, \u00e0 un autre endroit, o\u00f9 on prendra en compte le fait qu\u2019il y a plus de monde, pour que tout soit s\u00e9curis\u00e9 \u00bb, promet-il.<\/p>\n<p>Benoit Chevalier sera convoqu\u00e9<\/p>\n<p class=\"\">Conduit au si\u00e8ge de la pr\u00e9fecture de police de Paris, Benoit Chevalier raconte dans une nouvelle s\u00e9rie de stories ce qu\u2019il s\u2019est pass\u00e9 entre les murs de la \u00ab PP \u00bb. Dans un h\u00f4tel, et en pr\u00e9sence des candidats de la \u00ab Queen House \u00bb, il explique : \u00ab Vu qu\u2019on avait coop\u00e9r\u00e9, qu\u2019on n\u2019avait pas abus\u00e9, ils ne me mettent pas en garde \u00e0 vue. Par contre je vais \u00eatre convoqu\u00e9. \u00bb<\/p>\n<p class=\"\">Suite \u00e0 cet \u00e9v\u00e9nement, la brasserie avait d\u00e9cid\u00e9 de fermer ses portes d\u00e8s 18h30. \u00ab Apr\u00e8s une journ\u00e9e comme celle-l\u00e0, \u00e7a n\u2019aurait pas \u00e9t\u00e9 tr\u00e8s opportun de rester ouverts \u00bb, nous confie-t-on rue de Rivoli.<\/p>\n<p class=\"\">Ce lundi matin, le lieu a pu rouvrir sans incident. Contact\u00e9s, la pr\u00e9fecture de police et le parquet de Paris n\u2019ont pour l\u2019heure pas donn\u00e9 suite \u00e0 nos sollicitations.<\/p>\n","protected":false},"excerpt":{"rendered":"Dimanche, l\u2019influenceur organisait une s\u00e9ance de d\u00e9dicaces dans une brasserie parisienne. Mais au vu du nombre de fans&hellip;\n","protected":false},"author":2,"featured_media":659198,"comment_status":"","ping_status":"","sticky":false,"template":"","format":"standard","meta":{"footnotes":""},"categories":[1888],"tags":[1111,1928,11,1927,1777,674,118,1011,27,1944,12,1926,626,1925,25],"class_list":{"0":"post-659197","1":"post","2":"type-post","3":"status-publish","4":"format-standard","5":"has-post-thumbnail","7":"category-paris","8":"tag-actu","9":"tag-actu-paris","10":"tag-actualites","11":"tag-actualites-paris","12":"tag-eu","13":"tag-europe","14":"tag-faits-divers","15":"tag-fr","16":"tag-france","17":"tag-ma-ville","18":"tag-news","19":"tag-news-paris","20":"tag-paris","21":"tag-paris-news","22":"tag-republique-francaise"},"share_on_mastodon":{"url":"https:\/\/pubeurope.com\/@fr\/115884188373051092","error":""},"_links":{"self":[{"href":"https:\/\/www.europesays.com\/fr\/wp-json\/wp\/v2\/posts\/659197","targetHints":{"allow":["GET"]}}],"collection":[{"href":"https:\/\/www.europesays.com\/fr\/wp-json\/wp\/v2\/posts"}],"about":[{"href":"https:\/\/www.europesays.com\/fr\/wp-json\/wp\/v2\/types\/post"}],"author":[{"embeddable":true,"href":"https:\/\/www.europesays.com\/fr\/wp-json\/wp\/v2\/users\/2"}],"replies":[{"embeddable":true,"href":"https:\/\/www.europesays.com\/fr\/wp-json\/wp\/v2\/comments?post=659197"}],"version-history":[{"count":0,"href":"https:\/\/www.europesays.com\/fr\/wp-json\/wp\/v2\/posts\/659197\/revisions"}],"wp:featuredmedia":[{"embeddable":true,"href":"https:\/\/www.europesays.com\/fr\/wp-json\/wp\/v2\/media\/659198"}],"wp:attachment":[{"href":"https:\/\/www.europesays.com\/fr\/wp-json\/wp\/v2\/media?parent=659197"}],"wp:term":[{"taxonomy":"category","embeddable":true,"href":"https:\/\/www.europesays.com\/fr\/wp-json\/wp\/v2\/categories?post=659197"},{"taxonomy":"post_tag","embeddable":true,"href":"https:\/\/www.europesays.com\/fr\/wp-json\/wp\/v2\/tags?post=659197"}],"curies":[{"name":"wp","href":"https:\/\/api.w.org\/{rel}","templated":true}]}}