{"id":659199,"date":"2026-01-12T21:12:15","date_gmt":"2026-01-12T21:12:15","guid":{"rendered":"https:\/\/www.europesays.com\/fr\/659199\/"},"modified":"2026-01-12T21:12:15","modified_gmt":"2026-01-12T21:12:15","slug":"eric-antoine-a-investi-dans-un-lieu-particulier-au-coeur-dune-sublime-ville-situee-loin-de-paris-et-ou-il-a-dit-oui-a-gennifer-demey","status":"publish","type":"post","link":"https:\/\/www.europesays.com\/fr\/659199\/","title":{"rendered":"Eric Antoine a investi dans un lieu particulier, au c\u0153ur d&rsquo;une sublime ville situ\u00e9e loin de Paris et o\u00f9 il a dit \u00ab\u00a0oui\u00a0\u00bb \u00e0 Gennifer Demey"},"content":{"rendered":"<p>                <img loading=\"lazy\" decoding=\"async\" src=\"https:\/\/www.europesays.com\/fr\/wp-content\/uploads\/2025\/04\/121-62909a850c1a7-35x35-1.jpg\" class=\"author-article-picture\" width=\"35\" height=\"35\"\/><\/p>\n<p>                    Par<\/p>\n<p>                                            <a class=\"author-article-bio-link\" href=\"https:\/\/www.purepeople.com\/auteur\/bertrand-bielle_a121\" target=\"_blank\" rel=\"noopener\">Bertrand Bielle<\/a><\/p>\n<p>                    |<\/p>\n<p>                                            Journaliste<\/p>\n<p>\n                Curieux de nature, Bertrand est toujours \u00e0 l\u2019affut du moindre petit scoop. Passionn\u00e9 par le football, il n\u2019est jamais bien loin du ballon rond et de toutes les actualit\u00e9s qui en d\u00e9coulent. Toutefois, l\u2019\u00e9v\u00e8nementiel du showbiz ou de la politique fait \u00e9galement partie de ses recherches journalistiques privil\u00e9gi\u00e9es.\n            <\/p>\n<p>\n    Eric Antoine, star de M6, partage sa vie entre Paris et une ville du Sud o\u00f9 il a prononc\u00e9 le \u00ab\u00a0oui\u00a0\u00bb de son mariage avec Gennifer Demey. Mais saviez-vous que cet artiste aux multiples talents avait r\u00e9alis\u00e9 un investissement surprenant loin de la capitale, et justement dans cette commune de Provence ?\n<\/p>\n<p>                            <img loading=\"lazy\" decoding=\"async\" class=\"player-thumbnail\" src=\"https:\/\/www.europesays.com\/fr\/wp-content\/uploads\/2026\/01\/91a8f0f1545f6e14-580x326-1.jpg\" width=\"580\" height=\"326\"\/><\/p>\n<p>                            Eric Antoine a investi dans un lieu particulier, au c\u0153ur d&rsquo;une sublime ville situ\u00e9e loin de Paris et o\u00f9 il a dit \u00ab\u00a0oui\u00a0\u00bb \u00e0 Gennifer Demey<\/p>\n<p>La suite apr\u00e8s la publicit\u00e9<\/p>\n<p>Eric Antoine arrive en prime ce lundi 12 janvier 2026 sur M6, \u00e0 partir de 21h10, avec La roue de la fortune. L&rsquo;occasion alors de s&rsquo;int\u00e9resser \u00e0 l&rsquo;animateur-magicien-humoriste, notamment \u00e0 cette investissement qu&rsquo;il a fait il y a quelques ann\u00e9es, \u00e0 plusieurs centaines de kilom\u00e8tres de Paris. <a href=\"https:\/\/www.purepeople.com\/article\/si-c-est-le-seul-moyen-de-rester-eric-antoine-evoque-son-avenir-dans-la-france-a-un-incroyable-talent-et-on-ne-s-attendait-pas-forcement-a-ca_a544482\/1\" target=\"_blank\" rel=\"noopener\">Le jur\u00e9 de La France a un incroyable talent <\/a>a repris le th\u00e9\u00e2tre d&rsquo;Aix, \u00e0 Aix-en-Provence. Alors que la salle n&rsquo;\u00e9tait plus en activit\u00e9 depuis quelques mois, il a r\u00e9ussi \u00e0 convaincre des t\u00eates d\u2019affiche nationales de venir y jouer. Comme Thomas VDB, Sophia Aram, Anne Roumanoff ou encore Kyan Khojandi.\u00a0<\/p>\n<p>C&rsquo;est ce que racontait le m\u00e9dia Fr\u00e9quence Sud. Depuis, il y a eu du mouvement et cette salle a rouvert sous le nom de Com\u00e9die d\u2019Aix. Difficile de savoir si Eric Antoine fait toujours partie du projet aujourd&rsquo;hui. En tout cas, le papa de <a href=\"https:\/\/www.purepeople.com\/article\/eric-antoine-pourquoi-ses-deux-fils-raphael-et-ulysse-suivent-ils-une-scolarite-particuliere_a544811\/1\" target=\"_blank\" rel=\"noopener\">Rapha\u00ebl et Ulysse<\/a>, n\u00e9s de sa pr\u00e9c\u00e9dente union avec <a href=\"https:\/\/www.purepeople.com\/article\/un-vrai-appauvrissement-eric-antoine-se-confie-sur-le-cout-de-son-divorce-avec-calista-sinclair_a545491\/1\" target=\"_blank\" rel=\"noopener\">Calista Sinclair<\/a>, continue aux derni\u00e8res nouvelles de partager sa vie entre Paris et cette ville proven\u00e7ale au charme certain. <a href=\"https:\/\/www.purepeople.com\/article\/mariage-deric-antoine-et-gennifer-demey-a-aix-en-provence-une-autre-star-de-m6-etait-presente-et-a-filme-leur-tres-jolie-ceremonie_a541975\/1\" target=\"_blank\" rel=\"noopener\">Il s&rsquo;y est d&rsquo;ailleurs mari\u00e9 cet \u00e9t\u00e9, avec la pr\u00e9sentatrice m\u00e9t\u00e9o Gennifer Demey.<\/a><\/p>\n<p>Eric Antoine entre Paris et Aix-en-Provence, o\u00f9 vivent ses enfants<\/p>\n<p>Suite \u00e0 sa s\u00e9paration avec la m\u00e8re de ses enfants, il a c\u00e9d\u00e9 sa maison. Il n&rsquo;est donc plus propri\u00e9taire d&rsquo;aucun bien immobilier, mais continue malgr\u00e9 tout \u00e0 se rendre dans<a href=\"https:\/\/www.purepeople.com\/article\/eric-antoine-a-renonce-a-sa-maison-il-evoque-sa-vie-entre-paris-et-la-4e-ville-la-plus-eco-responsable-de-france_a529378\/1\" target=\"_blank\" rel=\"noopener\"> la quatri\u00e8me ville la plus responsable parmi les 20 plus grandes agglom\u00e9rations de France<\/a>. Notamment parce qu&rsquo;il y appr\u00e9cie le cadre et la beaut\u00e9, mais surtout parce que c&rsquo;est l\u00e0 que vit sa prog\u00e9niture.\u00a0<\/p>\n<p>C&rsquo;est ce qu&rsquo;il expliquait \u00e0 T\u00e9l\u00e9 2 Semaines : \u00ab\u00a0Mes enfants vivent \u00e0 Aix-en-Provence. Je les ai une semaine sur deux, et \u00e0 ce moment-l\u00e0, je ne travaille pas. J&rsquo;ai mis entre parenth\u00e8ses ce que j&rsquo;\u00e9cris pour le th\u00e9\u00e2tre.\u00a0\u00bb \u00a0Voil\u00e0 une bonne raison donc de multiplier les allers-retours entre la capitale et la Cit\u00e9 aux mille fontaines. Mais il aimerait malgr\u00e9 tout pouvoir racheter un bien, comme il le confiait \u00e0 T\u00e9l\u00e9 Star : \u00ab\u00a0C&rsquo;est \u00e9tonnant mais je vis entre Aix et Paris, et je suis locataire. J&rsquo;aimerais avoir un appart \u00e0 moi o\u00f9 je serais un peu tranquille.\u00a0\u00bb Reste \u00e0 savoir s&rsquo;il y est parvenu depuis ces confidences ou non.\u00a0<\/p>\n","protected":false},"excerpt":{"rendered":"Par Bertrand Bielle | Journaliste Curieux de nature, Bertrand est toujours \u00e0 l\u2019affut du moindre petit scoop. Passionn\u00e9&hellip;\n","protected":false},"author":2,"featured_media":659200,"comment_status":"","ping_status":"","sticky":false,"template":"","format":"standard","meta":{"footnotes":""},"categories":[1888],"tags":[1111,1928,11,1927,1777,674,1011,27,12,1926,626,1925,25],"class_list":{"0":"post-659199","1":"post","2":"type-post","3":"status-publish","4":"format-standard","5":"has-post-thumbnail","7":"category-paris","8":"tag-actu","9":"tag-actu-paris","10":"tag-actualites","11":"tag-actualites-paris","12":"tag-eu","13":"tag-europe","14":"tag-fr","15":"tag-france","16":"tag-news","17":"tag-news-paris","18":"tag-paris","19":"tag-paris-news","20":"tag-republique-francaise"},"share_on_mastodon":{"url":"https:\/\/pubeurope.com\/@fr\/115884192465197011","error":""},"_links":{"self":[{"href":"https:\/\/www.europesays.com\/fr\/wp-json\/wp\/v2\/posts\/659199","targetHints":{"allow":["GET"]}}],"collection":[{"href":"https:\/\/www.europesays.com\/fr\/wp-json\/wp\/v2\/posts"}],"about":[{"href":"https:\/\/www.europesays.com\/fr\/wp-json\/wp\/v2\/types\/post"}],"author":[{"embeddable":true,"href":"https:\/\/www.europesays.com\/fr\/wp-json\/wp\/v2\/users\/2"}],"replies":[{"embeddable":true,"href":"https:\/\/www.europesays.com\/fr\/wp-json\/wp\/v2\/comments?post=659199"}],"version-history":[{"count":0,"href":"https:\/\/www.europesays.com\/fr\/wp-json\/wp\/v2\/posts\/659199\/revisions"}],"wp:featuredmedia":[{"embeddable":true,"href":"https:\/\/www.europesays.com\/fr\/wp-json\/wp\/v2\/media\/659200"}],"wp:attachment":[{"href":"https:\/\/www.europesays.com\/fr\/wp-json\/wp\/v2\/media?parent=659199"}],"wp:term":[{"taxonomy":"category","embeddable":true,"href":"https:\/\/www.europesays.com\/fr\/wp-json\/wp\/v2\/categories?post=659199"},{"taxonomy":"post_tag","embeddable":true,"href":"https:\/\/www.europesays.com\/fr\/wp-json\/wp\/v2\/tags?post=659199"}],"curies":[{"name":"wp","href":"https:\/\/api.w.org\/{rel}","templated":true}]}}