{"id":659203,"date":"2026-01-12T21:14:13","date_gmt":"2026-01-12T21:14:13","guid":{"rendered":"https:\/\/www.europesays.com\/fr\/659203\/"},"modified":"2026-01-12T21:14:13","modified_gmt":"2026-01-12T21:14:13","slug":"les-champions-deurope-butent-sur-nkambadio","status":"publish","type":"post","link":"https:\/\/www.europesays.com\/fr\/659203\/","title":{"rendered":"les champions d\u2019Europe butent sur Nkambadio"},"content":{"rendered":"<p>Une place pour les huiti\u00e8mes \u00e0 aller chercher!<\/p>\n<p>C&rsquo;est parti pour la seconde p\u00e9riode de PSG-PFC!<\/p>\n<p>La fin d&rsquo;un chapitre pour Sakho<\/p>\n<p>Sans club depuis son d\u00e9part du Torpedo Kutaisi en G\u00e9orgie \u00e0 l&rsquo;\u00e9t\u00e9 2025, Mamadou Sakho (35 ans) a officialis\u00e9 sa retraite sportive aujourd&rsquo;hui sur la pelouse du Parc des Princes.<\/p>\n<p>&gt;&gt; <a href=\"https:\/\/rmcsport.bfmtv.com\/football\/transferts\/mamadou-sakho-annonce-la-fin-de-sa-carriere-a-35-ans_AV-202601120998.html\" title=\"Mamadou Sakho annonce la fin de sa carri\u00e8re, \u00e0 35 ans\" class=\"internal_link\" target=\"_blank\" rel=\"noopener\">Mamadou Sakho annonce la fin de sa carri\u00e8re, \u00e0 35 ans<\/a><\/p>\n<p>LE PARIS FC RESISTE AU PSG<\/p>\n<p>Alors que Geubbels semble s\u2019\u00eatre bless\u00e9, Monsieur Buquet siffle la fin du premier acte! Logiquement dominant, le Paris Saint-Germain n\u2019a pas r\u00e9ussi \u00e0 faire la diff\u00e9rence face au bloc compact du Paris FC et \u00e0 la classe de son portier Nkambadio. Rien n\u2019est fait dans cette rencontre!<\/p>\n<p><strong>PSG 0-0 PFC<\/strong><\/p>\n<p>Kvaratskhelia prend sa chance!<\/p>\n<p>Sans contr\u00f4ler, le G\u00e9orgien trouve un espace pour frapper du pied gauche&#8230; Nkambadio sauve encore son \u00e9quipe!<\/p>\n<p>La vista de Vitinha!<\/p>\n<p>Depuis le rond central, Vitinha voit que Nkambadio est avanc\u00e9 et tente sa frappe ! Ce n\u2019est pas cadr\u00e9, mais le portier du PFC pr\u00e9f\u00e8re repousser par s\u00e9curit\u00e9.<\/p>\n<p>On cherche toujours la faille<\/p>\n<p>Pour l\u2019instant, les deux \u00e9quipes ne parviennent pas \u00e0 concr\u00e9tiser dans ce premier acte. Il faudra plus de justesse pour esp\u00e9rer prendre le dessus sur les d\u00e9fenses.<\/p>\n<p>Le Paris FC r\u00e9siste encore<\/p>\n<p>Le corner est parfaitement d\u00e9fendu par le promu de Ligue 1.<\/p>\n<p>Gory jette l&rsquo;\u00e9ponge<\/p>\n<p>Bless\u00e9, Gory c\u00e8de donc sa place \u00e0 Ikon\u00e9.<\/p>\n<p>L&rsquo;erreur de Nkambadio<\/p>\n<p>Le gardien du PFC manque son contr\u00f4le et conc\u00e8de un corner.<\/p>\n<p>Derni\u00e8re acc\u00e9l\u00e9ration de Gory!<\/p>\n<p>Quelle occasion! Malgr\u00e9 sa blessure, Gory trouve le moyen d&rsquo;acc\u00e9l\u00e9rer sur la gauche, pour centrer dans la surface&#8230; Beraldo revient parfaitement.<\/p>\n<p>Un changement se pr\u00e9pare&#8230;<\/p>\n<p>Gory ne peut plus tenir sa place&#8230; Il demande le changement \u00e0 son coach. Ikon\u00e9 se pr\u00e9pare.<\/p>\n<p>Mayulu trop court<\/p>\n<p>Kvaratskhelia fait la diff\u00e9rence et trouve Mayulu qui rate son contr\u00f4le face au but&#8230;<\/p>\n<p>Quelques erreurs<\/p>\n<p>Le Paris FC fait des efforts, mais n\u2019arrive pas \u00e0 concr\u00e9tiser ses r\u00e9cup\u00e9rations \u00e0 cause de quelques erreurs techniques dans les passes.<\/p>\n<p>Le PSG n&rsquo;y arrive pas pour le moment<\/p>\n<p>Les champions d&rsquo;Europe peinent \u00e0 se montrer tranchant pour le moment.<\/p>\n<p>La frappe de Cafaro!<\/p>\n<p>Excellent appel \u00e0 l&rsquo;int\u00e9rieur du jeu de la part de l&rsquo;ancien St\u00e9phanois! Il enchaine ensuite avec un frappe de l&rsquo;int\u00e9rieur du pied&#8230; C&rsquo;est trop \u00e9cras\u00e9.<\/p>\n<p>Trois joueurs ne suffisent pas<\/p>\n<p>Barcola arrive \u00e0 se d\u00e9barrasser de Gory, Sangui et Camara en d\u00e9fense\u2026 Il est intenable.<\/p>\n<p>Cela se complique<\/p>\n<p>Le Paris Saint-Germain enchaine les offensives depuis quelques instants. Barcola est tr\u00e8s actif ce soir.<\/p>\n<p>Il y a le feu dans la d\u00e9fense du PFC!<\/p>\n<p>De la t\u00eate, Nkambadio manque sa sortie loin de son but! Le ballon revient dans les jambes de Ramos qui tente un lob&#8230; Le portier du PFC se d\u00e9tend magnifiquement pour se rattraper.<\/p>\n<p>Le centre-tir de Barcola!<\/p>\n<p>Quel geste! Barcola veut tenter un centre, mais cela se transforme en long lob&#8230; Nkambadio r\u00e9alise une magnifique claquette pour sauver le PFC.<\/p>\n<p>Ca va mieux!<\/p>\n<p>Le PSG n&rsquo;est pas \u00e0 l&rsquo;abri dans ce match. Geubbels passe de la gauche vers la droite pour trouver Gory dans la surface&#8230; Le num\u00e9ro 7 frappe, mais c&rsquo;est au-dessus du but.<\/p>\n<p>Gory serre les dents<\/p>\n<p>Le num\u00e9ro 7 veut continuer de jouer.<\/p>\n<p>La cheville a tourn\u00e9<\/p>\n<p>Gory se tient la cheville&#8230; Il est aid\u00e9 par les soigneurs. Kebbal s&rsquo;\u00e9chauffe.<\/p>\n<p>Gory fait la diff\u00e9rence, mais se blesse?<\/p>\n<p>Un coup dur? Gory d\u00e9boule dans la surface, centre en retrait, avant de tomber.<\/p>\n<p>Cafaro glisse dans la surface<\/p>\n<p>On sent que le Paris FC peut se montrer tr\u00e8s dangereux en contre-attaque. Sangui navigue dans la d\u00e9fense avant d\u2019inverser le jeu en direction de Cafaro, qui tente de dribbler Zabarnyi dans la surface&#8230; mais il glisse.<\/p>\n<p>Lopez surjoue un peu<\/p>\n<p>Maxime Lopez perd le ballon apr\u00e8s avoir tent\u00e9 un petit pont devant sa surface&#8230; Vitinha en profite pour prendre sa chance \u00e0 longue distance! Ca passe juste au dessus du but.<\/p>\n<p>Bon pressing<\/p>\n<p>Camara chipe le ballon \u00e0 Kvaratskhelia dans l&rsquo;axe&#8230; Il lance ensuite Gory dans la surface. Il tente de surprendre Chevalier \u00e0 ras de terre, mais le portier est vigilant.<\/p>\n<p>Encore Barcola<\/p>\n<p>Sangui n&rsquo;arrive pas \u00e0 le contenir. Cette fois, Barcola s&rsquo;applique pour trouver la t\u00eate de Ramos au point de penalty&#8230; Le Portugais manque de peu le ballon.<\/p>\n<p>Le PSG s&rsquo;installe<\/p>\n<p>Le Paris FC ne voit d\u00e9j\u00e0 plus le jour dans cette rencontre&#8230; Maxime Lopez et sa troupe sont recroquevill\u00e9s dans leur surface.<\/p>\n<p>Barcola se prom\u00e8ne<\/p>\n<p>Quel \u00e9clair! Alors qu&rsquo;il semblait temporiser, Barcola acc\u00e9l\u00e8re soudainement sur la gauche et prend de vitesse Sangui. L&rsquo;ailier international entre ensuite dans la surface et tente d&rsquo;enrouler&#8230; c&rsquo;est contr\u00e9.<\/p>\n<p>L&rsquo;interception de Zaire Emery!<\/p>\n<p>Excellent jaillissement de l\u2019international fran\u00e7ais : il intercepte une passe le long de la ligne de touche, puis centre&#8230; C\u2019est mal dos\u00e9. Le PFC s\u2019en sort bien apr\u00e8s cette perte de balle soudaine.<\/p>\n<p>Luis Enrique d\u00e9j\u00e0 actif<\/p>\n<p>Le technicien espagnol est debout au bord de sa zone technique. Il demande \u00e0 ses joueurs de remonter le bloc.<\/p>\n<p>Bon boulot de Maxime Lopez<\/p>\n<p>L&rsquo;ancien marseillais tourne autour de Mayulu pour garder la possession. Il se propose \u00e9norm\u00e9ment dans cette entame.<\/p>\n<p>Pacho cherche des rep\u00e8res<\/p>\n<p>Positionn\u00e9 au poste de lat\u00e9ral gauche, Pacho se fait surprendre par l&rsquo;agressivit\u00e9 de Gory.<\/p>\n<p>Ruiz trouve des espaces<\/p>\n<p>Les champions d\u2019Europe en titre ma\u00eetrisent le milieu du terrain, \u00e0 l\u2019image de Ruiz qui r\u00e9ussit \u00e0 d\u00e9jouer ais\u00e9ment le pressing.<\/p>\n<p>Le PFC tr\u00e8s compact<\/p>\n<p>Les visiteurs essayent de jouer le plus haut possible.<\/p>\n<p>Premier frisson<\/p>\n<p>Vitinha trouve un angle de passe merveilleux dans la surface du PFC&#8230; Mayulu h\u00e9site \u00e0 mettre son pied, Nkambadio en profite pour plonger.<\/p>\n<p>C&rsquo;est parti pour PSG-PFC!<\/p>\n<p>Monsieur Buquet donne le coup d\u2019envoi de ce 16e de finale de la Coupe de France!<\/p>\n<p>Place au match !<\/p>\n<p>Les deux \u00e9quipes entrent sur la pelouse du Parc des Princes. Le coup d&rsquo;envoi est imminent&#8230;<\/p>\n<p>Un hommage pour Mamadou Sakho<\/p>\n<p>L\u2019ancien d\u00e9fenseur central du PSG (2007-2013) re\u00e7oit un hommage de son ancien club sur la pelouse du Parc des Princes. Un troph\u00e9e \u00e0 son nom lui est m\u00eame remis.<\/p>\n<p>Form\u00e9 au Paris FC, il annonce officiellement sa retraite sportive ce soir.<\/p>\n<p>Imperturbable PSG<\/p>\n<p>Le Paris Saint-Germain a remport\u00e9 ses cinq derni\u00e8res s\u00e9ances de tirs au but. Le Paris FC est pr\u00e9venu : il vaut mieux essayer de s\u2019imposer dans le temps r\u00e9glementaire&#8230;<\/p>\n<p>Des stars m\u00e9nag\u00e9es<\/p>\n<p><a href=\"https:\/\/rmcsport.bfmtv.com\/football\/trophee-des-champions\/direct-psg-om-suivez-le-match-du-trophee-des-champions-en-live_LS-202601080337.html\" title=\"PSG-OM: Paris remporte le Troph\u00e9e des champions aux tirs au but gr\u00e2ce \u00e0 un \u00e9norme Chevalier\" class=\"internal_link\" target=\"_blank\" rel=\"noopener\">Auteur du but de l\u2019\u00e9galisation face \u00e0 Marseille lors du Troph\u00e9e des Champions<\/a>, Gon\u00e7alo Ramos est titulaire en pointe de l\u2019attaque du PSG.<\/p>\n<p>Luis Enrique profite de ce match couperet pour faire souffler quelques cadres : Marquinhos, Mendes, Neves, Demb\u00e9l\u00e9 et Dou\u00e9 d\u00e9butent la rencontre sur le banc.<\/p>\n<p>Kebbal d\u00e9j\u00e0 sur la pelouse ce soir?<\/p>\n<p><a href=\"https:\/\/rmcsport.bfmtv.com\/football\/coupe-d-afrique-des-nations\/can-2025-l-algerie-depose-une-plainte-pour-denoncer-l-arbitrage-apres-son-elimination-face-au-nigeria_AV-202601120648.html\" title=\"CAN 2025: l\u2019Alg\u00e9rie d\u00e9pose une plainte pour d\u00e9noncer l\u2019arbitrage apr\u00e8s son \u00e9limination face au Nigeria\" class=\"internal_link\" target=\"_blank\" rel=\"noopener\">Tout juste \u00e9limin\u00e9 avec l\u2019Alg\u00e9rie de la Coupe d\u2019Afrique des Nations<\/a>, la star du Paris FC est bien pr\u00e9sente sur la feuille de match ce soir.<\/p>\n<p>Avec seulement 11 petites minutes de jeu lors de la comp\u00e9tition continentale, le feu follet alg\u00e9rien doit avoir des fourmis dans les jambes.<\/p>\n<p>La compo du PSG, avec Chevalier dans les buts<\/p>\n<p>Chevalier &#8211; Za\u00efre-Emery, Zabarnyi, Pacho, Beraldo &#8211; Ruiz, Vitinha, Mayulu &#8211;\u00a0 Barcola, Ramos, Kvaratskhelia.<\/p>\n<p>Rempla\u00e7ants: Marin, James, Marquinhos, Mendes, Neves, Dembele, Dou\u00e9, Nsoki.<\/p>\n<p>La compo du PFC avec Kebbal sur le banc<\/p>\n<p>Nkambadio &#8211; Ollila ; Kolodziejczak ; Otavio ; Mbow ; Sangui &#8211; M.Lopez (cap.) ; Camara &#8211; Gory ; Gueubbels ; Cafaro.<\/p>\n<p>Rempla\u00e7ants: Trapp ; De Smet ; Doucet ; Khaldi ; Dao ; Kebbal ; Ikon\u00e9 ; J.Lopez ; Koleosho.<\/p>\n<p>Une grosse pens\u00e9e pour Rolland Courbis<\/p>\n<p>Clin d\u2019\u0153il de l\u2019histoire, alors que le PSG re\u00e7oit le PFC ce soir en 16e de finale de Coupe de France, le dernier entra\u00eeneur \u00e0 avoir fait tomber le club de la capitale dans cette comp\u00e9tition dans le temps r\u00e9glementaire au Parc des Princes n\u2019est autre que Coach Courbis, qui nous a quitt\u00e9 ce lundi \u00e0 72 ans.<\/p>\n<p>Il y a 12 ans, le 22 janvier 2014, le Montpellier de Rolland Courbis \u00e9tait venu s\u2019imposer 2-1 sur la pelouse du PSG de Laurent Blanc en 16e de finale gr\u00e2ce \u00e0 des buts de Congr\u00e9 et Monta\u00f1o. De son c\u00f4t\u00e9, Nice avait \u00e9limin\u00e9 le PSG au Parc en 8e de finale il y a quatre ans, mais c\u2019\u00e9tait aux tirs aux buts.<\/p>\n<p><strong>JS et AP<\/strong><\/p>\n<p>Environ 750 supporters du Paris FC ce soir au Parc des Princes<\/p>\n<p>Le match va se jouer \u00e0 guichets ferm\u00e9s.<\/p>\n<p><strong>AP<\/strong><\/p>\n<p>Arnault-Al-Khela\u00effi, deux pr\u00e9sidents parisiens de plus en plus proches<\/p>\n<p>Avec des stades distants de quelques m\u00e8tres seulement, les deux clubs parisiens affichent \u00e9galement une proximit\u00e9 entre leurs dirigeants respectifs.<\/p>\n<p>&gt;&gt; <a href=\"https:\/\/rmcsport.bfmtv.com\/football\/ligue-1\/psg-paris-fc-arnault-al-khelaifi-deux-presidents-parisiens-de-plus-en-plus-proches_AV-202601040029.html\" title=\"PSG-Paris FC: Arnault-Al-Khela\u00effi, deux pr\u00e9sidents parisiens de plus en plus proches\" class=\"internal_link\" target=\"_blank\" rel=\"noopener\">PSG-PFC : deux clubs tr\u00e8s proches<\/a><\/p>\n<p>Le PSG enchaine<\/p>\n<p>Quatre jours apr\u00e8s <a href=\"https:\/\/rmcsport.bfmtv.com\/football\/trophee-des-champions\/direct-psg-om-suivez-le-match-du-trophee-des-champions-en-live_LS-202601080337.html\" title=\"PSG-OM: Paris remporte le Troph\u00e9e des champions aux tirs au but gr\u00e2ce \u00e0 un \u00e9norme Chevalier\" class=\"internal_link\" target=\"_blank\" rel=\"noopener\">son titre renversant face \u00e0 l\u2019Olympique de Marseille lors du Troph\u00e9e des Champions<\/a>, le PSG encha\u00eene avec un nouveau match couperet ce soir.<\/p>\n<p>Un choc pour commencer la semaine!<\/p>\n<p>Bonsoir \u00e0 toutes et \u00e0 tous, bienvenue sur le direct comment\u00e9 du 16e de finale de la Coupe de France entre le Paris Saint-Germain et le Paris FC!<\/p>\n<p>Une semaine apr\u00e8s un premier derby en Ligue 1, les deux clubs de la capitale se retrouvent cette fois pour un match couperet. Suivez cette rencontre en direct sur le site ou l\u2019application RMC Sport. Coup d\u2019envoi \u00e0 21h10!<\/p>\n","protected":false},"excerpt":{"rendered":"Une place pour les huiti\u00e8mes \u00e0 aller chercher! C&rsquo;est parti pour la seconde p\u00e9riode de PSG-PFC! La fin&hellip;\n","protected":false},"author":2,"featured_media":5765,"comment_status":"","ping_status":"","sticky":false,"template":"","format":"standard","meta":{"footnotes":""},"categories":[1888],"tags":[11,1777,674,1011,27,12,626,25],"class_list":{"0":"post-659203","1":"post","2":"type-post","3":"status-publish","4":"format-standard","5":"has-post-thumbnail","7":"category-paris","8":"tag-actualites","9":"tag-eu","10":"tag-europe","11":"tag-fr","12":"tag-france","13":"tag-news","14":"tag-paris","15":"tag-republique-francaise"},"share_on_mastodon":{"url":"https:\/\/pubeurope.com\/@fr\/115884200121410716","error":""},"_links":{"self":[{"href":"https:\/\/www.europesays.com\/fr\/wp-json\/wp\/v2\/posts\/659203","targetHints":{"allow":["GET"]}}],"collection":[{"href":"https:\/\/www.europesays.com\/fr\/wp-json\/wp\/v2\/posts"}],"about":[{"href":"https:\/\/www.europesays.com\/fr\/wp-json\/wp\/v2\/types\/post"}],"author":[{"embeddable":true,"href":"https:\/\/www.europesays.com\/fr\/wp-json\/wp\/v2\/users\/2"}],"replies":[{"embeddable":true,"href":"https:\/\/www.europesays.com\/fr\/wp-json\/wp\/v2\/comments?post=659203"}],"version-history":[{"count":0,"href":"https:\/\/www.europesays.com\/fr\/wp-json\/wp\/v2\/posts\/659203\/revisions"}],"wp:featuredmedia":[{"embeddable":true,"href":"https:\/\/www.europesays.com\/fr\/wp-json\/wp\/v2\/media\/5765"}],"wp:attachment":[{"href":"https:\/\/www.europesays.com\/fr\/wp-json\/wp\/v2\/media?parent=659203"}],"wp:term":[{"taxonomy":"category","embeddable":true,"href":"https:\/\/www.europesays.com\/fr\/wp-json\/wp\/v2\/categories?post=659203"},{"taxonomy":"post_tag","embeddable":true,"href":"https:\/\/www.europesays.com\/fr\/wp-json\/wp\/v2\/tags?post=659203"}],"curies":[{"name":"wp","href":"https:\/\/api.w.org\/{rel}","templated":true}]}}