{"id":659208,"date":"2026-01-12T21:17:11","date_gmt":"2026-01-12T21:17:11","guid":{"rendered":"https:\/\/www.europesays.com\/fr\/659208\/"},"modified":"2026-01-12T21:17:11","modified_gmt":"2026-01-12T21:17:11","slug":"pourquoi-donald-trump-craint-la-prochaine-decision-de-la-cour-supreme","status":"publish","type":"post","link":"https:\/\/www.europesays.com\/fr\/659208\/","title":{"rendered":"pourquoi Donald Trump craint la prochaine d\u00e9cision de la Cour supr\u00eame\u00a0?"},"content":{"rendered":"<p>Dans une telle \u00e9ventualit\u00e9, le gouvernement am\u00e9ricain serait dans l\u2019obligation de rembourser \u00ab\u00a0des centaines de milliards de dollars\u00a0\u00bb aux entreprises am\u00e9ricaines, a affirm\u00e9 Donald Trump sur sa plateforme Truth Social.<\/p>\n<p>\u00ab\u00a0Sans m\u00eame compter\u00a0\u00bb ce que les pays et entreprises pourraient demander pour compenser \u00ab\u00a0les investissements qu\u2019ils r\u00e9alisent pour \u00e9viter\u00a0\u00bb ces surtaxes, qui se montent \u00e0 \u00ab\u00a0des milliers de milliards\u00a0\u00bb, selon lui.<\/p>\n<p>\u00ab\u00a0Pas en capacit\u00e9 de rembourser\u00a0\u00bb<\/p>\n<p>\u00ab\u00a0NOUS SOMMES FICHUS\u00a0!\u00a0\u00bb si un tel sc\u00e9nario devait se mat\u00e9rialiser, a assur\u00e9 le pr\u00e9sident am\u00e9ricain, car \u00ab\u00a0ce serait un d\u00e9sordre pas possible et notre pays ne serait pas en capacit\u00e9 de rembourser\u00a0\u00bb ces sommes.<\/p>\n<p>\u00ab\u00a0Ceux qui pr\u00e9tendent que cela se ferait rapidement et simplement ne feraient qu\u2019apporter une r\u00e9ponse fausse, incomprise et non pr\u00e9cise face \u00e0 cette \u00e9norme et complexe question. [\u2026] Cela prendrait de nombreuses ann\u00e9es simplement pour d\u00e9terminer le montant\u00a0\u00bb, a insist\u00e9 Donald Trump.<\/p>\n<p>La Cour supr\u00eame doit se prononcer sur la constitutionnalit\u00e9 des droits de douane improprement pr\u00e9sent\u00e9s par Donald Trump comme \u00e9tant \u00ab\u00a0r\u00e9ciproque\u00a0\u00bb, une d\u00e9cision qui peut d\u00e9sormais tomber \u00e0 tout moment. Ils avaient \u00e9t\u00e9 annonc\u00e9s en avril dernier, avec la pr\u00e9sentation d\u2019un tableau repr\u00e9sentant les diff\u00e9rents taux appliqu\u00e9s selon l\u2019origine des produits.<\/p>\n<p>Ils visaient th\u00e9oriquement les pays avec lesquels les \u00c9tats-Unis \u00e9taient confront\u00e9s \u00e0 un d\u00e9ficit commercial, \u00e9tant pr\u00e9sent\u00e9s par le pr\u00e9sident am\u00e9ricain comme un outil pour les r\u00e9\u00e9quilibrer, mais aussi apporter des ressources suppl\u00e9mentaires \u00e0 l\u2019\u00c9tat f\u00e9d\u00e9ral alors m\u00eame que Donald Trump souhaitait alors abaisser les imp\u00f4ts dans le pays.<\/p>\n<p>L\u2019imp\u00f4t, une pr\u00e9rogative du Congr\u00e8s<\/p>\n<p>Mais plusieurs \u00c9tats am\u00e9ricains dirig\u00e9s par les d\u00e9mocrates ainsi que des petites entreprises ont estim\u00e9 que Donald Trump avait outrepass\u00e9 ses pouvoirs en imposant ces droits de douane sur l\u2019ensemble des biens, ce dernier utilisant l\u2019argument de la s\u00e9curit\u00e9 nationale pour les justifier.<\/p>\n<p>Des juridictions f\u00e9d\u00e9rales ont entendu les arguments des plaignants, estimant que ces droits de douane indiscrimin\u00e9s d\u00e9passaient le pouvoir du pr\u00e9sident des \u00c9tats-Unis, l\u2019imp\u00f4t restant une pr\u00e9rogative du Congr\u00e8s, tout en refusant d\u2019annuler les droits de douane tant que les recours du gouvernement n\u2019\u00e9taient pas \u00e9puis\u00e9s.<\/p>\n","protected":false},"excerpt":{"rendered":"Dans une telle \u00e9ventualit\u00e9, le gouvernement am\u00e9ricain serait dans l\u2019obligation de rembourser \u00ab\u00a0des centaines de milliards de dollars\u00a0\u00bb&hellip;\n","protected":false},"author":2,"featured_media":659209,"comment_status":"","ping_status":"","sticky":false,"template":"","format":"standard","meta":{"footnotes":""},"categories":[1589],"tags":[11,73,1866,12,1864,1865,1863,308],"class_list":{"0":"post-659208","1":"post","2":"type-post","3":"status-publish","4":"format-standard","5":"has-post-thumbnail","7":"category-etats-unis","8":"tag-actualites","9":"tag-etats-unis","10":"tag-etats-unis-damerique","11":"tag-news","12":"tag-united-states","13":"tag-united-states-of-america","14":"tag-us","15":"tag-usa"},"share_on_mastodon":{"url":"https:\/\/pubeurope.com\/@fr\/115884211807718357","error":""},"_links":{"self":[{"href":"https:\/\/www.europesays.com\/fr\/wp-json\/wp\/v2\/posts\/659208","targetHints":{"allow":["GET"]}}],"collection":[{"href":"https:\/\/www.europesays.com\/fr\/wp-json\/wp\/v2\/posts"}],"about":[{"href":"https:\/\/www.europesays.com\/fr\/wp-json\/wp\/v2\/types\/post"}],"author":[{"embeddable":true,"href":"https:\/\/www.europesays.com\/fr\/wp-json\/wp\/v2\/users\/2"}],"replies":[{"embeddable":true,"href":"https:\/\/www.europesays.com\/fr\/wp-json\/wp\/v2\/comments?post=659208"}],"version-history":[{"count":0,"href":"https:\/\/www.europesays.com\/fr\/wp-json\/wp\/v2\/posts\/659208\/revisions"}],"wp:featuredmedia":[{"embeddable":true,"href":"https:\/\/www.europesays.com\/fr\/wp-json\/wp\/v2\/media\/659209"}],"wp:attachment":[{"href":"https:\/\/www.europesays.com\/fr\/wp-json\/wp\/v2\/media?parent=659208"}],"wp:term":[{"taxonomy":"category","embeddable":true,"href":"https:\/\/www.europesays.com\/fr\/wp-json\/wp\/v2\/categories?post=659208"},{"taxonomy":"post_tag","embeddable":true,"href":"https:\/\/www.europesays.com\/fr\/wp-json\/wp\/v2\/tags?post=659208"}],"curies":[{"name":"wp","href":"https:\/\/api.w.org\/{rel}","templated":true}]}}