{"id":659210,"date":"2026-01-12T21:18:17","date_gmt":"2026-01-12T21:18:17","guid":{"rendered":"https:\/\/www.europesays.com\/fr\/659210\/"},"modified":"2026-01-12T21:18:17","modified_gmt":"2026-01-12T21:18:17","slug":"meghan-markle-sur-le-point-de-faire-son-grand-retour-au-royaume-uni-voici-ou-et-quand-cela-pourrait-se-produire-les-preparatifs-vont-bon-train","status":"publish","type":"post","link":"https:\/\/www.europesays.com\/fr\/659210\/","title":{"rendered":"Meghan Markle sur le point de faire son grand retour au Royaume-Uni\u00a0? Voici o\u00f9 et quand cela pourrait se produire\u00a0: \u00ab\u00a0Les pr\u00e9paratifs vont bon train\u00a0\u00bb"},"content":{"rendered":"<p>Meghan Markle en juillet en Angleterre ?<\/p>\n<p class=\"ap-StoryElement ap-StoryElement--mb ap-StoryText\">Le journal britannique r\u00e9v\u00e8le que le d\u00e9placement pourrait avoir lieu au cours de l&rsquo;\u00e9t\u00e9 du c\u00f4t\u00e9 de <b>Birmingham<\/b>. Le prince Harry a pr\u00e9vu de s&rsquo;y rendre le 10 juillet prochain pour un \u00e9v\u00e8nement bien particulier : les <b>Invictus Games<\/b>. La m\u00e8re de ses enfants pourrait donc se joindre \u00e0 lui.<\/p>\n<p><a href=\"https:\/\/www.parismatch.be\/actualites\/people\/2026\/01\/12\/prince-harry-lex-compagne-de-lepoux-de-meghan-markle-arretee-par-la-police-voici-pourquoi-QMNJVQLJ3RHUXMC5HMMFFOAUCY\/\" target=\"_self\" class=\"ap-StoryInterstitialLink ap-StoryElement ap-StoryElement--mb\" rel=\"noopener\">Prince Harry : l&rsquo;ex-compagne de l&rsquo;\u00e9poux de Meghan Markle arr\u00eat\u00e9e par la police, voici pourquoi<\/a><\/p>\n<p class=\"ap-StoryElement ap-StoryElement--mb ap-StoryText\">La participation de Meghan Markle \u00e0 la comp\u00e9tition sportive pour les bless\u00e9s de guerre et personnes \u00e0 mobilit\u00e9 r\u00e9duite n&rsquo;est cependant pas encore assur\u00e9e. Une source interrog\u00e9e par nos confr\u00e8res indique qu&rsquo;une condition devra imp\u00e9rativement \u00eatre remplie. \u00ab\u00a0La <b>s\u00e9curit\u00e9 <\/b>sera toujours le facteur d\u00e9terminant dans cette affaire\u00a0\u00bb, pr\u00e9cise-t-elle en \u00e9voquant un syst\u00e8me de protection qui devra \u00eatre mis en place. \u00ab\u00a0Les pr\u00e9paratifs vont bon train\u00a0\u00bb, conclut-elle sur une note d&rsquo;espoir.<\/p>\n","protected":false},"excerpt":{"rendered":"Meghan Markle en juillet en Angleterre ? Le journal britannique r\u00e9v\u00e8le que le d\u00e9placement pourrait avoir lieu au&hellip;\n","protected":false},"author":2,"featured_media":659211,"comment_status":"","ping_status":"","sticky":false,"template":"","format":"standard","meta":{"footnotes":""},"categories":[1588],"tags":[11,972,1777,674,12,973,473,1853,971,1851,1850,1852],"class_list":{"0":"post-659210","1":"post","2":"type-post","3":"status-publish","4":"format-standard","5":"has-post-thumbnail","7":"category-royaume-uni","8":"tag-actualites","9":"tag-celebrite","10":"tag-eu","11":"tag-europe","12":"tag-news","13":"tag-people","14":"tag-royaume-uni","15":"tag-royaume-uni-de-grande-bretagne-et-dirlande-du-nord","16":"tag-royaute","17":"tag-uk","18":"tag-united-kingdom","19":"tag-united-kingdom-of-great-britain-and-northern-ireland"},"share_on_mastodon":{"url":"https:\/\/pubeurope.com\/@fr\/115884215755720838","error":""},"_links":{"self":[{"href":"https:\/\/www.europesays.com\/fr\/wp-json\/wp\/v2\/posts\/659210","targetHints":{"allow":["GET"]}}],"collection":[{"href":"https:\/\/www.europesays.com\/fr\/wp-json\/wp\/v2\/posts"}],"about":[{"href":"https:\/\/www.europesays.com\/fr\/wp-json\/wp\/v2\/types\/post"}],"author":[{"embeddable":true,"href":"https:\/\/www.europesays.com\/fr\/wp-json\/wp\/v2\/users\/2"}],"replies":[{"embeddable":true,"href":"https:\/\/www.europesays.com\/fr\/wp-json\/wp\/v2\/comments?post=659210"}],"version-history":[{"count":0,"href":"https:\/\/www.europesays.com\/fr\/wp-json\/wp\/v2\/posts\/659210\/revisions"}],"wp:featuredmedia":[{"embeddable":true,"href":"https:\/\/www.europesays.com\/fr\/wp-json\/wp\/v2\/media\/659211"}],"wp:attachment":[{"href":"https:\/\/www.europesays.com\/fr\/wp-json\/wp\/v2\/media?parent=659210"}],"wp:term":[{"taxonomy":"category","embeddable":true,"href":"https:\/\/www.europesays.com\/fr\/wp-json\/wp\/v2\/categories?post=659210"},{"taxonomy":"post_tag","embeddable":true,"href":"https:\/\/www.europesays.com\/fr\/wp-json\/wp\/v2\/tags?post=659210"}],"curies":[{"name":"wp","href":"https:\/\/api.w.org\/{rel}","templated":true}]}}