{"id":659217,"date":"2026-01-12T21:22:23","date_gmt":"2026-01-12T21:22:23","guid":{"rendered":"https:\/\/www.europesays.com\/fr\/659217\/"},"modified":"2026-01-12T21:22:23","modified_gmt":"2026-01-12T21:22:23","slug":"lemulation-et-lexperience-les-secrets-du-retour-des-succes-bleus-sur-les-pistes-lequipe","status":"publish","type":"post","link":"https:\/\/www.europesays.com\/fr\/659217\/","title":{"rendered":"L&#039;\u00e9mulation et l&#039;exp\u00e9rience, les secrets du retour des succ\u00e8s bleus sur les pistes &#8211; L&#039;\u00c9quipe"},"content":{"rendered":"<ol>\n<li><a href=\"https:\/\/news.google.com\/rss\/articles\/CBMixgFBVV95cUxONl9CbzRsRUNEV3YyVjZ4OFpnV21Xc1pnaXdyandEaEJxcFIyTjNCMDh1Rk1Lakp3TnNPSldub191VlhOLTk2ZFdRRVY5X1o3ZE9YaU1JZ1BQOXhneTZwenNvTjVHZDgyTXVaRi1KNEFwT2JkbU0weUgwTVZNX2pCcG54STVwZlFCQ3NYY0VFUUp4eDgxeVRBRU9GV1dQQmNTM1ZaM3BZS29DVnA0R2FYNWdvakVmOFBZcWFBNEswcnVCQVJUNXc?oc=5\" target=\"_blank\" rel=\"noopener\">L&rsquo;\u00e9mulation et l&rsquo;exp\u00e9rience, les secrets du retour des succ\u00e8s bleus sur les pistes<\/a>&nbsp;&nbsp;L&rsquo;\u00c9quipe<\/li>\n<li><a href=\"https:\/\/news.google.com\/rss\/articles\/CBMiuAJBVV95cUxOX1M0eFFqZjZwTGtCeGJILXRSRUExLTRfNVBtUnBvTjJGZmo1WDRXMkhfV0xPdXZrR0dFMzQ5eU5ZMWNfLXJBMDdxSXV5eEZVUktObXV2NFRmNzBzLXJkeEp0eEFyTF9zc2d5aElUUE8tZC1HczYycGtLN3FfNEw0SnMyUWlSSjk5RG11V2lVSldOM09kckg3Z1AxZlBhdU5ydU11UUllSjBibWZVOVIwRXkwWXlNN0tKdVJaZ1Roay03c1hJbnhJbEdJbFZ5cWlQdWpVWEVEOWRuNXNyck1lSWx1V0dkcV9aQ0h5Wi1oN3VCS2lmUnRJNDNBMzhoSk92NEwxMk9XSWMxTjNEclc4X1gtWE53QzFiaUJGY3lBNGw3V3FFQWg5VE5zeTlWMm43SEc5MlYtUHA?oc=5\" target=\"_blank\" rel=\"noopener\">\u00ab Si on lui avait dit \u00e7a il y a deux mois, il nous aurait pris pour des fous \u00bb : vainqueur pour la deuxi\u00e8me fois en Coupe du monde, Paco Rassat met la barre de plus en plus haut<\/a>&nbsp;&nbsp;L&rsquo;\u00c9quipe<\/li>\n<li><a href=\"https:\/\/news.google.com\/rss\/articles\/CBMihgJBVV95cUxOc0JnNG5HSWNjMW0zLVJ4ZzZhMVhkRWt1NGNrdHoyUkRuRFVjRDNqNVN4azJqSmVxOHhjWlR6Um1fbkVQdEFLRnN6ZTQzY0o0c20yWk8xaWpqNTgwOG9TUWRwTGM1M3MtSVhGSXI2Zzk0YTNsMXVVd1l1bTVwNEZTbkZ5ZUhiUlZCeXJ1eWhlRDltTHdRZUVnUlVrcHdGclBmRGowVHEwQTBfMlp2TXhSWXgtRnJfNGRSaXZtN2ZVX3NoRTYxOTlPeEl2X1lMaTlFckJ0R3VuaG91YzNtRDdSQlpuSVpULXdoQVI0M0VLc2Z6SmsxeklUeUdQSmdBT2JIQUMtNmJ3?oc=5\" target=\"_blank\" rel=\"noopener\">\u00ab\u00a0On se pousse vers le haut\u00a0\u00bb : Les Bleus surfent sur une vague riche de promesses<\/a>&nbsp;&nbsp;Eurosport<\/li>\n<li><a href=\"https:\/\/news.google.com\/rss\/articles\/CBMitAFBVV95cUxNQ2haZ2dlMEVEOFZrSjFiV1VkME1LcElkTXZ2TV9WSWo0U2V3aU5NME96b1JPOUVHWkxiWDZXTWhDMXZaOU9TTklXdldnRWZqRjVJTjBtUjlMTjRNM3JiOVJGQlhqUmxpZU45ekxaM2E2dHl4bUo4VEhvZGNtOHlwT1pmQ2xtZ2tKN1dJTGNBaGlJLU1rN1lUU09QXzZOUmozOHNPRVF2VnpUZ0RpTjFiVDM1LWI?oc=5\" target=\"_blank\" rel=\"noopener\">Paco Rassat intouchable en slalom \u00e0 un mois des JO<\/a>&nbsp;&nbsp;20 Minutes<\/li>\n<li><a href=\"https:\/\/news.google.com\/rss\/articles\/CBMiogFBVV95cUxPY0xMQW5GV0ZoNFNqa08wa1ZHZ05KQ3NGSWJhVTRaWks4LUVPSjJuWmMyZE9ERGl1NzFaendMb1pxZFVCdHU0RFRKdDdaT1B0Q3FYYUpGWHRzLWoxTm1SOC1SZHlDR2pYSUhlT0ZtcU1NU2o3NlIwSkNKaC1udHRhOVNXX2xmWDJpbTRWZ25OWkdOcU11Z3NVdzU0cWpaeldCWGc?oc=5\" target=\"_blank\" rel=\"noopener\">\u00ab Il est de plus en plus calme \u00bb : le technicien de Paco Rassat raconte le h\u00e9ros d&rsquo;Adelboden<\/a>&nbsp;&nbsp;Le Dauphin\u00e9 Lib\u00e9r\u00e9<\/li>\n<\/ol>\n","protected":false},"excerpt":{"rendered":"L&rsquo;\u00e9mulation et l&rsquo;exp\u00e9rience, les secrets du retour des succ\u00e8s bleus sur les pistes&nbsp;&nbsp;L&rsquo;\u00c9quipe \u00ab Si on lui avait&hellip;\n","protected":false},"author":2,"featured_media":659218,"comment_status":"","ping_status":"","sticky":false,"template":"","format":"standard","meta":{"footnotes":""},"categories":[2],"tags":[11,1011,27,12,25],"class_list":{"0":"post-659217","1":"post","2":"type-post","3":"status-publish","4":"format-standard","5":"has-post-thumbnail","7":"category-actualites","8":"tag-actualites","9":"tag-fr","10":"tag-france","11":"tag-news","12":"tag-republique-francaise"},"share_on_mastodon":{"url":"https:\/\/pubeurope.com\/@fr\/115884231499145835","error":""},"_links":{"self":[{"href":"https:\/\/www.europesays.com\/fr\/wp-json\/wp\/v2\/posts\/659217","targetHints":{"allow":["GET"]}}],"collection":[{"href":"https:\/\/www.europesays.com\/fr\/wp-json\/wp\/v2\/posts"}],"about":[{"href":"https:\/\/www.europesays.com\/fr\/wp-json\/wp\/v2\/types\/post"}],"author":[{"embeddable":true,"href":"https:\/\/www.europesays.com\/fr\/wp-json\/wp\/v2\/users\/2"}],"replies":[{"embeddable":true,"href":"https:\/\/www.europesays.com\/fr\/wp-json\/wp\/v2\/comments?post=659217"}],"version-history":[{"count":0,"href":"https:\/\/www.europesays.com\/fr\/wp-json\/wp\/v2\/posts\/659217\/revisions"}],"wp:featuredmedia":[{"embeddable":true,"href":"https:\/\/www.europesays.com\/fr\/wp-json\/wp\/v2\/media\/659218"}],"wp:attachment":[{"href":"https:\/\/www.europesays.com\/fr\/wp-json\/wp\/v2\/media?parent=659217"}],"wp:term":[{"taxonomy":"category","embeddable":true,"href":"https:\/\/www.europesays.com\/fr\/wp-json\/wp\/v2\/categories?post=659217"},{"taxonomy":"post_tag","embeddable":true,"href":"https:\/\/www.europesays.com\/fr\/wp-json\/wp\/v2\/tags?post=659217"}],"curies":[{"name":"wp","href":"https:\/\/api.w.org\/{rel}","templated":true}]}}